{"id":16275,"date":"2025-07-06T18:03:45","date_gmt":"2025-07-06T22:03:45","guid":{"rendered":"https:\/\/agromt.news\/?p=16275"},"modified":"2025-07-06T18:03:45","modified_gmt":"2025-07-06T22:03:45","slug":"nova-frente-fria-traz-dia-gelado-chuva-e-geada-veja-previsao-do-tempo","status":"publish","type":"post","link":"https:\/\/agromt.news\/?p=16275","title":{"rendered":"Nova frente fria traz dia gelado, chuva e geada; veja previs\u00e3o do tempo"},"content":{"rendered":"<p> <br \/>\n<br \/><img decoding=\"async\" src=\"https:\/\/agromt.news\/wp-content\/uploads\/2025\/03\/Chuvas-podem-alcancar-os-100-mm-nas-proximas-24-horas.jpg\" \/><\/p>\n<div>\n<p>A segunda-feira (7) ser\u00e1 marcada por mudan\u00e7as significativas no tempo Brasil afora, segundo an\u00e1lise dos meteorologistas da <strong><a href=\"https:\/\/www.canalrural.com.br\/autor\/climatempo\/\">Climatempo<\/a><\/strong>. Confira como ficam as condi\u00e7\u00f5es do tempo e a possibilidade de chuva em cada regi\u00e3o do pa\u00eds.<\/p>\n<h2 class=\"wp-block-heading\" id=\"h-sul-dia-gelado-e-muita-chuva\">Sul: dia gelado e muita chuva<\/h2>\n<p>Uma nova frente fria se aproxima do Rio Grande do Sul, elevando a umidade e estimulando a forma\u00e7\u00e3o de nuvens de chuva, principalmente em \u00e1reas de fronteira com o Uruguai.<\/p>\n<p>O sol ainda aparece pela manh\u00e3, mas h\u00e1 previs\u00e3o de <strong>chuva moderada a forte<\/strong> no per\u00edodo da tarde em cidades como Uruguaiana e no extremo oeste ga\u00facho. Apesar da instabilidade, o dia come\u00e7a gelado, com possibilidade de <strong>geada<\/strong> na Serra do Rio Grande do Sul e em trechos da Serra de Santa Catarina.<\/p>\n<p>A combina\u00e7\u00e3o de <strong>umidade, tempo mais aberto e temperaturas baixas<\/strong> aumenta as chances de forma\u00e7\u00e3o de nevoeiro no Sul, especialmente no sul ga\u00facho, Grande Porto Alegre, sul do Paran\u00e1 e na capital Curitiba, reduzindo a visibilidade durante as primeiras horas do dia. No restante do Sul, incluindo as capitais, o tempo fica firme ao longo do dia.<\/p>\n<h3 class=\"wp-block-heading\" id=\"h-sudeste-frio-pela-manha-e-tempo-seco-no-interior\">Sudeste: frio pela manh\u00e3 e tempo seco no interior<\/h3>\n<p>No Sudeste, o <strong>transporte de umidade do oceano<\/strong> mant\u00e9m o c\u00e9u com mais nuvens e chuva fraca no litoral de S\u00e3o Paulo e do Rio de Janeiro. O amanhecer continua frio, com possibilidade de <strong>geada fraca e pontual<\/strong> no Vale do Para\u00edba e na Serra da Mantiqueira.<\/p>\n<p>H\u00e1 previs\u00e3o de <strong>nevoeiro<\/strong> na Grande S\u00e3o Paulo, Campinas, Sorocaba, capital fluminense e Zona da Mata mineira. Mesmo assim, grande parte da regi\u00e3o come\u00e7a a semana com sol entre nuvens e sem previs\u00e3o de chuva. <\/p>\n<\/div>\n<div>\n<p>\u00c0 tarde, as temperaturas ficam amenas na capital paulista, enquanto o <strong>ar seco predomina no norte de S\u00e3o Paulo Tri\u00e2ngulo Mineiro e noroeste de Minas Gerais<\/strong>.<\/p>\n<h3 class=\"wp-block-heading\" id=\"h-centro-oeste-calor-intenso-e-ar-seco\">Centro-Oeste: calor intenso e ar seco<\/h3>\n<p>No Centro-Oeste, a previs\u00e3o indica <strong>calor intenso e tempo seco<\/strong> em todo o territ\u00f3rio. <\/p>\n<p>A tarde ser\u00e1 ensolarada e a umidade relativa do ar deve ficar abaixo de <strong>30%<\/strong> desde o norte de Mato Grosso do Sul at\u00e9 o norte de Mato Grosso. <\/p>\n<p>Em Cuiab\u00e1, Goi\u00e2nia e Bras\u00edlia, a qualidade do ar pode ficar prejudicada por causa da baixa umidade.<\/p>\n<h3 class=\"wp-block-heading\" id=\"h-norte-e-nordeste-alerta-para-temporais-e-chuvas-fortes\">Norte e Nordeste: alerta para temporais e chuvas fortes<\/h3>\n<p>No Norte, o alerta \u00e9 para <strong>temporais<\/strong> no Amazonas e em Roraima. Cidades como Manaus, Bel\u00e9m e Macap\u00e1 come\u00e7am a semana com tempo abafado e possibilidade de pancadas de chuva fortes.<\/p>\n<p>No Nordeste, a <strong>infiltra\u00e7\u00e3o mar\u00edtima<\/strong> mant\u00e9m o tempo nublado e com chuva a qualquer hora do dia entre o litoral norte da Bahia e Sergipe, incluindo Salvador, que pode registrar <strong>pancadas mais intensas<\/strong>. Entre Alagoas e Rio Grande do Norte, a chuva ocorre de forma mais isolada, mas pode ter intensidade moderada a forte.<\/p>\n<div data-icp-cta=\"1\" id=\"icp-cta-unique\">Voc\u00ea quer entender como usar o clima a seu favor?<b> <\/b><a href=\"https:\/\/climacampo.canalrural.com.br\/climacampo_-01\">Preparamos um e-book exclusivo<\/a> para ajudar produtores rurais a se antecipar \u00e0s mudan\u00e7as do tempo e planejar melhor suas a\u00e7\u00f5es. Com base em previs\u00f5es meteorol\u00f3gicas confi\u00e1veis, ele oferece orienta\u00e7\u00f5es pr\u00e1ticas para proteger sua lavoura e otimizar seus resultados.<\/div>\n<\/div>\n<p><br \/>\n<br \/><a href=\"https:\/\/www.canalrural.com.br\/tempo\/nova-frente-fria-traz-dia-gelado-chuva-e-geada-veja-previsao-do-tempo\/\">Source link <\/a><\/p>\n","protected":false},"excerpt":{"rendered":"<p>A segunda-feira (7) ser\u00e1 marcada por mudan\u00e7as significativas no tempo Brasil afora, segundo an\u00e1lise dos meteorologistas da Climatempo. Confira como<\/p>\n","protected":false},"author":1,"featured_media":10576,"comment_status":"open","ping_status":"open","sticky":false,"template":"","format":"standard","meta":{"_monsterinsights_skip_tracking":false,"_monsterinsights_sitenote_active":false,"_monsterinsights_sitenote_note":"","_monsterinsights_sitenote_category":0,"_uf_show_specific_survey":0,"_uf_disable_surveys":false,"footnotes":""},"categories":[1],"tags":[],"class_list":["post-16275","post","type-post","status-publish","format-standard","has-post-thumbnail","hentry","category-news"],"_links":{"self":[{"href":"https:\/\/agromt.news\/index.php?rest_route=\/wp\/v2\/posts\/16275"}],"collection":[{"href":"https:\/\/agromt.news\/index.php?rest_route=\/wp\/v2\/posts"}],"about":[{"href":"https:\/\/agromt.news\/index.php?rest_route=\/wp\/v2\/types\/post"}],"author":[{"embeddable":true,"href":"https:\/\/agromt.news\/index.php?rest_route=\/wp\/v2\/users\/1"}],"replies":[{"embeddable":true,"href":"https:\/\/agromt.news\/index.php?rest_route=%2Fwp%2Fv2%2Fcomments&post=16275"}],"version-history":[{"count":0,"href":"https:\/\/agromt.news\/index.php?rest_route=\/wp\/v2\/posts\/16275\/revisions"}],"wp:featuredmedia":[{"embeddable":true,"href":"https:\/\/agromt.news\/index.php?rest_route=\/wp\/v2\/media\/10576"}],"wp:attachment":[{"href":"https:\/\/agromt.news\/index.php?rest_route=%2Fwp%2Fv2%2Fmedia&parent=16275"}],"wp:term":[{"taxonomy":"category","embeddable":true,"href":"https:\/\/agromt.news\/index.php?rest_route=%2Fwp%2Fv2%2Fcategories&post=16275"},{"taxonomy":"post_tag","embeddable":true,"href":"https:\/\/agromt.news\/index.php?rest_route=%2Fwp%2Fv2%2Ftags&post=16275"}],"curies":[{"name":"wp","href":"https:\/\/api.w.org\/{rel}","templated":true}]}}