{"id":16271,"date":"2025-07-06T17:04:36","date_gmt":"2025-07-06T21:04:36","guid":{"rendered":"https:\/\/agromt.news\/?p=16271"},"modified":"2025-07-06T17:04:36","modified_gmt":"2025-07-06T21:04:36","slug":"financiamento-climatico-e-responsabilidade-de-paises-ricos","status":"publish","type":"post","link":"https:\/\/agromt.news\/?p=16271","title":{"rendered":"&#8216;Financiamento clim\u00e1tico \u00e9 responsabilidade de pa\u00edses ricos&#8217;"},"content":{"rendered":"<p> <br \/>\n<br \/><img decoding=\"async\" src=\"https:\/\/agromt.news\/wp-content\/uploads\/2025\/07\/Financiamento-climatico-e-responsabilidade-de-paises-ricos.webp.webp\" \/><\/p>\n<div>\n<p>A declara\u00e7\u00e3o de l\u00edderes do Brics, divulgada na tarde deste domingo (6), traz 21 t\u00f3picos relacionados \u00e0s <strong><a href=\"https:\/\/www.canalrural.com.br\/sustentabilidade\/\">mudan\u00e7as clim\u00e1ticas<\/a><\/strong>. Entre os pontos defendidos pelos 11 pa\u00edses, est\u00e1 a vis\u00e3o de que o financiamento clim\u00e1tico \u00e9 responsabilidade das na\u00e7\u00f5es mais desenvolvidas do planeta.<\/p>\n<p>\u201cEnfatizamos que garantir a pa\u00edses em desenvolvimento financiamento clim\u00e1tico acess\u00edvel com a urg\u00eancia adequada e sob custos vi\u00e1veis \u00e9 essencial para facilitar trajet\u00f3rias de transi\u00e7\u00f5es justas que combinam a\u00e7\u00e3o clim\u00e1tica com desenvolvimento sustent\u00e1vel\u201d, informa o documento.<\/p>\n<p>Segundo a mensagem dos l\u00edderes do grupo, chamada de Declara\u00e7\u00e3o do Rio, a provis\u00e3o e mobiliza\u00e7\u00e3o de recursos sob a Conven\u00e7\u00e3o Quadro das Na\u00e7\u00f5es Unidas sobre Mudan\u00e7as Clim\u00e1ticas (UNFCCC) e o Acordo de Paris \u201c\u00e9 uma responsabilidade dos pa\u00edses desenvolvidos para com os pa\u00edses em desenvolvimento\u201d.<\/p>\n<p>O texto tamb\u00e9m convoca todos os pa\u00edses a honrarem seus compromissos com o Acordo de Paris e ampliarem seus esfor\u00e7os para combater as mudan\u00e7as clim\u00e1ticas. A declara\u00e7\u00e3o destaca que o grupo est\u00e1 determinado a liderar uma mobiliza\u00e7\u00e3o global por um sistema financeiro internacional mais justo e sustent\u00e1vel.<\/p>\n<p>Um dos pontos destacados \u00e9 a necessidade urgente de reformar a governan\u00e7a do Fundo Mundial para o Meio Ambiente (GEF), com representa\u00e7\u00e3o mais equilibrada e equitativa dos pa\u00edses em desenvolvimento.<\/p>\n<p>Em rela\u00e7\u00e3o \u00e0 defesa das florestas, o Brics encoraja pa\u00edses doadores a anunciarem contribui\u00e7\u00f5es ambiciosas para o Fundo Florestas Tropicais para Sempre (TFFF), que ser\u00e1 lan\u00e7ado na COP30.<\/p>\n<\/div>\n<div>\n<h2 class=\"wp-block-heading\" id=\"h-transicao-energetica-justa\">Transi\u00e7\u00e3o energ\u00e9tica justa<\/h2>\n<p>Integrado por alguns dos principais produtores de petr\u00f3leo do mundo, como Brasil, R\u00fassia, China, Ar\u00e1bia Saudita, Ir\u00e3 e Emirados \u00c1rabes, o Brics destaca que os combust\u00edveis f\u00f3sseis ainda t\u00eam papel importante na matriz energ\u00e9tica mundial.<\/p>\n<p>No entanto, eles reafirmam seu compromisso de garantir transi\u00e7\u00f5es energ\u00e9ticas justas e inclusivas, de acordo com as circunst\u00e2ncias nacionais, al\u00e9m de acesso universal a energia confi\u00e1vel, sustent\u00e1vel e a pre\u00e7o acess\u00edvel. Os combust\u00edveis de avia\u00e7\u00e3o sustent\u00e1veis (SAF) e com baixo carbono (LCAF) aparecem em destaque no texto.<\/p>\n<p>Pontos de preocupa\u00e7\u00e3o especial mencionados pelo Brics s\u00e3o a desertifica\u00e7\u00e3o, degrada\u00e7\u00e3o do solo, seca e polui\u00e7\u00e3o pl\u00e1stica.<\/p>\n<p>O documento tamb\u00e9m destaca algumas a\u00e7\u00f5es do grupo, com os Princ\u00edpios do Brics para Contabilidade de Carbono Justa, Inclusiva e Transparente; o Laborat\u00f3rio do Brics sobre Com\u00e9rcio, Mudan\u00e7a do Clima e Desenvolvimento Sustent\u00e1vel; e os Termos de Refer\u00eancia da Plataforma do Brics de Pesquisa Clim\u00e1tica.<\/p>\n<p>H\u00e1 tamb\u00e9m a rejei\u00e7\u00e3o a medidas protecionistas unilaterais, punitivas e discriminat\u00f3rias sob pretexto de preocupa\u00e7\u00f5es ambientais.<\/p>\n<p>O fortalecimento da coopera\u00e7\u00e3o na \u00e1rea de explora\u00e7\u00e3o espacial para fins pac\u00edficos e aproveitamento das ag\u00eancias espaciais para realizar exerc\u00edcio conjunto para apoiar a COP30 na UNFCCC.<\/p>\n<p>Em documento com os destaques da da declara\u00e7\u00e3o dos l\u00edderes, a organiza\u00e7\u00e3o da c\u00fapula do Brics no Rio de Janeiro destacou que \u201cnossa Declara\u00e7\u00e3o-Marco na \u00e1rea de clima lan\u00e7a um mapa do caminho para, nos pr\u00f3ximos cinco anos, transformar nossa capacidade de levantar recursos contra a mudan\u00e7a do clima. Com a escala coletiva do Brics, lutaremos contra a crise clim\u00e1tica deixando nossas economias mais fortes e mais justas\u201d<\/p>\n<\/p><\/div>\n<p><br \/>\n<br \/><a href=\"https:\/\/www.canalrural.com.br\/sustentabilidade\/brics-financiamento-climatico-e-responsabilidade-de-paises-ricos\/\">Source link <\/a><\/p>\n","protected":false},"excerpt":{"rendered":"<p>A declara\u00e7\u00e3o de l\u00edderes do Brics, divulgada na tarde deste domingo (6), traz 21 t\u00f3picos relacionados \u00e0s mudan\u00e7as clim\u00e1ticas. Entre<\/p>\n","protected":false},"author":1,"featured_media":16272,"comment_status":"open","ping_status":"open","sticky":false,"template":"","format":"standard","meta":{"_monsterinsights_skip_tracking":false,"_monsterinsights_sitenote_active":false,"_monsterinsights_sitenote_note":"","_monsterinsights_sitenote_category":0,"_uf_show_specific_survey":0,"_uf_disable_surveys":false,"footnotes":""},"categories":[1],"tags":[],"class_list":["post-16271","post","type-post","status-publish","format-standard","has-post-thumbnail","hentry","category-news"],"_links":{"self":[{"href":"https:\/\/agromt.news\/index.php?rest_route=\/wp\/v2\/posts\/16271"}],"collection":[{"href":"https:\/\/agromt.news\/index.php?rest_route=\/wp\/v2\/posts"}],"about":[{"href":"https:\/\/agromt.news\/index.php?rest_route=\/wp\/v2\/types\/post"}],"author":[{"embeddable":true,"href":"https:\/\/agromt.news\/index.php?rest_route=\/wp\/v2\/users\/1"}],"replies":[{"embeddable":true,"href":"https:\/\/agromt.news\/index.php?rest_route=%2Fwp%2Fv2%2Fcomments&post=16271"}],"version-history":[{"count":0,"href":"https:\/\/agromt.news\/index.php?rest_route=\/wp\/v2\/posts\/16271\/revisions"}],"wp:featuredmedia":[{"embeddable":true,"href":"https:\/\/agromt.news\/index.php?rest_route=\/wp\/v2\/media\/16272"}],"wp:attachment":[{"href":"https:\/\/agromt.news\/index.php?rest_route=%2Fwp%2Fv2%2Fmedia&parent=16271"}],"wp:term":[{"taxonomy":"category","embeddable":true,"href":"https:\/\/agromt.news\/index.php?rest_route=%2Fwp%2Fv2%2Fcategories&post=16271"},{"taxonomy":"post_tag","embeddable":true,"href":"https:\/\/agromt.news\/index.php?rest_route=%2Fwp%2Fv2%2Ftags&post=16271"}],"curies":[{"name":"wp","href":"https:\/\/api.w.org\/{rel}","templated":true}]}}