{"id":16270,"date":"2025-07-06T16:50:17","date_gmt":"2025-07-06T20:50:17","guid":{"rendered":"https:\/\/agromt.news\/?p=16270"},"modified":"2025-07-06T16:50:17","modified_gmt":"2025-07-06T20:50:17","slug":"favaro-diz-que-brics-sao-esperanca-de-volta-a-normalidade-no-comercio","status":"publish","type":"post","link":"https:\/\/agromt.news\/?p=16270","title":{"rendered":"F\u00e1varo diz que Brics s\u00e3o esperan\u00e7a de volta \u00e0 normalidade no com\u00e9rcio"},"content":{"rendered":"<p> <br \/>\n<br \/><img decoding=\"async\" src=\"https:\/\/agromt.news\/wp-content\/uploads\/2025\/07\/Selic-a-15-e-inadmissivel-diz-Carlos-Favaro.webp.webp\" \/><\/p>\n<div>\n<p>O ministro da Agricultura e Pecu\u00e1ria, Carlos F\u00e1varo, criticou neste domingo (6) medidas protecionistas adotadas pelos Estados Unidos contra parceiros comerciais. Durante reuni\u00e3o de c\u00fapula do <strong><a href=\"http:\/\/www.canalrural.com.br\/tag\/brics\/\">Brics<\/a><\/strong>, ele afirmou que o grupo de 11 pa\u00edses, em sua defesa do multilateralismo, \u00e9 uma esperan\u00e7a de retorno \u00e0 normalidade no com\u00e9rcio internacional.<\/p>\n<p>\u201cO mundo n\u00e3o precisa de supertaxa\u00e7\u00e3o, de protecionismo. Taxar a exporta\u00e7\u00e3o de alimentos \u00e9 taxar o combate \u00e0 fome, \u00e9 encarecer a comida no mundo. O Brics, que representa quase 50% da popula\u00e7\u00e3o mundial, ao ter um posicionamento a favor do multilateralismo, \u00e9 esperan\u00e7a que dias normais voltem a acontecer no com\u00e9rcio mundial\u201d, disse F\u00e1varo.<\/p>\n<p>O ministro afirmou que \u00e9 um contrassenso que os Estados Unidos, sob um governo \u201cdito liberal na economia\u201d, adote taxa\u00e7\u00f5es e medidas protecionistas.<\/p>\n<p>\u201cO Brasil, que tem um governo progressista, muito preocupado com o social, defende fortemente o multilateralismo, a n\u00e3o taxa\u00e7\u00e3o, o livre mercado. \u00c9 um rumo certo que o Brasil apresenta para o mundo, e o Brics \u00e9 uma plataforma fundamental para isso\u201d.<\/p>\n<h2 class=\"wp-block-heading\" id=\"h-gripe-aviaria\">Gripe avi\u00e1ria<\/h2>\n<p>F\u00e1varo falou ainda que o Brasil mostrou efici\u00eancia ao lidar com a ocorr\u00eancia de gripe avi\u00e1ria em uma granja do pa\u00eds. Segundo ele, o caso ficou contido em apenas um local, e somente 17 mil animais foram abatidos. Nos Estados Unidos, o ministro falou, foram 170 milh\u00f5es de abates por causa da doen\u00e7a.<\/p>\n<p>Apenas nove dos mais de 20 mercados estrangeiros que restringiram a compra do frango brasileiro depois da ocorr\u00eancia da gripe avi\u00e1ria no pa\u00eds ainda mant\u00eam seus embargos. Entre eles, est\u00e3o a Uni\u00e3o Europeia e a China.<\/p>\n<p>\u201cEu tive a oportunidade, durante a [reuni\u00e3o] bilateral do presidente Lula com o primeiro-ministro chin\u00eas, [de pedir] para que eles pudessem rever o posicionamento de restri\u00e7\u00e3o. Ele [o premi\u00ea] disse que j\u00e1 sabia do caso, e que eles est\u00e3o estudando os protocolos rapidamente para retomar a compra de frango brasileiro\u201d.<\/p>\n<p>As rela\u00e7\u00f5es possibilitadas pelo Brics tamb\u00e9m favoreceram, segundo F\u00e1varo, a abertura de mais um mercado para a carne bovina brasileira: a Indon\u00e9sia.<\/p>\n<\/div>\n<div>\n<p>\u201cTivemos a oportunidade de, ontem, embarcarmos a primeira carga de carne bovina brasileira para a Indon\u00e9sia, um mercado muito vantajoso, muito importante, e isso est\u00e1 gerando oportunidade para nossa agropecu\u00e1ria\u201d, disse.<\/p>\n<h2 class=\"wp-block-heading\" id=\"h-o-que-e-o-brics\">O que \u00e9 o Brics?<\/h2>\n<p>O grupo se define como um foro de articula\u00e7\u00e3o pol\u00edtico-diplom\u00e1tica de pa\u00edses que formam o chamado Sul Global, buscando coopera\u00e7\u00e3o internacional e o tratamento multilateral de temas globais.<\/p>\n<p>Al\u00e9m de buscar mais influ\u00eancia e equidade de seus integrantes em institui\u00e7\u00f5es como Organiza\u00e7\u00e3o das Na\u00e7\u00f5es Unidas (ONU), Fundo Monet\u00e1rio Internacional (FMI), Banco Mundial e Organiza\u00e7\u00e3o Mundial do Com\u00e9rcio (OMC), o Brics tem em seu radar a cria\u00e7\u00e3o de institui\u00e7\u00f5es voltadas para seus participantes, como o Novo Banco de Desenvolvimento, chamado de banco do Brics.<\/p>\n<p>Por n\u00e3o ser uma organiza\u00e7\u00e3o internacional, o Brics n\u00e3o tem um or\u00e7amento pr\u00f3prio ou secretariado permanente.<\/p>\n<blockquote class=\"wp-block-quote is-layout-flow wp-block-quote-is-layout-flow\">\n<blockquote class=\"wp-block-quote is-layout-flow wp-block-quote-is-layout-flow\"\/><\/blockquote>\n<h2 class=\"wp-block-heading\" id=\"h-quantos-paises-fazem-parte-do-brics\">Quantos pa\u00edses fazem parte do Brics?<\/h2>\n<p>Atualmente, o grupo conta com <strong>11 pa\u00edses-membros e dez pa\u00edses-parceiros.<\/strong><\/p>\n<p>Pa\u00edses-membros: <strong>\u00c1frica do Sul, Ar\u00e1bia Saudita, Brasil, China, Egito, Emirados \u00c1rabes Unidos, Eti\u00f3pia, Indon\u00e9sia, \u00cdndia, Ir\u00e3 e R\u00fassia<\/strong>.<\/p>\n<p>Pa\u00edses-parceiros: <strong>Belarus, Bol\u00edvia, Cazaquist\u00e3o, Cuba, Mal\u00e1sia, Nig\u00e9ria, Tail\u00e2ndia, Uganda, Uzbequist\u00e3o e Vietn\u00e3.<\/strong><\/p>\n<h2 class=\"wp-block-heading\" id=\"h-qual-a-diferenca-entre-pais-membro-e-pais-parceiro\">Qual a diferen\u00e7a entre pa\u00eds-membro e pa\u00eds-parceiro?<\/h2>\n<p>A modalidade pa\u00eds-parceiro foi criada durante a C\u00fapula de Kazan, na R\u00fassia, em outubro de 2024. Esses pa\u00edses s\u00e3o convidados a participar dos encontros e dos debates. A principal diferen\u00e7a entre as categorias \u00e9 que apenas os pa\u00edses-membros t\u00eam poder de delibera\u00e7\u00e3o, ou seja, votar nos encontros, por exemplo, para referendar a declara\u00e7\u00e3o final do grupo.<\/p>\n<\/p><\/div>\n<p><br \/>\n<br \/><a href=\"https:\/\/www.canalrural.com.br\/agricultura\/favaro-diz-que-brics-sao-esperanca-de-volta-a-normalidade-no-comercio\/\">Source link <\/a><\/p>\n","protected":false},"excerpt":{"rendered":"<p>O ministro da Agricultura e Pecu\u00e1ria, Carlos F\u00e1varo, criticou neste domingo (6) medidas protecionistas adotadas pelos Estados Unidos contra parceiros<\/p>\n","protected":false},"author":1,"featured_media":16110,"comment_status":"open","ping_status":"open","sticky":false,"template":"","format":"standard","meta":{"_monsterinsights_skip_tracking":false,"_monsterinsights_sitenote_active":false,"_monsterinsights_sitenote_note":"","_monsterinsights_sitenote_category":0,"_uf_show_specific_survey":0,"_uf_disable_surveys":false,"footnotes":""},"categories":[1],"tags":[],"class_list":["post-16270","post","type-post","status-publish","format-standard","has-post-thumbnail","hentry","category-news"],"_links":{"self":[{"href":"https:\/\/agromt.news\/index.php?rest_route=\/wp\/v2\/posts\/16270"}],"collection":[{"href":"https:\/\/agromt.news\/index.php?rest_route=\/wp\/v2\/posts"}],"about":[{"href":"https:\/\/agromt.news\/index.php?rest_route=\/wp\/v2\/types\/post"}],"author":[{"embeddable":true,"href":"https:\/\/agromt.news\/index.php?rest_route=\/wp\/v2\/users\/1"}],"replies":[{"embeddable":true,"href":"https:\/\/agromt.news\/index.php?rest_route=%2Fwp%2Fv2%2Fcomments&post=16270"}],"version-history":[{"count":0,"href":"https:\/\/agromt.news\/index.php?rest_route=\/wp\/v2\/posts\/16270\/revisions"}],"wp:featuredmedia":[{"embeddable":true,"href":"https:\/\/agromt.news\/index.php?rest_route=\/wp\/v2\/media\/16110"}],"wp:attachment":[{"href":"https:\/\/agromt.news\/index.php?rest_route=%2Fwp%2Fv2%2Fmedia&parent=16270"}],"wp:term":[{"taxonomy":"category","embeddable":true,"href":"https:\/\/agromt.news\/index.php?rest_route=%2Fwp%2Fv2%2Fcategories&post=16270"},{"taxonomy":"post_tag","embeddable":true,"href":"https:\/\/agromt.news\/index.php?rest_route=%2Fwp%2Fv2%2Ftags&post=16270"}],"curies":[{"name":"wp","href":"https:\/\/api.w.org\/{rel}","templated":true}]}}