{"id":16259,"date":"2025-07-06T10:53:21","date_gmt":"2025-07-06T14:53:21","guid":{"rendered":"https:\/\/agromt.news\/?p=16259"},"modified":"2025-07-06T10:53:21","modified_gmt":"2025-07-06T14:53:21","slug":"oleos-essenciais-sao-aliados-nao-so-para-pele-e-cabelo-mas-tambem-contra-fungos-em-frutas","status":"publish","type":"post","link":"https:\/\/agromt.news\/?p=16259","title":{"rendered":"\u00d3leos essenciais s\u00e3o aliados n\u00e3o s\u00f3 para pele e cabelo, mas tamb\u00e9m contra fungos em frutas"},"content":{"rendered":"<p> <br \/>\n<\/p>\n<div>\n<p>Os \u00f3leos essenciais, muito utilizados em cuidados da pele e do cabelo, tamb\u00e9m podem ser grandes aliados da fruticultura. Estudos realizados pela <a href=\"https:\/\/www.canalrural.com.br\/tag\/embrapa-meio-ambiente\/\">Embrapa Meio Ambiente<\/a> (SP) e pela Universidade Estadual de Campinas (<a href=\"https:\/\/www.canalrural.com.br\/tag\/unicamp\/\">Unicamp<\/a>) mostraram que extratos de algumas plantas podem inibir, com grande efici\u00eancia, fungos respons\u00e1veis por perdas p\u00f3s-colheita no mam\u00e3o e na laranja.<\/p>\n<p>Altamente perec\u00edvel, o mam\u00e3o pode perder at\u00e9 50% da produ\u00e7\u00e3o devido a doen\u00e7as f\u00fangicas que se manifestam ap\u00f3s a colheita, especialmente durante o transporte e o armazenamento. <\/p>\n<p>No caso das laranjas, as perdas chegam a 40%, segundo os pesquisadores. Frente \u00e0 limita\u00e7\u00e3o dos fungicidas sint\u00e9ticos que v\u00eam perdendo efic\u00e1cia com o uso continuado das mesmas mol\u00e9culas, al\u00e9m de levantarem preocupa\u00e7\u00f5es ambientais e de sa\u00fade, os \u00f3leos essenciais aparecem como solu\u00e7\u00e3o promissora.<\/p>\n<h3 class=\"wp-block-heading\" id=\"h-excelente-para-salvar-o-mamao-de-fungos\"><strong>Excelente para salvar o mam\u00e3o de fungos<\/strong><\/h3>\n<p>De acordo com a doutoranda da Unicamp Adriane da Silva, os testes revelaram que quatro desses \u00f3leos apresentaram forte a\u00e7\u00e3o inibit\u00f3ria contra os principais fungos associados \u00e0 deteriora\u00e7\u00e3o do mam\u00e3o, s\u00e3o eles:<\/p>\n<ul class=\"wp-block-list\">\n<li>or\u00e9gano <\/li>\n<li>canela em casca<\/li>\n<li>alecrim-pimenta<\/li>\n<li>manjeric\u00e3o-cravo <\/li>\n<\/ul>\n<p>O destaque ficou para o \u00f3leo de alecrim-pimenta, que inibiu completamente o crescimento de todos os pat\u00f3genos, mesmo em concentra\u00e7\u00f5es baixas. O or\u00e9gano e o manjeric\u00e3o-cravo tamb\u00e9m mostraram excelente desempenho, embora com menor controle sobre o <em>Fusarium solani<\/em>.<\/p>\n<p>Al\u00e9m da triagem inicial, os pesquisadores buscaram compreender quais compostos qu\u00edmicos estavam por tr\u00e1s da a\u00e7\u00e3o antif\u00fangica dos \u00f3leos mais promissores. Por meio de an\u00e1lises, foram identificados os principais componentes respons\u00e1veis pela atividade: carvacrol, timol, \u03c1-cimeno e eugenol \u2014 todos j\u00e1 conhecidos por suas propriedades antimicrobianas.<\/p>\n<p>O pesquisador Daniel Terao afirma que a combina\u00e7\u00e3o de carvacrol, timol e eugenol em propor\u00e7\u00f5es semelhantes \u00e0s encontradas nos \u00f3leos naturais resultou em efeitos sin\u00e9rgicos, potencializando o efeito antif\u00fangico.<\/p>\n<p>\u201cAl\u00e9m de eficazes, os \u00f3leos essenciais apresentam vantagens ambientais e sanit\u00e1rias importantes: s\u00e3o biodegrad\u00e1veis, de baixa toxicidade e muitos j\u00e1 s\u00e3o considerados seguros para uso alimentar por ag\u00eancias reguladoras\u201d, destaca Terao.<\/p>\n<figure class=\"wp-block-image size-full\"><img fetchpriority=\"high\" decoding=\"async\" width=\"900\" height=\"523\" src=\"https:\/\/agromt.news\/wp-content\/uploads\/2025\/07\/Oleos-essenciais-sao-aliados-nao-so-para-pele-e-cabelo.png\" alt=\"\u00d3leos essenciais\" class=\"wp-image-4107598\"  \/><figcaption class=\"wp-element-caption\">Foto: Daniel Terao<\/figcaption><\/figure>\n<h3 class=\"wp-block-heading\" id=\"h-potencial-de-producao-mais-sustentavel-de-alimentos\"><strong>Potencial de produ\u00e7\u00e3o mais sustent\u00e1vel de alimentos<\/strong><\/h3>\n<p>O uso de \u00f3leos essenciais na conserva\u00e7\u00e3o de alimentos n\u00e3o \u00e9 in\u00e9dito. Diversos estudos anteriores j\u00e1 apontavam o potencial de \u00f3leos contra fungos que atacam laranja, abacate, mel\u00e3o, uva e morango. A novidade agora \u00e9 a demonstra\u00e7\u00e3o sistem\u00e1tica da efic\u00e1cia contra fungos espec\u00edficos do mam\u00e3o.<\/p>\n<\/div>\n<div>\n<p>Para os pesquisadores, o pr\u00f3ximo passo envolve o desenvolvimento de formula\u00e7\u00f5es comerciais e testes em escala real, incluindo avalia\u00e7\u00f5es em frutos armazenados sob condi\u00e7\u00f5es de mercado. \u201cOs \u00f3leos essenciais e seus compostos majorit\u00e1rios t\u00eam potencial para compor uma nova gera\u00e7\u00e3o de conservantes naturais, com impactos positivos para produtores, consumidores e o meio ambiente\u201d, afirmam os autores.<\/p>\n<p>Com base nesse avan\u00e7o, o estudo abre caminho para a aplica\u00e7\u00e3o pr\u00e1tica dos \u00f3leos essenciais no setor de frutas tropicais, contribuindo para uma agricultura mais limpa, eficiente e conectada \u00e0s demandas por sustentabilidade e seguran\u00e7a alimentar.<\/p>\n<h3 class=\"wp-block-heading\" id=\"h-fungos-provocam-perdas-de-ate-40-em-laranjas\"><strong><a href=\"https:\/\/www.embrapa.br\/documents\/10180\/97848192\/250701_%C3%93leosEssenciais_Daniel_Terao_laranja+penicillium.jpg\/dc4291fc-e5e3-5521-60d8-8f8a57294e7e?t=1750973734275\" target=\"_blank\" rel=\"noreferrer noopener\">Fungos provocam perdas de at\u00e9 40% em laranjas<\/strong><\/h3>\n<p>No caso da laranja, outra pesquisa recente revelou que extratos de plantas como or\u00e9gano, canela casca, alecrim pimenta e manjeric\u00e3o-cravo foram eficazes contra dois fungos respons\u00e1veis por preju\u00edzos consider\u00e1veis na cadeia produtiva de citros: <em>Penicillium digitatum<\/em>, causador do mofo verde, e <em>Geotrichum citri-aurantii<\/em>, agente da podrid\u00e3o azeda.<\/p>\n<p>As doen\u00e7as f\u00fangicas que atacam laranjas ap\u00f3s a colheita est\u00e3o entre as maiores respons\u00e1veis por perdas, chegando a comprometer at\u00e9 40% da produ\u00e7\u00e3o. <\/p>\n<p>Al\u00e9m de testarem os \u00f3leos em sua forma integral, os pesquisadores tamb\u00e9m avaliaram misturas elaboradas a partir dos tr\u00eas principais constituintes qu\u00edmicos de cada \u00f3leo. <\/p>\n<p>Entre os compostos investigados estavam o cinamalde\u00eddo (presente na canela casca), carvacrol (or\u00e9gano), timol (alecrim pimenta) e eugenol (manjeric\u00e3o-cravo). Quando combinados, esses compostos mostraram um efeito sin\u00e9rgico, ou seja, o resultado conjunto foi superior \u00e0 a\u00e7\u00e3o individual dos componentes.<\/p>\n<p>As an\u00e1lises estat\u00edsticas apontaram diferen\u00e7as significativas entre os tratamentos, confirmando o potencial antif\u00fangico dos \u00f3leos essenciais e de suas formula\u00e7\u00f5es combinadas.<\/p>\n<p>Para os pesquisadores, os resultados refor\u00e7am o potencial dos \u00f3leos essenciais como substitutos naturais aos fungicidas sint\u00e9ticos, contribuindo n\u00e3o s\u00f3 para a redu\u00e7\u00e3o das perdas p\u00f3s-colheita, mas tamb\u00e9m para a ado\u00e7\u00e3o de pr\u00e1ticas agr\u00edcolas mais sustent\u00e1veis. <\/p>\n<p>\u201cA aplica\u00e7\u00e3o desses compostos naturais pode representar um avan\u00e7o significativo na conserva\u00e7\u00e3o de frutas, especialmente em um contexto de crescente demanda por alimentos livres de res\u00edduos qu\u00edmicos\u201d, afirmam os autores.<\/p>\n<p>O pr\u00f3ximo passo, segundo os cientistas, \u00e9 testar a efic\u00e1cia das formula\u00e7\u00f5es \u00e0 base de \u00f3leos essenciais em condi\u00e7\u00f5es reais de armazenamento e transporte das frutas, a fim de avaliar sua viabilidade para uso comercial em larga escala. <\/p>\n<p><em>*Sob supervis\u00e3o de Luis Roberto Toledo<\/em><\/p>\n<\/p><\/div>\n<p><br \/>\n<br \/><a href=\"https:\/\/www.canalrural.com.br\/sustentabilidade\/oleos-essenciais-aliados-pele-cabelo-fungos-em-frutas\/\">Source link <\/a><\/p>\n","protected":false},"excerpt":{"rendered":"<p>Os \u00f3leos essenciais, muito utilizados em cuidados da pele e do cabelo, tamb\u00e9m podem ser grandes aliados da fruticultura. Estudos<\/p>\n","protected":false},"author":1,"featured_media":16260,"comment_status":"open","ping_status":"open","sticky":false,"template":"","format":"standard","meta":{"_monsterinsights_skip_tracking":false,"_monsterinsights_sitenote_active":false,"_monsterinsights_sitenote_note":"","_monsterinsights_sitenote_category":0,"_uf_show_specific_survey":0,"_uf_disable_surveys":false,"footnotes":""},"categories":[1],"tags":[],"class_list":["post-16259","post","type-post","status-publish","format-standard","has-post-thumbnail","hentry","category-news"],"_links":{"self":[{"href":"https:\/\/agromt.news\/index.php?rest_route=\/wp\/v2\/posts\/16259"}],"collection":[{"href":"https:\/\/agromt.news\/index.php?rest_route=\/wp\/v2\/posts"}],"about":[{"href":"https:\/\/agromt.news\/index.php?rest_route=\/wp\/v2\/types\/post"}],"author":[{"embeddable":true,"href":"https:\/\/agromt.news\/index.php?rest_route=\/wp\/v2\/users\/1"}],"replies":[{"embeddable":true,"href":"https:\/\/agromt.news\/index.php?rest_route=%2Fwp%2Fv2%2Fcomments&post=16259"}],"version-history":[{"count":0,"href":"https:\/\/agromt.news\/index.php?rest_route=\/wp\/v2\/posts\/16259\/revisions"}],"wp:featuredmedia":[{"embeddable":true,"href":"https:\/\/agromt.news\/index.php?rest_route=\/wp\/v2\/media\/16260"}],"wp:attachment":[{"href":"https:\/\/agromt.news\/index.php?rest_route=%2Fwp%2Fv2%2Fmedia&parent=16259"}],"wp:term":[{"taxonomy":"category","embeddable":true,"href":"https:\/\/agromt.news\/index.php?rest_route=%2Fwp%2Fv2%2Fcategories&post=16259"},{"taxonomy":"post_tag","embeddable":true,"href":"https:\/\/agromt.news\/index.php?rest_route=%2Fwp%2Fv2%2Ftags&post=16259"}],"curies":[{"name":"wp","href":"https:\/\/api.w.org\/{rel}","templated":true}]}}