{"id":16252,"date":"2025-07-06T07:37:05","date_gmt":"2025-07-06T11:37:05","guid":{"rendered":"https:\/\/agromt.news\/?p=16252"},"modified":"2025-07-06T07:37:05","modified_gmt":"2025-07-06T11:37:05","slug":"mapa-viabiliza-exportacao-de-queijo-premiado-paulista-para-os-estados-unidos","status":"publish","type":"post","link":"https:\/\/agromt.news\/?p=16252","title":{"rendered":"Mapa viabiliza exporta\u00e7\u00e3o de queijo premiado paulista para os Estados Unidos"},"content":{"rendered":"<p> <br \/>\n<\/p>\n<div>\n<div class=\"row\">\n<div class=\"col-lg col-infos mt-0 mt-lg-0\">\n<div class=\"section-sub-title\">\n<p itemprop=\"description\">&#13;<br \/>\n                                Meta \u00e9 destinar 40% da produ\u00e7\u00e3o ao mercado externo&#13;\n                            <\/p>\n<\/p><\/div>\n<div class=\"container\">\n<div class=\"row\">\n<div class=\"col-lg p-0\">\n<div>\n<div class=\"block-news-main-infos mt-3 text-start\">\n<p>                                            <strong class=\"fn\" itemprop=\"author\" style=\"color: rgb(112, 112, 112); \">&#13;<br \/>\n                                                <a href=\"https:\/\/www.agrolink.com.br\/noticias\/javascript:;\" class=\"text-uppercase\" target=\"_blank\" style=\"color: rgb(112, 112, 112); \" rel=\"noopener\">MAPA<\/a>&#13;<br \/>\n&#13;<br \/>\n&#13;<br \/>\n                                            <\/strong><br \/>\n                                        <\/p>\n<p>                                            <abbr><time datetime=\"2025-07-04T13:30\" itemprop=\"datePublished dateModified\">Publicado em 04\/07\/2025 \u00e0s 13:30h.<\/time><\/abbr><br \/>\n                                            <\/p><\/div>\n<\/p><\/div>\n<\/p><\/div>\n<div class=\"col-lg p-0 text-lg-end\">\n<div>\n<div id=\"mdEnviarPagina\" class=\"modal fade\" role=\"dialog\">\n<div class=\"modal-dialog\">\n<div class=\"modal-content\">\n<div class=\"modal-body\">\n<p><strong>Estimado usu\u00e1rio.<\/strong><br \/>Preencha o formul\u00e1rio abaixo para remeter a p\u00e1gina.<\/p>\n<\/p><\/div>\n<\/p><\/div>\n<\/p><\/div>\n<\/div><\/div>\n<\/p><\/div>\n<\/p><\/div>\n<\/p><\/div>\n<\/p><\/div>\n<\/p><\/div>\n<div class=\"row justify-content-md-center mt-3\">\n<div class=\"col-lg-auto col-image block-news-main-image\">\n<p>                                <img decoding=\"async\" src=\"https:\/\/www.agrolink.com.br\/upload\/imagens-resizes\/5a15b130da13451d8b3321d3d39f2399_858x483.jpg\" class=\"lazyload img-fluid\"\/><br \/>\n                                                <span class=\"publicity-photo d-block mt-1\">Foto: Mapa<\/span><\/p><\/div>\n<\/p><\/div>\n<div class=\"section-description section-description-noticias mt-3\">\n<p style=\"text-align:justify\">Uma empresa fabricante de queijos de Pardinho, no interior de S\u00e3o Paulo, exportou para os Estados Unidos cerca de 650 quilos de um queijo premiado, feito \u00e0 base de leite cru. O procedimento n\u00e3o \u00e9 comum, por isso exigiu uma aten\u00e7\u00e3o e um acompanhamento por parte do Minist\u00e9rio da Agricultura e Pecu\u00e1ria (Mapa).&#13;\n<\/p>\n<p style=\"text-align:justify\">A a\u00e7\u00e3o envolveu v\u00e1rios setores do Mapa, incluindo o SIF (Servi\u00e7o de Inspe\u00e7\u00e3o Federal), Central de Certifica\u00e7\u00e3o e o sistema de Vigil\u00e2ncia Agropecu\u00e1ria Internacional (Vigiagro). Ao todo, 64 pe\u00e7as \u2013 de aproximadamente 10 quilos cada \u2013 embarcaram em voo comercial no dia 10 de junho. Elas foram embaladas de forma individual e lacradas com carimbo do SIF, por orienta\u00e7\u00e3o do Mapa. \u201c\u00c9 um momento hist\u00f3rico, estamos muito orgulhosos\u201d, disse Vanessa Alcolea, respons\u00e1vel t\u00e9cnica e mestre queijeira da empresa.<\/p>\n<p style=\"text-align:justify\">Um dos desafios, segundo ela, foi climatizar os paletes para que a temperatura ideal fosse mantida durante o transporte a\u00e9reo. A carga teve como destino Nova York, nos Estados Unidos, onde foi recebida por um entreposto aduaneiro. \u201c\u00c9 um entreposto em que o importador j\u00e1 costuma trabalhar e a carga ficou refrigerada at\u00e9 o desembara\u00e7o l\u00e1\u201d, afirmou Vanessa.&#13;\n<\/p>\n<p style=\"text-align:justify\">No final de semana, o produto foi lan\u00e7ado no Summer Fancy Food Show, evento que apresenta produtos artesanais de alta qualidade em mais de 40 categorias. Em julho, representantes da queijaria v\u00e3o participar de pain\u00e9is sobre queijos brasileiros no congresso da American Cheese Society Conference, em Sacramento, na Calif\u00f3rnia.<\/p>\n<p style=\"text-align:justify\">De acordo com a empresa, a meta \u00e9 destinar 40% da produ\u00e7\u00e3o ao mercado externo.<\/p>\n<\/p><\/div>\n<\/p><\/div>\n<p><script data-cfasync=\"false\">\n    !function (f, b, e, v, n, t, s) {\n        if (f.fbq) return; n = f.fbq = function () {\n            n.callMethod ?\n                n.callMethod.apply(n, arguments) : n.queue.push(arguments)\n        };\n        if (!f._fbq) f._fbq = n; n.push = n; n.loaded = !0; n.version = '2.0';\n        n.queue = []; t = b.createElement(e); t.async = !0;\n        t.src = v; s = b.getElementsByTagName(e)[0];\n        s.parentNode.insertBefore(t, s)\n    }(window, document, 'script',\n        'https:\/\/connect.facebook.net\/en_US\/fbevents.js');\n    fbq('init', '522546078623747');\n    fbq('track', 'PageView');\n<\/script><br \/>\n<br \/><br \/>\n<br \/><a href=\"https:\/\/www.agrolink.com.br\/noticias\/mapa-viabiliza-exportacao-de-queijo-premiado-paulista-para-os-estados-unidos_503597.html\">Source link <\/a><\/p>\n","protected":false},"excerpt":{"rendered":"<p>&#13; Meta \u00e9 destinar 40% da produ\u00e7\u00e3o ao mercado externo&#13; &#13; MAPA&#13; &#13; &#13; Publicado em 04\/07\/2025 \u00e0s 13:30h. Estimado<\/p>\n","protected":false},"author":1,"featured_media":16253,"comment_status":"open","ping_status":"open","sticky":false,"template":"","format":"standard","meta":{"_monsterinsights_skip_tracking":false,"_monsterinsights_sitenote_active":false,"_monsterinsights_sitenote_note":"","_monsterinsights_sitenote_category":0,"_uf_show_specific_survey":0,"_uf_disable_surveys":false,"footnotes":""},"categories":[8,1,14],"tags":[],"class_list":["post-16252","post","type-post","status-publish","format-standard","has-post-thumbnail","hentry","category-agro","category-news","category-politica-agro"],"_links":{"self":[{"href":"https:\/\/agromt.news\/index.php?rest_route=\/wp\/v2\/posts\/16252"}],"collection":[{"href":"https:\/\/agromt.news\/index.php?rest_route=\/wp\/v2\/posts"}],"about":[{"href":"https:\/\/agromt.news\/index.php?rest_route=\/wp\/v2\/types\/post"}],"author":[{"embeddable":true,"href":"https:\/\/agromt.news\/index.php?rest_route=\/wp\/v2\/users\/1"}],"replies":[{"embeddable":true,"href":"https:\/\/agromt.news\/index.php?rest_route=%2Fwp%2Fv2%2Fcomments&post=16252"}],"version-history":[{"count":0,"href":"https:\/\/agromt.news\/index.php?rest_route=\/wp\/v2\/posts\/16252\/revisions"}],"wp:featuredmedia":[{"embeddable":true,"href":"https:\/\/agromt.news\/index.php?rest_route=\/wp\/v2\/media\/16253"}],"wp:attachment":[{"href":"https:\/\/agromt.news\/index.php?rest_route=%2Fwp%2Fv2%2Fmedia&parent=16252"}],"wp:term":[{"taxonomy":"category","embeddable":true,"href":"https:\/\/agromt.news\/index.php?rest_route=%2Fwp%2Fv2%2Fcategories&post=16252"},{"taxonomy":"post_tag","embeddable":true,"href":"https:\/\/agromt.news\/index.php?rest_route=%2Fwp%2Fv2%2Ftags&post=16252"}],"curies":[{"name":"wp","href":"https:\/\/api.w.org\/{rel}","templated":true}]}}