{"id":16251,"date":"2025-07-06T05:41:14","date_gmt":"2025-07-06T09:41:14","guid":{"rendered":"https:\/\/agromt.news\/?p=16251"},"modified":"2025-07-06T05:41:14","modified_gmt":"2025-07-06T09:41:14","slug":"milho-e-soja-representam-90-da-agricultura-estadual","status":"publish","type":"post","link":"https:\/\/agromt.news\/?p=16251","title":{"rendered":"milho e soja representam 90% da agricultura estadual"},"content":{"rendered":"<p> <br \/>\n<\/p>\n<div>\n<div class=\"row\">\n<div class=\"col-lg col-infos mt-0 mt-lg-0\">\n<div class=\"section-sub-title\">\n<p itemprop=\"description\">&#13;<br \/>\n                                A soja segue como a principal cultura do Maranh\u00e3o&#13;\n                            <\/p>\n<\/p><\/div>\n<div class=\"container\">\n<div class=\"row\">\n<div class=\"col-lg p-0 text-lg-end\">\n<div>\n<div id=\"mdEnviarPagina\" class=\"modal fade\" role=\"dialog\">\n<div class=\"modal-dialog\">\n<div class=\"modal-content\">\n<div class=\"modal-body\">\n<p><strong>Estimado usu\u00e1rio.<\/strong><br \/>Preencha o formul\u00e1rio abaixo para remeter a p\u00e1gina.<\/p>\n<\/p><\/div>\n<\/p><\/div>\n<\/p><\/div>\n<\/div><\/div>\n<\/p><\/div>\n<\/p><\/div>\n<\/p><\/div>\n<\/p><\/div>\n<\/p><\/div>\n<div class=\"row justify-content-md-center mt-3\">\n<div class=\"col-lg-auto col-image block-news-main-image\">\n<p>                                <img decoding=\"async\" src=\"https:\/\/www.agrolink.com.br\/upload\/imagens-resizes\/be13db9348bc4f3f97913754a68d2ef5_858x483.jpg\" class=\"lazyload img-fluid\"\/><br \/>\n                                                <span class=\"publicity-photo d-block mt-1\">Foto: Pixabay<\/span><\/p><\/div>\n<\/p><\/div>\n<div class=\"section-description section-description-noticias mt-3\">\n<p style=\"text-align:justify\">A safra nacional de gr\u00e3os deve bater recorde e alcan\u00e7ar 332,9 milh\u00f5es de toneladas, segundo a Companhia Nacional de Abastecimento (Conab). A <a href=\"https:\/\/www.agrolink.com.br\/culturas\/soja?utm_source=agrolink-detalhe-noticia&amp;utm_medium=detalhe-noticia&amp;utm_campaign=links-internos\" target=\"_blank\" rel=\"noopener\">soja<\/a> lidera com 168,3 milh\u00f5es de toneladas, seguida pelo <a href=\"https:\/\/www.agrolink.com.br\/culturas\/milho?utm_source=agrolink-detalhe-noticia&amp;utm_medium=detalhe-noticia&amp;utm_campaign=links-internos&#9;\" target=\"_blank\" rel=\"noopener\">milho<\/a>, com 126,9 milh\u00f5es t. No Maranh\u00e3o, essas duas culturas dominam o cen\u00e1rio agr\u00edcola, representando mais de 90% da produ\u00e7\u00e3o estadual e somando cerca de 7,3 milh\u00f5es de toneladas de um total estimado de 7,7 milh\u00f5es.&#13;\n<\/p>\n<p style=\"text-align:justify\">\u201cNeste momento, as lavouras maranhenses da segunda safra de milho est\u00e3o em pleno desenvolvimento, com o in\u00edcio de algumas colheitas. A soja foi colhida e h\u00e1 \u00e1reas sendo preparadas para o pr\u00f3ximo ciclo, programado para o segundo semestre. O principal destaque \u00e9 que o milho safrinha segue ganhando espa\u00e7o no estado e o andamento da safra \u00e9 positivo\u201d, afirma Fernando Melatti, Gerente T\u00e9cnico da OR\u00cdGEO, joint venture entre Bunge e UPL, especializada em solu\u00e7\u00f5es sustent\u00e1veis e gest\u00e3o integrada para o Cerrado.<\/p>\n<p style=\"text-align:justify\">A soja segue como a principal cultura do Maranh\u00e3o, ocupando mais de 65% das \u00e1reas cultivadas, e o plantio de milho segunda safra est\u00e1 praticamente conclu\u00eddo. As expectativas s\u00e3o favor\u00e1veis para a colheita, segundo Melatti. \u201cNossa equipe no Maranh\u00e3o atua em todas as etapas da produ\u00e7\u00e3o \u2014 da escolha das sementes ao armazenamento. Estamos ao lado do produtor nas decis\u00f5es estrat\u00e9gicas, seja no manejo da soja ou na condu\u00e7\u00e3o do milho safrinha, oferecendo apoio e suporte diante dos desafios clim\u00e1ticos.\u201d&#13;\n<\/p>\n<p style=\"text-align:justify\">A Conab alerta que a reten\u00e7\u00e3o das chuvas no segundo semestre pode comprometer o desenvolvimento do milho, especialmente em fases cr\u00edticas, como o enchimento de gr\u00e3os. Diante desse cen\u00e1rio, a OR\u00cdGEO refor\u00e7a seu papel de parceira no campo, com presen\u00e7a t\u00e9cnica ativa nos estados do MATOPIBAPA, al\u00e9m de Mato Grosso e Rond\u00f4nia. \u201cEstamos integrados com todos os elos da cadeia\u201d, afirma Fernando. \u201cNosso suporte t\u00e9cnico e operacional \u00e9 voltado para garantir que os produtores avancem com confian\u00e7a e resili\u00eancia no segundo semestre.\u201d<\/p>\n<\/p><\/div>\n<\/p><\/div>\n<p><script data-cfasync=\"false\">\n    !function (f, b, e, v, n, t, s) {\n        if (f.fbq) return; n = f.fbq = function () {\n            n.callMethod ?\n                n.callMethod.apply(n, arguments) : n.queue.push(arguments)\n        };\n        if (!f._fbq) f._fbq = n; n.push = n; n.loaded = !0; n.version = '2.0';\n        n.queue = []; t = b.createElement(e); t.async = !0;\n        t.src = v; s = b.getElementsByTagName(e)[0];\n        s.parentNode.insertBefore(t, s)\n    }(window, document, 'script',\n        'https:\/\/connect.facebook.net\/en_US\/fbevents.js');\n    fbq('init', '522546078623747');\n    fbq('track', 'PageView');\n<\/script><br \/>\n<br \/><br \/>\n<br \/><a href=\"https:\/\/www.agrolink.com.br\/noticias\/maranhao--milho-e-soja-representam-90--da-agricultura-estadual_503598.html\">Source link <\/a><\/p>\n","protected":false},"excerpt":{"rendered":"<p>&#13; A soja segue como a principal cultura do Maranh\u00e3o&#13; Estimado usu\u00e1rio.Preencha o formul\u00e1rio abaixo para remeter a p\u00e1gina. Foto:<\/p>\n","protected":false},"author":1,"featured_media":2392,"comment_status":"open","ping_status":"open","sticky":false,"template":"","format":"standard","meta":{"_monsterinsights_skip_tracking":false,"_monsterinsights_sitenote_active":false,"_monsterinsights_sitenote_note":"","_monsterinsights_sitenote_category":0,"_uf_show_specific_survey":0,"_uf_disable_surveys":false,"footnotes":""},"categories":[8,1,14],"tags":[],"class_list":["post-16251","post","type-post","status-publish","format-standard","has-post-thumbnail","hentry","category-agro","category-news","category-politica-agro"],"_links":{"self":[{"href":"https:\/\/agromt.news\/index.php?rest_route=\/wp\/v2\/posts\/16251"}],"collection":[{"href":"https:\/\/agromt.news\/index.php?rest_route=\/wp\/v2\/posts"}],"about":[{"href":"https:\/\/agromt.news\/index.php?rest_route=\/wp\/v2\/types\/post"}],"author":[{"embeddable":true,"href":"https:\/\/agromt.news\/index.php?rest_route=\/wp\/v2\/users\/1"}],"replies":[{"embeddable":true,"href":"https:\/\/agromt.news\/index.php?rest_route=%2Fwp%2Fv2%2Fcomments&post=16251"}],"version-history":[{"count":0,"href":"https:\/\/agromt.news\/index.php?rest_route=\/wp\/v2\/posts\/16251\/revisions"}],"wp:featuredmedia":[{"embeddable":true,"href":"https:\/\/agromt.news\/index.php?rest_route=\/wp\/v2\/media\/2392"}],"wp:attachment":[{"href":"https:\/\/agromt.news\/index.php?rest_route=%2Fwp%2Fv2%2Fmedia&parent=16251"}],"wp:term":[{"taxonomy":"category","embeddable":true,"href":"https:\/\/agromt.news\/index.php?rest_route=%2Fwp%2Fv2%2Fcategories&post=16251"},{"taxonomy":"post_tag","embeddable":true,"href":"https:\/\/agromt.news\/index.php?rest_route=%2Fwp%2Fv2%2Ftags&post=16251"}],"curies":[{"name":"wp","href":"https:\/\/api.w.org\/{rel}","templated":true}]}}