{"id":16248,"date":"2025-07-05T23:51:16","date_gmt":"2025-07-06T03:51:16","guid":{"rendered":"https:\/\/agromt.news\/?p=16248"},"modified":"2025-07-05T23:51:16","modified_gmt":"2025-07-06T03:51:16","slug":"nova-mistura-aquece-demanda-por-milho-e-soja","status":"publish","type":"post","link":"https:\/\/agromt.news\/?p=16248","title":{"rendered":"Nova mistura aquece demanda por milho e soja"},"content":{"rendered":"<p> <br \/>\n<\/p>\n<div>\n<div class=\"row\">\n<div class=\"col-lg col-infos mt-0 mt-lg-0\">\n<div class=\"section-sub-title\">\n<p itemprop=\"description\">&#13;<br \/>\n                                A mudan\u00e7a impacta diretamente o mercado agr\u00edcola&#13;\n                            <\/p>\n<\/p><\/div>\n<div class=\"container\">\n<div class=\"row\">\n<div class=\"col-lg p-0\">\n<div>\n<div class=\"block-news-main-infos mt-3 text-start\">\n<p>                                            <strong class=\"fn\" itemprop=\"author\" style=\"color: rgb(112, 112, 112); \">&#13;<br \/>\n                                                <a href=\"https:\/\/www.agrolink.com.br\/noticias\/javascript:;\" class=\"text-uppercase\" target=\"_blank\" style=\"color: rgb(112, 112, 112); \" rel=\"noopener\">Agrolink<\/a>&#13;<br \/>\n&#13;<br \/>\n                                                    &#8211; Leonardo Gottems&#13;<br \/>\n&#13;<br \/>\n                                            <\/strong><br \/>\n                                        <\/p>\n<p>                                            <abbr><time datetime=\"2025-07-04T16:27\" itemprop=\"datePublished dateModified\">Publicado em 04\/07\/2025 \u00e0s 16:27h.<\/time><\/abbr><br \/>\n                                            <\/p><\/div>\n<\/p><\/div>\n<\/p><\/div>\n<div class=\"col-lg p-0 text-lg-end\">\n<div>\n<div id=\"mdEnviarPagina\" class=\"modal fade\" role=\"dialog\">\n<div class=\"modal-dialog\">\n<div class=\"modal-content\">\n<div class=\"modal-body\">\n<p><strong>Estimado usu\u00e1rio.<\/strong><br \/>Preencha o formul\u00e1rio abaixo para remeter a p\u00e1gina.<\/p>\n<\/p><\/div>\n<\/p><\/div>\n<\/p><\/div>\n<\/div><\/div>\n<\/p><\/div>\n<\/p><\/div>\n<\/p><\/div>\n<\/p><\/div>\n<\/p><\/div>\n<div class=\"row justify-content-md-center mt-3\">\n<div class=\"col-lg-auto col-image block-news-main-image\">\n<p>                                <img decoding=\"async\" src=\"https:\/\/www.agrolink.com.br\/upload\/imagens-resizes\/591b5e9c67f647dfb543b3418fa0d20f_858x483.jpg\" class=\"lazyload img-fluid\" alt=\"A mudan\u00e7a impacta diretamente o mercado agr\u00edcola\"\/><br \/>\n                                                <span class=\"d-block mt-1\">A mudan\u00e7a impacta diretamente o mercado agr\u00edcola &#8211; Foto: Divulga\u00e7\u00e3o<\/span><\/p><\/div>\n<\/p><\/div>\n<div class=\"section-description section-description-noticias mt-3\">\n<p>A partir de 1\u00ba de agosto, entram em vigor no Brasil as novas misturas obrigat\u00f3rias de biocombust\u00edveis: o etanol passa a ser E30 e o biodiesel, B15. Essa medida aprovada pelo Conselho Nacional de Pol\u00edtica Energ\u00e9tica (CNPE) aumenta a participa\u00e7\u00e3o de renov\u00e1veis nos combust\u00edveis f\u00f3sseis de 14% para 15%, com o objetivo de reduzir a depend\u00eancia das importa\u00e7\u00f5es e fortalecer a bioind\u00fastria nacional.&#13;\n<\/p>\n<p>A mudan\u00e7a impacta diretamente o mercado agr\u00edcola, especialmente as cadeias do milho e da soja. A demanda por etanol anidro pode crescer at\u00e9 2 bilh\u00f5es de litros ao ano, impulsionando a produ\u00e7\u00e3o de etanol de milho, que deve ultrapassar 30 milh\u00f5es de toneladas j\u00e1 em 2025. Regi\u00f5es como Paran\u00e1, Rio Grande do Sul, Bahia e Tocantins devem receber novos investimentos em usinas, promovendo a descentraliza\u00e7\u00e3o da matriz energ\u00e9tica e o desenvolvimento regional.<\/p>\n<p>No caso da soja, a amplia\u00e7\u00e3o do biodiesel para B15 deve aumentar o processamento interno do gr\u00e3o, estimado em 73 milh\u00f5es de toneladas em 2025, reduzindo a depend\u00eancia da exporta\u00e7\u00e3o. Segundo Yedda Monteiro, analista da Biond Agro, a iniciativa representa um \u201crecado claro\u201d de que o Brasil quer ser protagonista global na transi\u00e7\u00e3o energ\u00e9tica baseada no agro, unindo sustentabilidade, seguran\u00e7a energ\u00e9tica e gera\u00e7\u00e3o de emprego no campo.&#13;\n<\/p>\n<p>\u201cA ado\u00e7\u00e3o simult\u00e2nea do B15 e do E30 \u00e9 um recado pol\u00edtico e econ\u00f4mico claro: o Brasil quer e pode ser protagonista global na transi\u00e7\u00e3o energ\u00e9tica baseada no agro. A cadeia produtiva da soja e do milho ser\u00e1 diretamente beneficiada com mais demanda, investimentos e previsibilidade de pre\u00e7os\u201d, afirma Yedda Monteiro, analista de intelig\u00eancia e estrat\u00e9gia da Biond Agro.<br \/>&#13;<br \/>\n\u00a0<\/p>\n<\/p><\/div>\n<\/p><\/div>\n<p><script data-cfasync=\"false\">\n    !function (f, b, e, v, n, t, s) {\n        if (f.fbq) return; n = f.fbq = function () {\n            n.callMethod ?\n                n.callMethod.apply(n, arguments) : n.queue.push(arguments)\n        };\n        if (!f._fbq) f._fbq = n; n.push = n; n.loaded = !0; n.version = '2.0';\n        n.queue = []; t = b.createElement(e); t.async = !0;\n        t.src = v; s = b.getElementsByTagName(e)[0];\n        s.parentNode.insertBefore(t, s)\n    }(window, document, 'script',\n        'https:\/\/connect.facebook.net\/en_US\/fbevents.js');\n    fbq('init', '522546078623747');\n    fbq('track', 'PageView');\n<\/script><br \/>\n<br \/><br \/>\n<br \/><a href=\"https:\/\/www.agrolink.com.br\/noticias\/nova-mistura-aquece-demanda-por-milho-e-soja_503607.html\">Source link <\/a><\/p>\n","protected":false},"excerpt":{"rendered":"<p>&#13; A mudan\u00e7a impacta diretamente o mercado agr\u00edcola&#13; &#13; Agrolink&#13; &#13; &#8211; Leonardo Gottems&#13; &#13; Publicado em 04\/07\/2025 \u00e0s 16:27h.<\/p>\n","protected":false},"author":1,"featured_media":1496,"comment_status":"open","ping_status":"open","sticky":false,"template":"","format":"standard","meta":{"_monsterinsights_skip_tracking":false,"_monsterinsights_sitenote_active":false,"_monsterinsights_sitenote_note":"","_monsterinsights_sitenote_category":0,"_uf_show_specific_survey":0,"_uf_disable_surveys":false,"footnotes":""},"categories":[8,1,14],"tags":[],"class_list":["post-16248","post","type-post","status-publish","format-standard","has-post-thumbnail","hentry","category-agro","category-news","category-politica-agro"],"_links":{"self":[{"href":"https:\/\/agromt.news\/index.php?rest_route=\/wp\/v2\/posts\/16248"}],"collection":[{"href":"https:\/\/agromt.news\/index.php?rest_route=\/wp\/v2\/posts"}],"about":[{"href":"https:\/\/agromt.news\/index.php?rest_route=\/wp\/v2\/types\/post"}],"author":[{"embeddable":true,"href":"https:\/\/agromt.news\/index.php?rest_route=\/wp\/v2\/users\/1"}],"replies":[{"embeddable":true,"href":"https:\/\/agromt.news\/index.php?rest_route=%2Fwp%2Fv2%2Fcomments&post=16248"}],"version-history":[{"count":0,"href":"https:\/\/agromt.news\/index.php?rest_route=\/wp\/v2\/posts\/16248\/revisions"}],"wp:featuredmedia":[{"embeddable":true,"href":"https:\/\/agromt.news\/index.php?rest_route=\/wp\/v2\/media\/1496"}],"wp:attachment":[{"href":"https:\/\/agromt.news\/index.php?rest_route=%2Fwp%2Fv2%2Fmedia&parent=16248"}],"wp:term":[{"taxonomy":"category","embeddable":true,"href":"https:\/\/agromt.news\/index.php?rest_route=%2Fwp%2Fv2%2Fcategories&post=16248"},{"taxonomy":"post_tag","embeddable":true,"href":"https:\/\/agromt.news\/index.php?rest_route=%2Fwp%2Fv2%2Ftags&post=16248"}],"curies":[{"name":"wp","href":"https:\/\/api.w.org\/{rel}","templated":true}]}}