{"id":16243,"date":"2025-07-05T17:50:45","date_gmt":"2025-07-05T21:50:45","guid":{"rendered":"https:\/\/agromt.news\/?p=16243"},"modified":"2025-07-05T17:50:45","modified_gmt":"2025-07-05T21:50:45","slug":"fruta-tropical-domina-exportacoes-do-pais","status":"publish","type":"post","link":"https:\/\/agromt.news\/?p=16243","title":{"rendered":"fruta tropical domina exporta\u00e7\u00f5es do pa\u00eds"},"content":{"rendered":"<p> <br \/>\n<\/p>\n<div>\n<div class=\"row\">\n<div class=\"col-lg col-infos mt-0 mt-lg-0\">\n<div class=\"section-sub-title\">\n<p itemprop=\"description\">&#13;<br \/>\n                                S\u00e3o Paulo \u00e9 o 3\u00ba maior produtor de manga do pa\u00eds&#13;\n                            <\/p>\n<\/p><\/div>\n<div class=\"container\">\n<div class=\"row\">\n<div class=\"col-lg p-0\">\n<div>\n<div class=\"block-news-main-infos mt-3 text-start\">\n<p>                                            <strong class=\"fn\" itemprop=\"author\" style=\"color: rgb(112, 112, 112); \">&#13;<br \/>\n                                                <a href=\"https:\/\/www.agrolink.com.br\/noticias\/javascript:;\" class=\"text-uppercase\" target=\"_blank\" style=\"color: rgb(112, 112, 112); \" rel=\"noopener\">Agrolink<\/a>&#13;<br \/>\n&#13;<br \/>\n                                                    &#8211; Seane Lennon&#13;<br \/>\n&#13;<br \/>\n                                            <\/strong><br \/>\n                                        <\/p>\n<p>                                            <abbr><time datetime=\"2025-07-04T17:14\" itemprop=\"datePublished dateModified\">Publicado em 04\/07\/2025 \u00e0s 17:14h.<\/time><\/abbr><br \/>\n                                            <\/p><\/div>\n<\/p><\/div>\n<\/p><\/div>\n<div class=\"col-lg p-0 text-lg-end\">\n<div>\n<div id=\"mdEnviarPagina\" class=\"modal fade\" role=\"dialog\">\n<div class=\"modal-dialog\">\n<div class=\"modal-content\">\n<div class=\"modal-body\">\n<p><strong>Estimado usu\u00e1rio.<\/strong><br \/>Preencha o formul\u00e1rio abaixo para remeter a p\u00e1gina.<\/p>\n<\/p><\/div>\n<\/p><\/div>\n<\/p><\/div>\n<\/div><\/div>\n<\/p><\/div>\n<\/p><\/div>\n<\/p><\/div>\n<\/p><\/div>\n<\/p><\/div>\n<div class=\"row justify-content-md-center mt-3\">\n<div class=\"col-lg-auto col-image block-news-main-image\">\n<p>                                <img decoding=\"async\" src=\"https:\/\/www.agrolink.com.br\/upload\/imagens-resizes\/7b023f7d54f04af49180e6045e6c75ae_858x483.jpg\" class=\"lazyload img-fluid\"\/><br \/>\n                                                <span class=\"publicity-photo d-block mt-1\">Foto: Divulga\u00e7\u00e3o <\/span><\/p><\/div>\n<\/p><\/div>\n<div class=\"section-description section-description-noticias mt-3\">\n<p style=\"text-align:justify\">A <a href=\"https:\/\/www.agrolink.com.br\/culturas\/manga?utm_source=agrolink-detalhe-noticia&amp;utm_medium=detalhe-noticia&amp;utm_campaign=links-internos\" target=\"_blank\" rel=\"noopener\">manga<\/a>\u00a0se consolidou como a fruta fresca mais exportada pelo Brasil em 2024, segundo dados da Secretaria de Com\u00e9rcio e Rela\u00e7\u00f5es Internacionais do Minist\u00e9rio da Agricultura (SCRI\/Mapa). O desempenho refor\u00e7a o papel de destaque da cultura no setor agropecu\u00e1rio e na balan\u00e7a comercial brasileira.&#13;\n<\/p>\n<p style=\"text-align:justify\">O estado de S\u00e3o Paulo tem papel central nessa cadeia produtiva. De acordo com o Instituto Brasileiro de Geografia e Estat\u00edstica (IBGE), em 2023, S\u00e3o Paulo ocupou a terceira coloca\u00e7\u00e3o entre os maiores produtores nacionais, com uma safra de 212.225 toneladas \u2014 o que representou 12,1% da produ\u00e7\u00e3o nacional da fruta.&#13;\n<\/p>\n<p style=\"text-align:justify\">Levantamento realizado pelo Instituto de Economia Agr\u00edcola (IEA) e pela Coordenadoria de Assist\u00eancia T\u00e9cnica Integral (CATI), vinculados \u00e0 Secretaria de Agricultura e Abastecimento de S\u00e3o Paulo, apontou que quatro regi\u00f5es concentraram a maior parte da produ\u00e7\u00e3o estadual em 2024. A regi\u00e3o central liderou, com 2,4 milh\u00f5es de toneladas, seguida por Ribeir\u00e3o Preto (2,1 milh\u00f5es), S\u00e3o Jos\u00e9 do Rio Preto (750,7 mil) e Barretos (655,5 mil). Juntas, essas \u00e1reas responderam por 82,8% da produ\u00e7\u00e3o total no estado.&#13;\n<\/p>\n<p style=\"text-align:justify\">O valor da produ\u00e7\u00e3o de manga em S\u00e3o Paulo foi estimado em R$ 489 milh\u00f5es em 2024, o que a posiciona como a sexta fruta fresca mais valiosa do estado em termos econ\u00f4micos.<\/p>\n<p style=\"text-align:justify\">\u201cA manga vem ganhando espa\u00e7o tanto no mercado interno quanto no externo, n\u00e3o apenas pelo sabor, mas tamb\u00e9m por sua versatilidade e valor nutricional\u201d, destacou a Secretaria de Agricultura e Abastecimento do Estado de S\u00e3o Paulo.<\/p>\n<p style=\"text-align:justify\">Origin\u00e1ria do sul da \u00c1sia, a manga tornou-se uma fruta tropical de ampla aceita\u00e7\u00e3o no Brasil, onde encontra condi\u00e7\u00f5es clim\u00e1ticas favor\u00e1veis para seu cultivo em larga escala.<\/p>\n<\/p><\/div>\n<\/p><\/div>\n<p><script data-cfasync=\"false\">\n    !function (f, b, e, v, n, t, s) {\n        if (f.fbq) return; n = f.fbq = function () {\n            n.callMethod ?\n                n.callMethod.apply(n, arguments) : n.queue.push(arguments)\n        };\n        if (!f._fbq) f._fbq = n; n.push = n; n.loaded = !0; n.version = '2.0';\n        n.queue = []; t = b.createElement(e); t.async = !0;\n        t.src = v; s = b.getElementsByTagName(e)[0];\n        s.parentNode.insertBefore(t, s)\n    }(window, document, 'script',\n        'https:\/\/connect.facebook.net\/en_US\/fbevents.js');\n    fbq('init', '522546078623747');\n    fbq('track', 'PageView');\n<\/script><br \/>\n<br \/><br \/>\n<br \/><a href=\"https:\/\/www.agrolink.com.br\/noticias\/manga--fruta-tropical-domina-exportacoes-do-pais_503611.html\">Source link <\/a><\/p>\n","protected":false},"excerpt":{"rendered":"<p>&#13; S\u00e3o Paulo \u00e9 o 3\u00ba maior produtor de manga do pa\u00eds&#13; &#13; Agrolink&#13; &#13; &#8211; Seane Lennon&#13; &#13; Publicado<\/p>\n","protected":false},"author":1,"featured_media":16244,"comment_status":"open","ping_status":"open","sticky":false,"template":"","format":"standard","meta":{"_monsterinsights_skip_tracking":false,"_monsterinsights_sitenote_active":false,"_monsterinsights_sitenote_note":"","_monsterinsights_sitenote_category":0,"_uf_show_specific_survey":0,"_uf_disable_surveys":false,"footnotes":""},"categories":[8,1,14],"tags":[],"class_list":["post-16243","post","type-post","status-publish","format-standard","has-post-thumbnail","hentry","category-agro","category-news","category-politica-agro"],"_links":{"self":[{"href":"https:\/\/agromt.news\/index.php?rest_route=\/wp\/v2\/posts\/16243"}],"collection":[{"href":"https:\/\/agromt.news\/index.php?rest_route=\/wp\/v2\/posts"}],"about":[{"href":"https:\/\/agromt.news\/index.php?rest_route=\/wp\/v2\/types\/post"}],"author":[{"embeddable":true,"href":"https:\/\/agromt.news\/index.php?rest_route=\/wp\/v2\/users\/1"}],"replies":[{"embeddable":true,"href":"https:\/\/agromt.news\/index.php?rest_route=%2Fwp%2Fv2%2Fcomments&post=16243"}],"version-history":[{"count":0,"href":"https:\/\/agromt.news\/index.php?rest_route=\/wp\/v2\/posts\/16243\/revisions"}],"wp:featuredmedia":[{"embeddable":true,"href":"https:\/\/agromt.news\/index.php?rest_route=\/wp\/v2\/media\/16244"}],"wp:attachment":[{"href":"https:\/\/agromt.news\/index.php?rest_route=%2Fwp%2Fv2%2Fmedia&parent=16243"}],"wp:term":[{"taxonomy":"category","embeddable":true,"href":"https:\/\/agromt.news\/index.php?rest_route=%2Fwp%2Fv2%2Fcategories&post=16243"},{"taxonomy":"post_tag","embeddable":true,"href":"https:\/\/agromt.news\/index.php?rest_route=%2Fwp%2Fv2%2Ftags&post=16243"}],"curies":[{"name":"wp","href":"https:\/\/api.w.org\/{rel}","templated":true}]}}