{"id":16241,"date":"2025-07-05T17:30:44","date_gmt":"2025-07-05T21:30:44","guid":{"rendered":"https:\/\/agromt.news\/?p=16241"},"modified":"2025-07-05T17:30:44","modified_gmt":"2025-07-05T21:30:44","slug":"governo-federal-entrega-maquinas-agricolas-a-municipios-de-sc","status":"publish","type":"post","link":"https:\/\/agromt.news\/?p=16241","title":{"rendered":"Governo federal entrega m\u00e1quinas agr\u00edcolas a munic\u00edpios de SC"},"content":{"rendered":"<p> <br \/>\n<br \/><img decoding=\"async\" src=\"https:\/\/agromt.news\/wp-content\/uploads\/2025\/07\/Governo-federal-entrega-maquinas-agricolas-a-municipios-de-SC.png\" \/><\/p>\n<div>\n<p>O Minist\u00e9rio da Agricultura e Pecu\u00e1ria (<a href=\"https:\/\/www.gov.br\/agricultura\/pt-br\">Mapa<\/a>), por meio da Superintend\u00eancia Federal da Agricultura em Santa Catarina (SFA-SC), realizou, na \u00faltima semana, a <a href=\"http:\/\/O%20Minist%C3%A9rio%20da%20Agricultura%20e%20Pecu%C3%A1ria%20(Mapa),%20por%20meio%20da%20Superintend%C3%AAncia%20Federal%20da%20Agricultura%20em%20Santa%20Catarina%20(SFA-SC),%20realizou%20nesta%20quinta-feira%20(3)%20a%20entrega%20de%20m%C3%A1quinas%20agr%C3%ADcolas%20a%20tr%C3%AAs%20munic%C3%ADpios%20do%20estado:%20Ararangu%C3%A1,%20Major%20Vieira%20e%20Santa%20Terezinha.%20A%20cerim%C3%B4nia%20ocorreu%20na%20sede%20da%20Superintend%C3%AAncia,%20em%20S%C3%A3o%20Jos%C3%A9,%20e%20marcou%20mais%20uma%20a%C3%A7%C3%A3o%20do%20Programa%20Nacional%20de%20Moderniza%C3%A7%C3%A3o%20e%20Apoio%20%C3%A0%20Produ%C3%A7%C3%A3o%20Agr%C3%ADcola%20(PROMAQ).\">entrega <\/a>de m\u00e1quinas agr\u00edcolas a tr\u00eas <a href=\"https:\/\/www.canalrural.com.br\/?s=Santa+Catarina\">munic\u00edpios<\/a> do estado: Ararangu\u00e1, Major Vieira e Santa Terezinha. A cerim\u00f4nia ocorreu na sede da Superintend\u00eancia, em S\u00e3o Jos\u00e9, e marcou mais uma a\u00e7\u00e3o do Programa Nacional de Moderniza\u00e7\u00e3o e Apoio \u00e0 Produ\u00e7\u00e3o Agr\u00edcola (Promaq).<\/p>\n<p>Estiveram presentes no evento os prefeitos Cesar Ant\u00f4nio (Ararangu\u00e1), Aline da Silva (Major Vieira) e Valquiria Schwarz (Santa Terezinha), al\u00e9m de representantes t\u00e9cnicos e chefes de divis\u00e3o da SFA-SC. As m\u00e1quinas entregues v\u00e3o ampliar a capacidade de atendimento \u00e0s demandas locais da agricultura familiar, especialmente em regi\u00f5es que dependem de infraestrutura adequada para escoar a produ\u00e7\u00e3o e garantir o sustento das comunidades rurais.<\/p>\n<p>A a\u00e7\u00e3o foi viabilizada com a colabora\u00e7\u00e3o das \u00e1reas t\u00e9cnicas da Superintend\u00eancia, como a Divis\u00e3o de Desenvolvimento Rural (DDR-SC), a Coordena\u00e7\u00e3o de Administra\u00e7\u00e3o (CAD-SC) e o Servi\u00e7o T\u00e9cnico Operacional (STO-SC). O PROMAQ tem como metas modernizar o setor agropecu\u00e1rio, promover a inclus\u00e3o produtiva e reduzir desigualdades regionais, sempre com responsabilidade ambiental e social.<\/p>\n<\/div>\n<div>\n<p>Para o chefe da DDR-SC, Ant\u00f4nio Castro, os investimentos representam um passo importante para dinamizar a economia agr\u00edcola local. \u201cA entrega dessas m\u00e1quinas \u00e9 estrat\u00e9gica para melhorar as estradas vicinais, facilitar o escoamento da produ\u00e7\u00e3o e garantir mais efici\u00eancia aos pequenos produtores. Isso fortalece a perman\u00eancia das fam\u00edlias no campo e contribui para a gera\u00e7\u00e3o de renda\u201d, afirmou.<\/p>\n<p>O superintendente da SFA-SC, Ivanor Boing, destacou a import\u00e2ncia da articula\u00e7\u00e3o entre os entes federativos. \u201cEssas entregas simbolizam o esfor\u00e7o conjunto entre o governo federal, parlamentares e administra\u00e7\u00f5es municipais em prol de um agro mais moderno e sustent\u00e1vel. A Superintend\u00eancia tem se empenhado em apoiar os munic\u00edpios e executar pol\u00edticas p\u00fablicas que respondam \u00e0s realidades locais\u201d, declarou.<\/p>\n<p>Durante o encontro, os chefes das divis\u00f5es da SFA-SC tamb\u00e9m apresentaram aos prefeitos um panorama das principais a\u00e7\u00f5es institucionais desenvolvidas pela Superintend\u00eancia. O chefe da \u00e1rea de Defesa Agropecu\u00e1ria (DDA-SC), Andr\u00e9 Vallim, explicou o papel do Mapa na garantia da sanidade animal e vegetal, rastreabilidade e conformidade dos produtos agropecu\u00e1rios.<\/p>\n<\/p><\/div>\n<p><br \/>\n<br \/><a href=\"https:\/\/www.canalrural.com.br\/agricultura\/agronegocio\/governo-federal-entrega-maquinas-agricolas-a-municipios-de-sc\/\">Source link <\/a><\/p>\n","protected":false},"excerpt":{"rendered":"<p>O Minist\u00e9rio da Agricultura e Pecu\u00e1ria (Mapa), por meio da Superintend\u00eancia Federal da Agricultura em Santa Catarina (SFA-SC), realizou, na<\/p>\n","protected":false},"author":1,"featured_media":16242,"comment_status":"open","ping_status":"open","sticky":false,"template":"","format":"standard","meta":{"_monsterinsights_skip_tracking":false,"_monsterinsights_sitenote_active":false,"_monsterinsights_sitenote_note":"","_monsterinsights_sitenote_category":0,"_uf_show_specific_survey":0,"_uf_disable_surveys":false,"footnotes":""},"categories":[1],"tags":[],"class_list":["post-16241","post","type-post","status-publish","format-standard","has-post-thumbnail","hentry","category-news"],"_links":{"self":[{"href":"https:\/\/agromt.news\/index.php?rest_route=\/wp\/v2\/posts\/16241"}],"collection":[{"href":"https:\/\/agromt.news\/index.php?rest_route=\/wp\/v2\/posts"}],"about":[{"href":"https:\/\/agromt.news\/index.php?rest_route=\/wp\/v2\/types\/post"}],"author":[{"embeddable":true,"href":"https:\/\/agromt.news\/index.php?rest_route=\/wp\/v2\/users\/1"}],"replies":[{"embeddable":true,"href":"https:\/\/agromt.news\/index.php?rest_route=%2Fwp%2Fv2%2Fcomments&post=16241"}],"version-history":[{"count":0,"href":"https:\/\/agromt.news\/index.php?rest_route=\/wp\/v2\/posts\/16241\/revisions"}],"wp:featuredmedia":[{"embeddable":true,"href":"https:\/\/agromt.news\/index.php?rest_route=\/wp\/v2\/media\/16242"}],"wp:attachment":[{"href":"https:\/\/agromt.news\/index.php?rest_route=%2Fwp%2Fv2%2Fmedia&parent=16241"}],"wp:term":[{"taxonomy":"category","embeddable":true,"href":"https:\/\/agromt.news\/index.php?rest_route=%2Fwp%2Fv2%2Fcategories&post=16241"},{"taxonomy":"post_tag","embeddable":true,"href":"https:\/\/agromt.news\/index.php?rest_route=%2Fwp%2Fv2%2Ftags&post=16241"}],"curies":[{"name":"wp","href":"https:\/\/api.w.org\/{rel}","templated":true}]}}