{"id":16234,"date":"2025-07-05T14:31:08","date_gmt":"2025-07-05T18:31:08","guid":{"rendered":"https:\/\/agromt.news\/?p=16234"},"modified":"2025-07-05T14:31:08","modified_gmt":"2025-07-05T18:31:08","slug":"the-bear-estreia-ultima-temporada-e-reforca-a-conexao-entre-cozinha-alimentos-e-paixao","status":"publish","type":"post","link":"https:\/\/agromt.news\/?p=16234","title":{"rendered":"&#8216;The Bear&#8217; estreia \u00faltima temporada e refor\u00e7a a conex\u00e3o entre cozinha, alimentos e paix\u00e3o"},"content":{"rendered":"<p> <br \/>\n<\/p>\n<div>\n<p>A aclamada s\u00e9rie <em>The Bear<\/em>, produzida pela FX e dispon\u00edvel no Star+, estreia sua <strong>terceira e \u00faltima temporada<\/strong> em 2025, com altas expectativas dos f\u00e3s e da cr\u00edtica. Desde seu lan\u00e7amento, a produ\u00e7\u00e3o conquistou pr\u00eamios, cora\u00e7\u00f5es e paladares ao mergulhar nas emo\u00e7\u00f5es de uma cozinha profissional em Chicago, explorando os desafios, tens\u00f5es e o amor pela gastronomia.<\/p>\n<p>Criada por Christopher Storer, a s\u00e9rie acompanha <strong>Carmen \u201cCarmy\u201d Berzatto<\/strong> (vivido por Jeremy Allen White), um jovem chef premiado que retorna para comandar a lanchonete da fam\u00edlia ap\u00f3s a morte do irm\u00e3o. A partir da\u00ed, a s\u00e9rie se transforma em um prato completo: drama, ritmo fren\u00e9tico, conflitos familiares e uma est\u00e9tica culin\u00e1ria arrebatadora. Para f\u00e3s de series, os in\u00fameros pr\u00eamios j\u00e1 deixam claro que estamos falando aqui de uma aula de dire\u00e7\u00e3o, roteiro, fotografia e atua\u00e7\u00f5es impec\u00e1veis.<\/p>\n<figure class=\"wp-block-image size-full\"><img fetchpriority=\"high\" decoding=\"async\" width=\"882\" height=\"496\" src=\"https:\/\/agromt.news\/wp-content\/uploads\/2025\/07\/The-Bear-estreia-ultima-temporada-e-reforca-a-conexao-entre.jpeg\" alt=\"Foto: Divulga\u00e7\u00e3o\/Hulu\" class=\"wp-image-4107057\"  \/><\/figure>\n<p>O grande diferencial de <em>The Bear<\/em> \u00e9 o <strong>realismo com que trata os alimentos<\/strong>. Os ingredientes n\u00e3o s\u00e3o meros coadjuvantes \u2014 eles t\u00eam papel central na narrativa. Cada prato representa mais do que sabor: \u00e9 mem\u00f3ria, cultura, conflito e reconcilia\u00e7\u00e3o. A s\u00e9rie faz quest\u00e3o de mostrar a <strong>origem dos alimentos<\/strong>, sua manipula\u00e7\u00e3o cuidadosa, o respeito pelo produtor e o valor do trabalho artesanal.<\/p>\n<p>Em muitos epis\u00f3dios, ingredientes simples como tomate, ervas frescas, p\u00e3o ou carne s\u00e3o tratados com a rever\u00eancia de uma joia rara. Isso aproxima o espectador da <strong>cadeia produtiva alimentar<\/strong>, destacando a import\u00e2ncia da qualidade da mat\u00e9ria-prima \u2014 algo que come\u00e7a l\u00e1 no campo, com o produtor rural.<\/p>\n<h2 class=\"wp-block-heading\" id=\"h-da-horta-ao-prato-o-agro-na-mesa-dos-chefs\">Da horta ao prato: o agro na mesa dos chefs<\/h2>\n<p>Apesar de n\u00e3o ser uma s\u00e9rie sobre o agroneg\u00f3cio, <em>The Bear<\/em> oferece uma oportunidade rara de refletir sobre a <strong>liga\u00e7\u00e3o direta entre produ\u00e7\u00e3o agr\u00edcola e gastronomia<\/strong>. Cada refei\u00e7\u00e3o elaborada pelos personagens \u00e9 resultado de uma cadeia que come\u00e7a muito antes de a cozinha entrar em a\u00e7\u00e3o: no plantio, na colheita, na cria\u00e7\u00e3o de animais e no transporte dos alimentos.<\/p>\n<p>A valoriza\u00e7\u00e3o de ingredientes frescos e locais, mostrada na s\u00e9rie, se alinha ao que muitos produtores rurais brasileiros vivem na pr\u00e1tica: o esfor\u00e7o para oferecer alimentos de qualidade que cheguem \u00e0 mesa com sabor, seguran\u00e7a e respeito ambiental. <\/p>\n<\/div>\n<div>\n<p>O que se v\u00ea na s\u00e9rie \u00e9 o resultado de um processo que envolve milhares de fam\u00edlias do campo \u2014 e que muitas vezes passa despercebido no grande centro urbano.<\/p>\n<figure class=\"wp-block-embed is-type-video is-provider-youtube wp-block-embed-youtube wp-embed-aspect-16-9 wp-has-aspect-ratio\">\n<p>\n<iframe title=\"O Urso | Temporada 4 | Trailer Oficial Legendado | Disney+\" width=\"800\" height=\"450\" src=\"https:\/\/www.youtube.com\/embed\/_GNhKOpbebI?feature=oembed\" frameborder=\"0\" allow=\"accelerometer; autoplay; clipboard-write; encrypted-media; gyroscope; picture-in-picture; web-share\" referrerpolicy=\"strict-origin-when-cross-origin\" allowfullscreen><\/iframe>\n<\/p>\n<\/figure>\n<h2 class=\"wp-block-heading\" id=\"h-o-cozinheiro-como-agricultor-emocional\">O cozinheiro como agricultor emocional<\/h2>\n<p>Em muitos momentos, <em>The Bear<\/em> mostra o chef como algu\u00e9m que <strong>\u201ccultiva\u201d rela\u00e7\u00f5es e emo\u00e7\u00f5es<\/strong> tanto quanto cultiva sabores. O respeito \u00e0 sazonalidade dos alimentos, o cuidado com o preparo e a tentativa constante de equilibrar tradi\u00e7\u00e3o e inova\u00e7\u00e3o lembram o trabalho do agricultor, que tamb\u00e9m lida com tempo, clima, paci\u00eancia e dedica\u00e7\u00e3o.<\/p>\n<p>A personagem <strong>Sydney<\/strong> (Ayo Edebiri), bra\u00e7o direito de Carmy, personifica essa sensibilidade: uma chef t\u00e9cnica, criativa e profundamente conectada com os ingredientes. Ela representa a nova gera\u00e7\u00e3o da gastronomia, que busca <strong>resgatar sabores regionais, reduzir desperd\u00edcios e entender o impacto da comida no planeta<\/strong>.<\/p>\n<h2 class=\"wp-block-heading\" id=\"h-gastronomia-como-elo-entre-o-campo-e-a-cidade\">Gastronomia como elo entre o campo e a cidade<\/h2>\n<p>Um dos m\u00e9ritos de <em>The Bear<\/em> \u00e9 mostrar como a gastronomia pode ser uma ponte entre universos distintos \u2014 e o <strong>campo tem lugar privilegiado nessa travessia<\/strong>. A s\u00e9rie retrata fornecedores, pequenos mercados locais e a valoriza\u00e7\u00e3o de ingredientes aut\u00eanticos como elementos indispens\u00e1veis para uma cozinha de excel\u00eancia.<\/p>\n<p>Esse movimento reflete uma tend\u00eancia crescente no mundo real: chefs renomados se aproximando de produtores rurais, feiras org\u00e2nicas, agricultura regenerativa e sistemas alimentares mais transparentes e justos. O que <em>The Bear<\/em> mostra nas telas j\u00e1 \u00e9 realidade em muitos restaurantes brasileiros e internacionais.<\/p>\n<p>A \u00faltima temporada de <em>The Bear<\/em> promete ser uma despedida agridoce \u2014 com os altos e baixos de um restaurante que busca excel\u00eancia, mas sem esquecer sua origem humilde. Para quem trabalha com alimentos \u2014 seja na lavoura ou na cozinha \u2014, a s\u00e9rie \u00e9 um lembrete poderoso de que <strong>todo prato come\u00e7a com uma semente<\/strong>.<\/p>\n<p>A emo\u00e7\u00e3o que se v\u00ea no olhar dos personagens diante de um prato pronto tamb\u00e9m est\u00e1 presente no sorriso de um agricultor ao ver sua safra dar certo. A conex\u00e3o entre o campo e o restaurante, entre a terra e o prato, \u00e9 o ingrediente invis\u00edvel que faz a diferen\u00e7a \u2014 e que <em>The Bear<\/em> sabe valorizar como ningu\u00e9m.<\/p>\n<\/p><\/div>\n<p><br \/>\n<br \/><a href=\"https:\/\/www.canalrural.com.br\/entretenimento\/the-bear-estreia-ultima-temporada-e-reforca-a-conexao-entre-cozinha-alimentos-e-paixao\/\">Source link <\/a><\/p>\n","protected":false},"excerpt":{"rendered":"<p>A aclamada s\u00e9rie The Bear, produzida pela FX e dispon\u00edvel no Star+, estreia sua terceira e \u00faltima temporada em 2025,<\/p>\n","protected":false},"author":1,"featured_media":16235,"comment_status":"open","ping_status":"open","sticky":false,"template":"","format":"standard","meta":{"_monsterinsights_skip_tracking":false,"_monsterinsights_sitenote_active":false,"_monsterinsights_sitenote_note":"","_monsterinsights_sitenote_category":0,"_uf_show_specific_survey":0,"_uf_disable_surveys":false,"footnotes":""},"categories":[1],"tags":[],"class_list":["post-16234","post","type-post","status-publish","format-standard","has-post-thumbnail","hentry","category-news"],"_links":{"self":[{"href":"https:\/\/agromt.news\/index.php?rest_route=\/wp\/v2\/posts\/16234"}],"collection":[{"href":"https:\/\/agromt.news\/index.php?rest_route=\/wp\/v2\/posts"}],"about":[{"href":"https:\/\/agromt.news\/index.php?rest_route=\/wp\/v2\/types\/post"}],"author":[{"embeddable":true,"href":"https:\/\/agromt.news\/index.php?rest_route=\/wp\/v2\/users\/1"}],"replies":[{"embeddable":true,"href":"https:\/\/agromt.news\/index.php?rest_route=%2Fwp%2Fv2%2Fcomments&post=16234"}],"version-history":[{"count":0,"href":"https:\/\/agromt.news\/index.php?rest_route=\/wp\/v2\/posts\/16234\/revisions"}],"wp:featuredmedia":[{"embeddable":true,"href":"https:\/\/agromt.news\/index.php?rest_route=\/wp\/v2\/media\/16235"}],"wp:attachment":[{"href":"https:\/\/agromt.news\/index.php?rest_route=%2Fwp%2Fv2%2Fmedia&parent=16234"}],"wp:term":[{"taxonomy":"category","embeddable":true,"href":"https:\/\/agromt.news\/index.php?rest_route=%2Fwp%2Fv2%2Fcategories&post=16234"},{"taxonomy":"post_tag","embeddable":true,"href":"https:\/\/agromt.news\/index.php?rest_route=%2Fwp%2Fv2%2Ftags&post=16234"}],"curies":[{"name":"wp","href":"https:\/\/api.w.org\/{rel}","templated":true}]}}