{"id":16232,"date":"2025-07-05T14:00:25","date_gmt":"2025-07-05T18:00:25","guid":{"rendered":"https:\/\/agromt.news\/?p=16232"},"modified":"2025-07-05T14:00:25","modified_gmt":"2025-07-05T18:00:25","slug":"para-seminario-reforca-estrategias-para-fortalecer-as-cadeias-do-cacau-e-do-acai","status":"publish","type":"post","link":"https:\/\/agromt.news\/?p=16232","title":{"rendered":"Par\u00e1: semin\u00e1rio refor\u00e7a estrat\u00e9gias para fortalecer as cadeias do cacau e do a\u00e7a\u00ed"},"content":{"rendered":"<p> <br \/>\n<br \/><img decoding=\"async\" src=\"https:\/\/agromt.news\/wp-content\/uploads\/2025\/07\/Para-seminario-reforca-estrategias-para-fortalecer-as-cadeias-do-cacau.jpeg\" \/><\/p>\n<div>\n<p>De 1\u00ba a 3 de julho, <a href=\"https:\/\/www.canalrural.com.br\/?s=Bel%C3%A9m\">Bel\u00e9m <\/a>foi palco do Semin\u00e1rio de Encerramento do Programa Rural Sustent\u00e1vel Amaz\u00f4nia no Par\u00e1 (PRS\/PA), iniciativa que reuniu <a href=\"https:\/\/www.canalrural.com.br\/?s=agroneg%C3%B3cio\">produtores<\/a>, especialistas, representantes do poder p\u00fablico e organiza\u00e7\u00f5es da sociedade civil. O encontro, promovido pelo Projeto Rural Sustent\u00e1vel Amaz\u00f4nia (PRS Amaz\u00f4nia) em parceria com o Minist\u00e9rio da Agricultura e Pecu\u00e1ria (<a href=\"https:\/\/www.gov.br\/agricultura\/pt-br\">Mapa<\/a>), debateu caminhos para fortalecer as cadeias produtivas do cacau e do a\u00e7a\u00ed no estado.<\/p>\n<p>Durante o evento, foram apresentados os principais resultados alcan\u00e7ados pelo projeto, al\u00e9m de estudos de mercado e planos elaborados com participa\u00e7\u00e3o ativa de organiza\u00e7\u00f5es socioprodutivas (OSPs), compostas majoritariamente por comunidades tradicionais, mulheres e jovens. As propostas mostraram a viabilidade de novos modelos de desenvolvimento que conciliam gera\u00e7\u00e3o de renda, valoriza\u00e7\u00e3o cultural e conserva\u00e7\u00e3o ambiental.<\/p>\n<p>\u201cA proposta foi identificar sinergias e integrar a\u00e7\u00f5es de diferentes parceiros, promovendo as boas pr\u00e1ticas do ABC+ de forma eficiente at\u00e9 quem realmente produz\u201d, afirmou Jo\u00e3o Cresc\u00eancio, secret\u00e1rio adjunto da Secretaria de Inova\u00e7\u00e3o, Desenvolvimento Sustent\u00e1vel, Irriga\u00e7\u00e3o e Cooperativismo. J\u00e1 Pedro Xavier, coordenador de Fortalecimento de Cadeias Produtivas do PRS, destacou que o semin\u00e1rio foi resultado de um processo de escuta ativa com diversos atores do setor. \u201cAs propostas apresentadas enfrentam gargalos estruturais e impulsionam o acesso a mercados e a valoriza\u00e7\u00e3o da floresta em p\u00e9\u201d, disse.<\/p>\n<\/div>\n<div>\n<p>O evento contou com a presen\u00e7a de autoridades como o secret\u00e1rio estadual Giovanni Corr\u00eaa Queiroz, o coordenador do Grupo Gestor Estadual, Tiago Catuxo, e o superintendente da Ceplac (PA e AM), Raul Guimar\u00e3es, al\u00e9m de representantes da Emater, Embrapa, UFPA, produtores rurais e entidades do setor agropecu\u00e1rio.<\/p>\n<p>A pr\u00f3xima etapa do PRS Amaz\u00f4nia acontece em Manaus, no dia 10 de julho, com o Semin\u00e1rio de Encerramento do Programa no Amazonas. A nova fase focar\u00e1 nas cadeias da castanha-do-Brasil e do pirarucu de manejo, com a apresenta\u00e7\u00e3o de estudos e planos de fortalecimento.<\/p>\n<p>O PRS Amaz\u00f4nia tem como objetivo mitigar as emiss\u00f5es de gases de efeito estufa no bioma Amaz\u00f4nico, a partir da promo\u00e7\u00e3o de cadeias produtivas sustent\u00e1veis, incentivo \u00e0 produ\u00e7\u00e3o respons\u00e1vel e dissemina\u00e7\u00e3o de conhecimento. Fruto de uma coopera\u00e7\u00e3o entre o Mapa, o governo do Reino Unido (DEFRA), o BID e o IABS, o projeto foi ampliado em 2025 com novos recursos voltados \u00e0 elabora\u00e7\u00e3o de planos de neg\u00f3cios e aquisi\u00e7\u00e3o de benef\u00edcios coletivos e servi\u00e7os t\u00e9cnicos. A execu\u00e7\u00e3o das novas a\u00e7\u00f5es est\u00e1 prevista para iniciar em setembro.<\/p>\n<\/p><\/div>\n<p><br \/>\n<br \/><a href=\"https:\/\/www.canalrural.com.br\/agricultura\/para-seminario-reforca-estrategias-para-fortalecer-as-cadeias-do-cacau-e-do-acai\/\">Source link <\/a><\/p>\n","protected":false},"excerpt":{"rendered":"<p>De 1\u00ba a 3 de julho, Bel\u00e9m foi palco do Semin\u00e1rio de Encerramento do Programa Rural Sustent\u00e1vel Amaz\u00f4nia no Par\u00e1<\/p>\n","protected":false},"author":1,"featured_media":16233,"comment_status":"open","ping_status":"open","sticky":false,"template":"","format":"standard","meta":{"_monsterinsights_skip_tracking":false,"_monsterinsights_sitenote_active":false,"_monsterinsights_sitenote_note":"","_monsterinsights_sitenote_category":0,"_uf_show_specific_survey":0,"_uf_disable_surveys":false,"footnotes":""},"categories":[1],"tags":[],"class_list":["post-16232","post","type-post","status-publish","format-standard","has-post-thumbnail","hentry","category-news"],"_links":{"self":[{"href":"https:\/\/agromt.news\/index.php?rest_route=\/wp\/v2\/posts\/16232"}],"collection":[{"href":"https:\/\/agromt.news\/index.php?rest_route=\/wp\/v2\/posts"}],"about":[{"href":"https:\/\/agromt.news\/index.php?rest_route=\/wp\/v2\/types\/post"}],"author":[{"embeddable":true,"href":"https:\/\/agromt.news\/index.php?rest_route=\/wp\/v2\/users\/1"}],"replies":[{"embeddable":true,"href":"https:\/\/agromt.news\/index.php?rest_route=%2Fwp%2Fv2%2Fcomments&post=16232"}],"version-history":[{"count":0,"href":"https:\/\/agromt.news\/index.php?rest_route=\/wp\/v2\/posts\/16232\/revisions"}],"wp:featuredmedia":[{"embeddable":true,"href":"https:\/\/agromt.news\/index.php?rest_route=\/wp\/v2\/media\/16233"}],"wp:attachment":[{"href":"https:\/\/agromt.news\/index.php?rest_route=%2Fwp%2Fv2%2Fmedia&parent=16232"}],"wp:term":[{"taxonomy":"category","embeddable":true,"href":"https:\/\/agromt.news\/index.php?rest_route=%2Fwp%2Fv2%2Fcategories&post=16232"},{"taxonomy":"post_tag","embeddable":true,"href":"https:\/\/agromt.news\/index.php?rest_route=%2Fwp%2Fv2%2Ftags&post=16232"}],"curies":[{"name":"wp","href":"https:\/\/api.w.org\/{rel}","templated":true}]}}