{"id":16231,"date":"2025-07-05T13:58:52","date_gmt":"2025-07-05T17:58:52","guid":{"rendered":"https:\/\/agromt.news\/?p=16231"},"modified":"2025-07-05T13:58:52","modified_gmt":"2025-07-05T17:58:52","slug":"90-das-lavouras-estao-em-fase-vegetativa","status":"publish","type":"post","link":"https:\/\/agromt.news\/?p=16231","title":{"rendered":"90% das lavouras est\u00e3o em fase vegetativa"},"content":{"rendered":"<p> <br \/>\n<\/p>\n<div>\n<p style=\"text-align:justify\">As lavouras de canola no Rio Grande do Sul avan\u00e7am em meio a condi\u00e7\u00f5es clim\u00e1ticas adversas. Conforme o Informativo Conjuntural divulgado pela Emater\/RS-Ascar na quinta-feira (3), cerca de 95% da \u00e1rea prevista com a cultura j\u00e1 foi semeada no estado, mas o excesso de chuvas e as recentes geadas causaram impactos vari\u00e1veis no desenvolvimento das planta\u00e7\u00f5es.&#13;\n<\/p>\n<p style=\"text-align:justify\">\u201cO tempo firme no in\u00edcio do per\u00edodo favoreceu o crescimento das lavouras, mas os volumes elevados de precipita\u00e7\u00e3o registrados no final de semana dificultaram a realiza\u00e7\u00e3o de tratos culturais e prejudicaram a aera\u00e7\u00e3o do solo\u201d, informou a Emater.<\/p>\n<p style=\"text-align:justify\">Segundo a entidade, 90% das lavouras encontram-se em fase de desenvolvimento vegetativo, enquanto 10% est\u00e3o em flora\u00e7\u00e3o. O registro de geadas levantou preocupa\u00e7\u00f5es quanto a poss\u00edveis danos, especialmente em \u00e1reas com cultivos mais adiantados, que permanecem sob monitoramento.<\/p>\n<p style=\"text-align:justify\">A estimativa da Emater\/RS-Ascar \u00e9 de que 203.206 hectares sejam cultivados com canola nesta safra, com produtividade m\u00e9dia projetada em 1.737 kg\/ha.<\/p>\n<p style=\"text-align:justify\">Na regi\u00e3o de Bag\u00e9, dos 6.500 hectares j\u00e1 semeados em S\u00e3o Borja, 20% est\u00e3o em flora\u00e7\u00e3o. A expectativa \u00e9 concluir a \u00e1rea inicialmente prevista de 8.000 hectares, desde que o clima se mantenha favor\u00e1vel. Em Manoel Viana, as chuvas causaram perdas significativas, e h\u00e1 \u00e1reas onde se avalia a substitui\u00e7\u00e3o da cultura, uma vez que o per\u00edodo ideal de plantio, conforme o Zoneamento Agr\u00edcola de Risco Clim\u00e1tico (Zarc), j\u00e1 se encerrou.&#13;\n<\/p>\n<p style=\"text-align:justify\">Em Frederico Westphalen, 75% das lavouras est\u00e3o em flora\u00e7\u00e3o. J\u00e1 na regi\u00e3o de Iju\u00ed, os impactos das geadas ainda est\u00e3o sendo avaliados. A baixa luminosidade tem limitado o crescimento das plantas, embora lavouras implantadas entre o fim de maio e in\u00edcio de junho apresentem bom estande.<\/p>\n<p style=\"text-align:justify\">Na regi\u00e3o de Santa Rosa, 97% da \u00e1rea prevista est\u00e1 implantada, com 30% das lavouras em flora\u00e7\u00e3o. A Emater alerta para poss\u00edveis preju\u00edzos causados pelas geadas de 24 e 25 de junho, ainda sob avalia\u00e7\u00e3o.<\/p>\n<p style=\"text-align:justify\">Em Soledade, mesmo com altos volumes de chuva, o desenvolvimento da cultura segue dentro do esperado. As lavouras iniciam a emiss\u00e3o da haste floral e seguem recebendo aduba\u00e7\u00e3o nitrogenada e monitoramento fitossanit\u00e1rio.<\/p>\n<p style=\"text-align:justify\">No mercado, o pre\u00e7o da saca de 60 quilos variou entre as regi\u00f5es: R$ 107,10 em Iju\u00ed; R$ 108,00 em Frederico Westphalen; R$ 108,74 em Santa Rosa; e R$ 94,00 em Santana do Livramento.<\/p>\n<\/p><\/div>\n<p><script data-cfasync=\"false\">\n    !function (f, b, e, v, n, t, s) {\n        if (f.fbq) return; n = f.fbq = function () {\n            n.callMethod ?\n                n.callMethod.apply(n, arguments) : n.queue.push(arguments)\n        };\n        if (!f._fbq) f._fbq = n; n.push = n; n.loaded = !0; n.version = '2.0';\n        n.queue = []; t = b.createElement(e); t.async = !0;\n        t.src = v; s = b.getElementsByTagName(e)[0];\n        s.parentNode.insertBefore(t, s)\n    }(window, document, 'script',\n        'https:\/\/connect.facebook.net\/en_US\/fbevents.js');\n    fbq('init', '522546078623747');\n    fbq('track', 'PageView');\n<\/script><br \/>\n<br \/><br \/>\n<br \/><a href=\"https:\/\/www.agrolink.com.br\/noticias\/canola--90--das-lavouras-estao-em-fase-vegetativa_503613.html\">Source link <\/a><\/p>\n","protected":false},"excerpt":{"rendered":"<p>As lavouras de canola no Rio Grande do Sul avan\u00e7am em meio a condi\u00e7\u00f5es clim\u00e1ticas adversas. Conforme o Informativo Conjuntural<\/p>\n","protected":false},"author":1,"featured_media":8170,"comment_status":"open","ping_status":"open","sticky":false,"template":"","format":"standard","meta":{"_monsterinsights_skip_tracking":false,"_monsterinsights_sitenote_active":false,"_monsterinsights_sitenote_note":"","_monsterinsights_sitenote_category":0,"_uf_show_specific_survey":0,"_uf_disable_surveys":false,"footnotes":""},"categories":[8,1,14],"tags":[],"class_list":["post-16231","post","type-post","status-publish","format-standard","has-post-thumbnail","hentry","category-agro","category-news","category-politica-agro"],"_links":{"self":[{"href":"https:\/\/agromt.news\/index.php?rest_route=\/wp\/v2\/posts\/16231"}],"collection":[{"href":"https:\/\/agromt.news\/index.php?rest_route=\/wp\/v2\/posts"}],"about":[{"href":"https:\/\/agromt.news\/index.php?rest_route=\/wp\/v2\/types\/post"}],"author":[{"embeddable":true,"href":"https:\/\/agromt.news\/index.php?rest_route=\/wp\/v2\/users\/1"}],"replies":[{"embeddable":true,"href":"https:\/\/agromt.news\/index.php?rest_route=%2Fwp%2Fv2%2Fcomments&post=16231"}],"version-history":[{"count":0,"href":"https:\/\/agromt.news\/index.php?rest_route=\/wp\/v2\/posts\/16231\/revisions"}],"wp:featuredmedia":[{"embeddable":true,"href":"https:\/\/agromt.news\/index.php?rest_route=\/wp\/v2\/media\/8170"}],"wp:attachment":[{"href":"https:\/\/agromt.news\/index.php?rest_route=%2Fwp%2Fv2%2Fmedia&parent=16231"}],"wp:term":[{"taxonomy":"category","embeddable":true,"href":"https:\/\/agromt.news\/index.php?rest_route=%2Fwp%2Fv2%2Fcategories&post=16231"},{"taxonomy":"post_tag","embeddable":true,"href":"https:\/\/agromt.news\/index.php?rest_route=%2Fwp%2Fv2%2Ftags&post=16231"}],"curies":[{"name":"wp","href":"https:\/\/api.w.org\/{rel}","templated":true}]}}