{"id":16222,"date":"2025-07-05T10:56:59","date_gmt":"2025-07-05T14:56:59","guid":{"rendered":"https:\/\/agromt.news\/?p=16222"},"modified":"2025-07-05T10:56:59","modified_gmt":"2025-07-05T14:56:59","slug":"avicultura-caipira-garante-renda-e-proposito-para-familia-em-uberaba","status":"publish","type":"post","link":"https:\/\/agromt.news\/?p=16222","title":{"rendered":"Avicultura caipira garante renda e prop\u00f3sito para fam\u00edlia em Uberaba"},"content":{"rendered":"<p> <br \/>\n<br \/><img decoding=\"async\" src=\"https:\/\/agromt.news\/wp-content\/uploads\/2025\/07\/Avicultura-caipira-garante-renda-e-proposito-para-familia-em-Uberaba.jpg\" \/><\/p>\n<div>\n<p>Desde 2013, a avicultura caipira transformou a vida da fam\u00edlia de Fl\u00e1via Mendes, no S\u00edtio Figamar, em Uberaba (MG). Nascida no campo, ela viu a atividade crescer, partindo de uma granja de trato mais manual at\u00e9 chegar aos tr\u00eas galp\u00f5es automatizados, com cerca de 60 mil frangos caipiras.<\/p>\n<p>A atividade <strong><a href=\"https:\/\/www.canalrural.com.br\/aves-e-suinos\/\">av\u00edcola <\/a><\/strong>come\u00e7ou num momento dif\u00edcil, quando a fam\u00edlia pensava em deixar a vida rural. Mas tudo mudou com a compra da propriedade e o incentivo de um vizinho, que convenceu o pai de Fl\u00e1via a construir o primeiro galp\u00e3o.<\/p>\n<blockquote class=\"wp-block-quote is-layout-flow wp-block-quote-is-layout-flow\">\n<p>\u201cA emo\u00e7\u00e3o de ver a granja cheia de pintinhos foi enorme. Era tudo manual, muito puxado, mas a gente acreditou\u201d, relembra Fl\u00e1via.<\/p>\n<\/blockquote>\n<h3 class=\"wp-block-heading\" id=\"h-superacao-marcou-momentos-mais-dificeis-da-granja\"><strong>Supera\u00e7\u00e3o marcou momentos mais dif\u00edceis da granja<\/strong><\/h3>\n<p>Em 2020, uma chuva de pedra danificou a estrutura e quase for\u00e7ou a fam\u00edlia a desistir. Com apoio t\u00e9cnico e muita persist\u00eancia, reconstru\u00edram o espa\u00e7o e investiram em tecnologia e automa\u00e7\u00e3o.<\/p>\n<\/div>\n<div>\n<p>A granja passou a contar com ventiladores, sensores e sistemas de ambi\u00eancia para garantir o bem-estar animal e a qualidade dos frangos.<\/p>\n<blockquote class=\"wp-block-quote is-layout-flow wp-block-quote-is-layout-flow\">\n<p>\u201cQuando a gente entrega o lote, vem aquela satisfa\u00e7\u00e3o de dever cumprido. A gente sempre busca reinvestir nas granjas com o objetivo de melhorar e facilitar o dia a dia\u201d, comenta Fl\u00e1via.<\/p>\n<\/blockquote>\n<figure class=\"wp-block-embed is-type-video is-provider-youtube wp-block-embed-youtube wp-embed-aspect-16-9 wp-has-aspect-ratio\">\n<p>\n<iframe title=\"Fl\u00e1via Mendes lidera produ\u00e7\u00e3o de 60 mil frangos caipiras em MG | Interligados - Vida no Campo\" width=\"800\" height=\"450\" src=\"https:\/\/www.youtube.com\/embed\/vWXsgMZy8mI?feature=oembed\" frameborder=\"0\" allow=\"accelerometer; autoplay; clipboard-write; encrypted-media; gyroscope; picture-in-picture; web-share\" referrerpolicy=\"strict-origin-when-cross-origin\" allowfullscreen><\/iframe>\n<\/p><figcaption class=\"wp-element-caption\">Vida no Campo: Toda sexta-feira, \u00e0s 11h30 da manh\u00e3, tem epis\u00f3dio novo no Interligados<\/figcaption><\/figure>\n<p><strong>Fa\u00e7a parte da nossa\u00a0<a href=\"https:\/\/chat.whatsapp.com\/KHdVAB6MSXAJBTe0S657Ip\" target=\"_blank\" rel=\"noreferrer noopener\">comunidade no WhatsApp<\/a>!<br \/><\/strong>Entre no grupo do Interligados e fique por dentro de not\u00edcias, dicas t\u00e9cnicas e novidades das cadeias de aves e su\u00ednos, al\u00e9m de acompanhar o dia a dia no campo. \u00c9 r\u00e1pido, f\u00e1cil e cheio de conte\u00fados especiais! \ud83e\udde1<br \/>\ud83d\udd17<a href=\"https:\/\/chat.whatsapp.com\/KHdVAB6MSXAJBTe0S657Ip\" target=\"_blank\" rel=\"noreferrer noopener\">\u00a0Clique aqui e junte-se a n\u00f3s<\/a>.<\/p>\n<\/p><\/div>\n<p><br \/>\n<br \/><a href=\"https:\/\/www.canalrural.com.br\/aves-e-suinos\/avicultura-caipira-garante-renda-e-proposito-para-familia-em-uberaba\/\">Source link <\/a><\/p>\n","protected":false},"excerpt":{"rendered":"<p>Desde 2013, a avicultura caipira transformou a vida da fam\u00edlia de Fl\u00e1via Mendes, no S\u00edtio Figamar, em Uberaba (MG). Nascida<\/p>\n","protected":false},"author":1,"featured_media":16223,"comment_status":"open","ping_status":"open","sticky":false,"template":"","format":"standard","meta":{"_monsterinsights_skip_tracking":false,"_monsterinsights_sitenote_active":false,"_monsterinsights_sitenote_note":"","_monsterinsights_sitenote_category":0,"_uf_show_specific_survey":0,"_uf_disable_surveys":false,"footnotes":""},"categories":[1],"tags":[],"class_list":["post-16222","post","type-post","status-publish","format-standard","has-post-thumbnail","hentry","category-news"],"_links":{"self":[{"href":"https:\/\/agromt.news\/index.php?rest_route=\/wp\/v2\/posts\/16222"}],"collection":[{"href":"https:\/\/agromt.news\/index.php?rest_route=\/wp\/v2\/posts"}],"about":[{"href":"https:\/\/agromt.news\/index.php?rest_route=\/wp\/v2\/types\/post"}],"author":[{"embeddable":true,"href":"https:\/\/agromt.news\/index.php?rest_route=\/wp\/v2\/users\/1"}],"replies":[{"embeddable":true,"href":"https:\/\/agromt.news\/index.php?rest_route=%2Fwp%2Fv2%2Fcomments&post=16222"}],"version-history":[{"count":0,"href":"https:\/\/agromt.news\/index.php?rest_route=\/wp\/v2\/posts\/16222\/revisions"}],"wp:featuredmedia":[{"embeddable":true,"href":"https:\/\/agromt.news\/index.php?rest_route=\/wp\/v2\/media\/16223"}],"wp:attachment":[{"href":"https:\/\/agromt.news\/index.php?rest_route=%2Fwp%2Fv2%2Fmedia&parent=16222"}],"wp:term":[{"taxonomy":"category","embeddable":true,"href":"https:\/\/agromt.news\/index.php?rest_route=%2Fwp%2Fv2%2Fcategories&post=16222"},{"taxonomy":"post_tag","embeddable":true,"href":"https:\/\/agromt.news\/index.php?rest_route=%2Fwp%2Fv2%2Ftags&post=16222"}],"curies":[{"name":"wp","href":"https:\/\/api.w.org\/{rel}","templated":true}]}}