{"id":16218,"date":"2025-07-05T09:44:39","date_gmt":"2025-07-05T13:44:39","guid":{"rendered":"https:\/\/agromt.news\/?p=16218"},"modified":"2025-07-05T09:44:39","modified_gmt":"2025-07-05T13:44:39","slug":"nova-onda-de-frio-saiba-como-fica-o-tempo-daqui-a-outubro","status":"publish","type":"post","link":"https:\/\/agromt.news\/?p=16218","title":{"rendered":"Nova onda de frio? Saiba como fica o tempo daqui a outubro"},"content":{"rendered":"<p> <br \/>\n<br \/><img decoding=\"async\" src=\"https:\/\/agromt.news\/wp-content\/uploads\/2025\/07\/Nova-onda-de-frio-Saiba-como-fica-o-tempo-daqui.jpg\" \/><\/p>\n<div>\n<p>Depois de <a href=\"https:\/\/www.canalrural.com.br\/?s=onda+de+frio\">dias gelados <\/a>e muito, muito frio, uma novidade no campo: a quarta e mais intensa onda de frio do ano chegou ao fim. Com isso, o Brasil entra em um novo cap\u00edtulo clim\u00e1tico e a previs\u00e3o do tempo n\u00e3o aponta novas massas polares capazes de derrubar as temperaturas nos pr\u00f3ximos dias. Pelo contr\u00e1rio, as temperaturas m\u00ednimas e m\u00e1ximas devem come\u00e7ar a subir gradualmente.<\/p>\n<figure class=\"wp-block-embed is-type-video is-provider-youtube wp-block-embed-youtube wp-embed-aspect-16-9 wp-has-aspect-ratio\">\n<p>\n<iframe title=\"Soja: nova onda de frio? Saiba como fica o tempo daqui a outubro\" width=\"800\" height=\"450\" src=\"https:\/\/www.youtube.com\/embed\/U5hfeq4BaQw?feature=oembed\" frameborder=\"0\" allow=\"accelerometer; autoplay; clipboard-write; encrypted-media; gyroscope; picture-in-picture; web-share\" referrerpolicy=\"strict-origin-when-cross-origin\" allowfullscreen><\/iframe><noscript><iframe title=\"Soja: nova onda de frio? Saiba como fica o tempo daqui a outubro\" width=\"800\" height=\"450\" src=\"https:\/\/www.youtube.com\/embed\/U5hfeq4BaQw?feature=oembed\" frameborder=\"0\" allow=\"accelerometer; autoplay; clipboard-write; encrypted-media; gyroscope; picture-in-picture; web-share\" referrerpolicy=\"strict-origin-when-cross-origin\" allowfullscreen><\/iframe><\/noscript>\n<\/p>\n<\/figure>\n<ul class=\"wp-block-list\">\n<li><strong><em>Fique por dentro das novidades e not\u00edcias recentes sobre a soja! Participe da nossa comunidade atrav\u00e9s do\u00a0<a href=\"https:\/\/chat.whatsapp.com\/BmMRwA0TZ2DHGyhzoaVEWu\">link<\/a><\/em><\/strong>!<\/li>\n<\/ul>\n<p>Mas enquanto o frio d\u00e1 uma tr\u00e9gua, outro alerta permanece aceso: a seca. O Brasil Central segue com tempo seco, sem nenhuma perspectiva de chuva nos pr\u00f3ximos 30 dias. Estados como Mato Grosso, Mato Grosso do Sul e Paran\u00e1 devem atravessar julho e agosto praticamente sem precipita\u00e7\u00f5es, o que acende o sinal de alerta para o planejamento da safra de soja de ver\u00e3o 2025\/2026.<\/p>\n<\/div>\n<div>\n<h2 class=\"wp-block-heading\" id=\"h-o-tempo-nos-proximos-meses\">O tempo nos pr\u00f3ximos meses<\/h2>\n<p>A situa\u00e7\u00e3o h\u00eddrica preocupa. Agosto, que j\u00e1 \u00e9 um m\u00eas historicamente seco, n\u00e3o traz surpresas positivas. E com El Ni\u00f1o e La Ni\u00f1a fora de cena, o clima segue neutro, com baixa previsibilidade. A esperan\u00e7a come\u00e7a a surgir em setembro, quando alguns modelos indicam a volta t\u00edmida das chuvas, mas nada que resolva de imediato o d\u00e9ficit acumulado.<\/p>\n<p>Por fim, as estimativas apontam at\u00e9 75 mm de chuva em setembro, o que \u00e9 pouco para reverter a seca. Para os produtores, a orienta\u00e7\u00e3o \u00e9 clara: \u00e9 preciso cautela. A recupera\u00e7\u00e3o s\u00f3 come\u00e7a de verdade em outubro, quando os volumes passam dos 150 mm em regi\u00f5es como o Paran\u00e1, sinalizando o despertar das chuvas de ver\u00e3o. Ainda assim, o retorno da umidade ser\u00e1 gradual, e s\u00f3 deve se consolidar com chuvas di\u00e1rias de pelo menos 20 mm.<\/p>\n<\/p><\/div>\n<p><br \/>\n<br \/><a href=\"https:\/\/www.canalrural.com.br\/agricultura\/projeto-soja-brasil\/nova-onda-de-frio-saiba-como-fica-o-tempo-daqui-a-outubro\/\">Source link <\/a><\/p>\n","protected":false},"excerpt":{"rendered":"<p>Depois de dias gelados e muito, muito frio, uma novidade no campo: a quarta e mais intensa onda de frio<\/p>\n","protected":false},"author":1,"featured_media":16219,"comment_status":"open","ping_status":"open","sticky":false,"template":"","format":"standard","meta":{"_monsterinsights_skip_tracking":false,"_monsterinsights_sitenote_active":false,"_monsterinsights_sitenote_note":"","_monsterinsights_sitenote_category":0,"_uf_show_specific_survey":0,"_uf_disable_surveys":false,"footnotes":""},"categories":[1],"tags":[],"class_list":["post-16218","post","type-post","status-publish","format-standard","has-post-thumbnail","hentry","category-news"],"_links":{"self":[{"href":"https:\/\/agromt.news\/index.php?rest_route=\/wp\/v2\/posts\/16218"}],"collection":[{"href":"https:\/\/agromt.news\/index.php?rest_route=\/wp\/v2\/posts"}],"about":[{"href":"https:\/\/agromt.news\/index.php?rest_route=\/wp\/v2\/types\/post"}],"author":[{"embeddable":true,"href":"https:\/\/agromt.news\/index.php?rest_route=\/wp\/v2\/users\/1"}],"replies":[{"embeddable":true,"href":"https:\/\/agromt.news\/index.php?rest_route=%2Fwp%2Fv2%2Fcomments&post=16218"}],"version-history":[{"count":0,"href":"https:\/\/agromt.news\/index.php?rest_route=\/wp\/v2\/posts\/16218\/revisions"}],"wp:featuredmedia":[{"embeddable":true,"href":"https:\/\/agromt.news\/index.php?rest_route=\/wp\/v2\/media\/16219"}],"wp:attachment":[{"href":"https:\/\/agromt.news\/index.php?rest_route=%2Fwp%2Fv2%2Fmedia&parent=16218"}],"wp:term":[{"taxonomy":"category","embeddable":true,"href":"https:\/\/agromt.news\/index.php?rest_route=%2Fwp%2Fv2%2Fcategories&post=16218"},{"taxonomy":"post_tag","embeddable":true,"href":"https:\/\/agromt.news\/index.php?rest_route=%2Fwp%2Fv2%2Ftags&post=16218"}],"curies":[{"name":"wp","href":"https:\/\/api.w.org\/{rel}","templated":true}]}}