{"id":16216,"date":"2025-07-05T09:14:54","date_gmt":"2025-07-05T13:14:54","guid":{"rendered":"https:\/\/agromt.news\/?p=16216"},"modified":"2025-07-05T09:14:54","modified_gmt":"2025-07-05T13:14:54","slug":"fortalecendo-quem-cultiva-o-campo","status":"publish","type":"post","link":"https:\/\/agromt.news\/?p=16216","title":{"rendered":"fortalecendo quem cultiva o campo"},"content":{"rendered":"<p> <br \/>\n<br \/><img decoding=\"async\" src=\"https:\/\/agromt.news\/wp-content\/uploads\/2025\/07\/fortalecendo-quem-cultiva-o-campo.png\" \/><\/p>\n<div>\n<p>O <a href=\"https:\/\/sebrae.com.br\/sites\/PortalSebrae\/\">Sebrae<\/a> comemora 53 anos de atua\u00e7\u00e3o neste s\u00e1bado com a miss\u00e3o que permanece firme desde o in\u00edcio: fortalecer o micro e pequeno empreendedor brasileiro, especialmente no campo. De Norte a Sul do pa\u00eds, a institui\u00e7\u00e3o tem sido parceira de quem vive da terra, empreende com prop\u00f3sito e move o agroneg\u00f3cio de base familiar.<\/p>\n<h2 class=\"wp-block-heading has-medium-font-size\" id=\"h-o-que-o-sebrae-faz-pelo-produtor-rural\"><strong>O que o Sebrae faz pelo produtor rural?<\/strong><\/h2>\n<p>O micro e pequeno produtor rural encontra no Sebrae apoio em todas as etapas da jornada empreendedora. Seja para formalizar o neg\u00f3cio, melhorar a gest\u00e3o, acessar novos mercados ou inovar na produ\u00e7\u00e3o, o Sebrae oferece orienta\u00e7\u00e3o personalizada, consultorias, cursos e ferramentas que geram resultados concretos.<\/p>\n<p>Entre os principais servi\u00e7os voltados ao campo est\u00e3o:<\/p>\n<ul class=\"wp-block-list\">\n<li>CNPJ Rural e formaliza\u00e7\u00e3o como MEI Rural<\/li>\n<li>Programas como ALI Rural, Agronordeste e SebraeTec<\/li>\n<li>Apoio na conquista de certifica\u00e7\u00f5es e Indica\u00e7\u00f5es Geogr\u00e1ficas<\/li>\n<li>Educa\u00e7\u00e3o empreendedora no campo<\/li>\n<li>Tecnologias acess\u00edveis para melhorar a produtividade<\/li>\n<li>Fomento a cooperativas e agroind\u00fastrias<\/li>\n<\/ul>\n<h2 class=\"wp-block-heading has-medium-font-size\" id=\"h-historias-que-inspiram\"><strong>Hist\u00f3rias que inspiram<\/strong><\/h2>\n<p>Ao longo dos seus 53 anos, o Sebrae tem sido um parceiro estrat\u00e9gico para quem decide empreender no campo inclusive em atividades que v\u00e3o al\u00e9m da produ\u00e7\u00e3o agr\u00edcola. O turismo rural, por exemplo, tem ganhado for\u00e7a com o apoio da institui\u00e7\u00e3o. A empreendedora Juliana que participou de uma miss\u00e3o empresarial promovida pelo Sebrae, conta que foi a partir dessa experi\u00eancia que tudo come\u00e7ou:<\/p>\n<\/div>\n<div>\n<blockquote class=\"wp-block-quote is-layout-flow wp-block-quote-is-layout-flow\">\n<p>\u201cPra mim o Sebrae foi, assim\u2026 Essencial, n\u00e9? Foi o come\u00e7o de tudo. Inclusive para o turismo rural. Porque eu fiz uma miss\u00e3o empresarial com o Sebrae. Pro sul. Foi aonde, assim\u2026 Veio milh\u00f5es de ideias. Quando eu cheguei aqui eu falei: \u2018N\u00e3o, eu quero trabalhar com turismo\u2019. E tudo isso gra\u00e7as ao Sebrae.\u201d<\/p>\n<\/blockquote>\n<ul class=\"wp-block-list\">\n<li><em><em>Participe do Porteira Aberta Empreender: envie perguntas, sugest\u00f5es e conte sua hist\u00f3ria de empreendedorismo pelo <\/em><a href=\"https:\/\/api.whatsapp.com\/send?phone=5511932796720&amp;PorteiraAbertaEmpreender=SuaMensagem\"><strong>WhatsApp<\/strong><\/a><\/em><\/li>\n<\/ul>\n<h2 class=\"wp-block-heading has-medium-font-size\" id=\"h-parceria\">Parceria<\/h2>\n<p>O Canal Rural parabeniza o Sebrae pelos 53 anos de atua\u00e7\u00e3o em prol do empreendedorismo e do fortalecimento dos pequenos neg\u00f3cios no Brasil. Uma parceria que compartilha o compromisso com o desenvolvimento sustent\u00e1vel do agroneg\u00f3cio e dos territ\u00f3rios rurais.<\/p>\n<\/p><\/div>\n<p><br \/>\n<br \/><a href=\"https:\/\/www.canalrural.com.br\/empreendedorismo\/sebrae-53-anos-fortalecendo-quem-cultiva-o-campo\/\">Source link <\/a><\/p>\n","protected":false},"excerpt":{"rendered":"<p>O Sebrae comemora 53 anos de atua\u00e7\u00e3o neste s\u00e1bado com a miss\u00e3o que permanece firme desde o in\u00edcio: fortalecer o<\/p>\n","protected":false},"author":1,"featured_media":16217,"comment_status":"open","ping_status":"open","sticky":false,"template":"","format":"standard","meta":{"_monsterinsights_skip_tracking":false,"_monsterinsights_sitenote_active":false,"_monsterinsights_sitenote_note":"","_monsterinsights_sitenote_category":0,"_uf_show_specific_survey":0,"_uf_disable_surveys":false,"footnotes":""},"categories":[1],"tags":[],"class_list":["post-16216","post","type-post","status-publish","format-standard","has-post-thumbnail","hentry","category-news"],"_links":{"self":[{"href":"https:\/\/agromt.news\/index.php?rest_route=\/wp\/v2\/posts\/16216"}],"collection":[{"href":"https:\/\/agromt.news\/index.php?rest_route=\/wp\/v2\/posts"}],"about":[{"href":"https:\/\/agromt.news\/index.php?rest_route=\/wp\/v2\/types\/post"}],"author":[{"embeddable":true,"href":"https:\/\/agromt.news\/index.php?rest_route=\/wp\/v2\/users\/1"}],"replies":[{"embeddable":true,"href":"https:\/\/agromt.news\/index.php?rest_route=%2Fwp%2Fv2%2Fcomments&post=16216"}],"version-history":[{"count":0,"href":"https:\/\/agromt.news\/index.php?rest_route=\/wp\/v2\/posts\/16216\/revisions"}],"wp:featuredmedia":[{"embeddable":true,"href":"https:\/\/agromt.news\/index.php?rest_route=\/wp\/v2\/media\/16217"}],"wp:attachment":[{"href":"https:\/\/agromt.news\/index.php?rest_route=%2Fwp%2Fv2%2Fmedia&parent=16216"}],"wp:term":[{"taxonomy":"category","embeddable":true,"href":"https:\/\/agromt.news\/index.php?rest_route=%2Fwp%2Fv2%2Fcategories&post=16216"},{"taxonomy":"post_tag","embeddable":true,"href":"https:\/\/agromt.news\/index.php?rest_route=%2Fwp%2Fv2%2Ftags&post=16216"}],"curies":[{"name":"wp","href":"https:\/\/api.w.org\/{rel}","templated":true}]}}