{"id":16213,"date":"2025-07-05T05:13:29","date_gmt":"2025-07-05T09:13:29","guid":{"rendered":"https:\/\/agromt.news\/?p=16213"},"modified":"2025-07-05T05:13:29","modified_gmt":"2025-07-05T09:13:29","slug":"frio-e-chuva-forte-marcam-o-dia-confira-a-previsao-de-hoje","status":"publish","type":"post","link":"https:\/\/agromt.news\/?p=16213","title":{"rendered":"Frio e chuva forte marcam o dia; confira a previs\u00e3o de hoje"},"content":{"rendered":"<p> <br \/>\n<br \/><img decoding=\"async\" src=\"https:\/\/agromt.news\/wp-content\/uploads\/2025\/04\/Massa-de-ar-frio-derruba-temperaturas-e-traz-muita-chuva.jpg\" \/><\/p>\n<div>\n<p>Frio no Sul e Sudeste do pa\u00eds. No Centro-Oeste, as temperaturas come\u00e7am a elevar aos poucos. Nas demais Regi\u00f5es, tempo inst\u00e1vel, com chuva forte. Veja:<\/p>\n<div data-icp-cta=\"1\" id=\"icp-cta-unique\">Voc\u00ea quer entender como usar o clima a seu favor?<b> <\/b><a href=\"https:\/\/climacampo.canalrural.com.br\/climacampo_-01\">Preparamos um e-book exclusivo<\/a> para ajudar produtores rurais a se antecipar \u00e0s mudan\u00e7as do tempo e planejar melhor suas a\u00e7\u00f5es. Com base em previs\u00f5es meteorol\u00f3gicas confi\u00e1veis, ele oferece orienta\u00e7\u00f5es pr\u00e1ticas para proteger sua lavoura e otimizar seus resultados.<\/div>\n<h2 class=\"wp-block-heading\" id=\"h-sul\">Sul<\/h2>\n<p>O tempo continua firme na Regi\u00e3o, por\u00e9m, com sensa\u00e7\u00e3o de frio ao amanhecer nos tr\u00eas estados. Com o centro do ar frio se afastando mais, as tardes voltam a ter temperaturas mais agrad\u00e1veis \u2013 dia de sol com poucas nuvens em Porto Alegre <strong><a href=\"https:\/\/www.canalrural.com.br\/nacional\/rio-grande-do-sul\/\">(RS)<\/a><\/strong>, Curitiba <strong><a href=\"https:\/\/www.canalrural.com.br\/nacional\/parana\/\">(PR)<\/a><\/strong> e Florian\u00f3polis (SC).<\/p>\n<h2 class=\"wp-block-heading\" id=\"h-sudeste\">Sudeste<\/h2>\n<p>Tempo inst\u00e1vel no Esp\u00edrito Santo, j\u00e1 que os ventos \u00famidos que sopram do mar contra a costa favorecem um dia mais fechado e chuvoso em Vit\u00f3ria e S\u00e3o Mateus. Pode chover fraco em \u00e1reas do Vale do Rio Doce, no nordeste de Minas Gerais. O tempo segue inst\u00e1vel, com epis\u00f3dios de chuva fraca a moderada no litoral de S\u00e3o Paulo e no extremo sul do Rio de Janeiro. Tempo firme, aberto e mais seco no interior mineiro e norte paulista.<\/p>\n<h2 class=\"wp-block-heading\" id=\"h-centro-oeste\">Centro-Oeste<\/h2>\n<p>O frio come\u00e7a a perder for\u00e7a e as m\u00ednimas e m\u00e1ximas sobem um pouco mais, principalmente no sul de Mato Grosso do Sul. S\u00e1bado de sol, pouca nebulosidade e tempo firme nos tr\u00eas estados e no Distrito Federal. A umidade continua baixa no nordeste e norte de Mato Grosso e no interior de Goi\u00e1s.<\/p>\n<\/div>\n<div>\n<h2 class=\"wp-block-heading\" id=\"h-nordeste\">Nordeste<\/h2>\n<p>O risco de chuva forte aumenta no leste e sul da <strong><a href=\"https:\/\/www.canalrural.com.br\/nacional\/bahia\/\">Bahia<\/a><\/strong> neste s\u00e1bado. Salvador, Ilh\u00e9us e Porto Seguro podem receber pancadas em v\u00e1rios momentos. Enquanto isso, boa parte do litoral norte e interior da Regi\u00e3o continuam com tempo mais aberto e firme e com o ar mais seco.<\/p>\n<h2 class=\"wp-block-heading\" id=\"h-norte\">Norte<\/h2>\n<p>A faixa sul da Regi\u00e3o continua mais ensolarada e n\u00e3o h\u00e1 previs\u00e3o de chuva. As pancadas se concentram sobre Amazonas e Roraima e pode chover forte no oeste do Par\u00e1 e no estado do Amap\u00e1.<\/p>\n<\/p><\/div>\n<p><br \/>\n<br \/><a href=\"https:\/\/www.canalrural.com.br\/tempo\/frio-e-chuva-forte-marcam-o-dia-confira-a-previsao-de-hoje\/\">Source link <\/a><\/p>\n","protected":false},"excerpt":{"rendered":"<p>Frio no Sul e Sudeste do pa\u00eds. No Centro-Oeste, as temperaturas come\u00e7am a elevar aos poucos. Nas demais Regi\u00f5es, tempo<\/p>\n","protected":false},"author":1,"featured_media":15569,"comment_status":"open","ping_status":"open","sticky":false,"template":"","format":"standard","meta":{"_monsterinsights_skip_tracking":false,"_monsterinsights_sitenote_active":false,"_monsterinsights_sitenote_note":"","_monsterinsights_sitenote_category":0,"_uf_show_specific_survey":0,"_uf_disable_surveys":false,"footnotes":""},"categories":[1],"tags":[],"class_list":["post-16213","post","type-post","status-publish","format-standard","has-post-thumbnail","hentry","category-news"],"_links":{"self":[{"href":"https:\/\/agromt.news\/index.php?rest_route=\/wp\/v2\/posts\/16213"}],"collection":[{"href":"https:\/\/agromt.news\/index.php?rest_route=\/wp\/v2\/posts"}],"about":[{"href":"https:\/\/agromt.news\/index.php?rest_route=\/wp\/v2\/types\/post"}],"author":[{"embeddable":true,"href":"https:\/\/agromt.news\/index.php?rest_route=\/wp\/v2\/users\/1"}],"replies":[{"embeddable":true,"href":"https:\/\/agromt.news\/index.php?rest_route=%2Fwp%2Fv2%2Fcomments&post=16213"}],"version-history":[{"count":0,"href":"https:\/\/agromt.news\/index.php?rest_route=\/wp\/v2\/posts\/16213\/revisions"}],"wp:featuredmedia":[{"embeddable":true,"href":"https:\/\/agromt.news\/index.php?rest_route=\/wp\/v2\/media\/15569"}],"wp:attachment":[{"href":"https:\/\/agromt.news\/index.php?rest_route=%2Fwp%2Fv2%2Fmedia&parent=16213"}],"wp:term":[{"taxonomy":"category","embeddable":true,"href":"https:\/\/agromt.news\/index.php?rest_route=%2Fwp%2Fv2%2Fcategories&post=16213"},{"taxonomy":"post_tag","embeddable":true,"href":"https:\/\/agromt.news\/index.php?rest_route=%2Fwp%2Fv2%2Ftags&post=16213"}],"curies":[{"name":"wp","href":"https:\/\/api.w.org\/{rel}","templated":true}]}}