{"id":16210,"date":"2025-07-05T00:19:04","date_gmt":"2025-07-05T04:19:04","guid":{"rendered":"https:\/\/agromt.news\/?p=16210"},"modified":"2025-07-05T00:19:04","modified_gmt":"2025-07-05T04:19:04","slug":"modernizacao-na-classificacao-da-soja","status":"publish","type":"post","link":"https:\/\/agromt.news\/?p=16210","title":{"rendered":"Moderniza\u00e7\u00e3o na classifica\u00e7\u00e3o da soja"},"content":{"rendered":"<p> <br \/>\n<\/p>\n<div>\n<p style=\"text-align:justify\">AComiss\u00e3o Nacional de Cereais, Fibras e Oleaginosas da Confedera\u00e7\u00e3o da Agricultura e Pecu\u00e1ria do Brasil (CNA) se reuniu, na quarta (2), para discutir os avan\u00e7os nos testes com tecnologias de classifica\u00e7\u00e3o automatizada da <a href=\"https:\/\/www.agrolink.com.br\/culturas\/soja?utm_source=agrolink-detalhe-noticia&amp;utm_medium=detalhe-noticia&amp;utm_campaign=links-internos\" target=\"_blank\" rel=\"noopener\">soja<\/a> e levantar as demandas identificadas no campo.&#13;\n<\/p>\n<p style=\"text-align:justify\">De acordo com o presidente da Comiss\u00e3o, Andr\u00e9 Dobashi, a CNA tem atuado para retirar a subjetividade da classifica\u00e7\u00e3o da soja por meio de m\u00e9todos automatizados e, ao mesmo tempo, trabalha na revis\u00e3o da norma de qualidade com base nas percep\u00e7\u00f5es trazidas pelos produtores.<\/p>\n<p style=\"text-align:justify\">\u201cEmbora exista uma instru\u00e7\u00e3o normativa em vigor, muitos compradores n\u00e3o a aplicam corretamente, especialmente no que se refere ao uso de equipamentos e ao cumprimento do roteiro de classifica\u00e7\u00e3o previsto. \u201cPrecisamos avan\u00e7ar na transpar\u00eancia da comercializa\u00e7\u00e3o para dar mais seguran\u00e7a ao setor com o um todo\u201d, afirmou.&#13;\n<\/p>\n<p style=\"text-align:justify\">Na reuni\u00e3o, o consultor t\u00e9cnico da CNA, Mauro C\u00e9zar Barbosa, apresentou as etapas do projeto e os resultados obtidos pelos equipamentos avaliados. \u201cHoje j\u00e1 dispomos de tecnologias como NIR, raio-X e imagem hiperespectral com potencial para uso comercial, que podem complementar o trabalho dos classificadores com mais precis\u00e3o. Esses equipamentos permitem identificar com mais exatid\u00e3o defeitos nos gr\u00e3os, reduzindo a subjetividade nas an\u00e1lises\u201d, explicou.<\/p>\n<p style=\"text-align:justify\">Segundo o assessor t\u00e9cnico da CNA, Tiago Pereira, a partir das contribui\u00e7\u00f5es das federa\u00e7\u00f5es estaduais, foram destacados pontos priorit\u00e1rios que precisam ser enfrentados de forma estruturada.<\/p>\n<p style=\"text-align:justify\">\u201cForam apontadas quest\u00f5es como a falta de crit\u00e9rios de desconto mais transparentes e justos, a subjetividade ainda presente na an\u00e1lise visual e a aus\u00eancia de um mecanismo claro de arbitragem em caso de diverg\u00eancia. Esses temas precisam estar no centro da discuss\u00e3o sobre moderniza\u00e7\u00e3o\u201d, avaliou.&#13;\n<\/p>\n<p style=\"text-align:justify\">A CNA refor\u00e7ou que est\u00e1 \u00e0 disposi\u00e7\u00e3o dos produtores e das federa\u00e7\u00f5es para dar continuidade ao trabalho t\u00e9cnico e institucional em prol de uma classifica\u00e7\u00e3o mais justa, transparente e moderna.<\/p>\n<\/p><\/div>\n<p><script data-cfasync=\"false\">\n    !function (f, b, e, v, n, t, s) {\n        if (f.fbq) return; n = f.fbq = function () {\n            n.callMethod ?\n                n.callMethod.apply(n, arguments) : n.queue.push(arguments)\n        };\n        if (!f._fbq) f._fbq = n; n.push = n; n.loaded = !0; n.version = '2.0';\n        n.queue = []; t = b.createElement(e); t.async = !0;\n        t.src = v; s = b.getElementsByTagName(e)[0];\n        s.parentNode.insertBefore(t, s)\n    }(window, document, 'script',\n        'https:\/\/connect.facebook.net\/en_US\/fbevents.js');\n    fbq('init', '522546078623747');\n    fbq('track', 'PageView');\n<\/script><br \/>\n<br \/><br \/>\n<br \/><a href=\"https:\/\/www.agrolink.com.br\/noticias\/modernizacao-na-classificacao-da-soja_503558.html\">Source link <\/a><\/p>\n","protected":false},"excerpt":{"rendered":"<p>AComiss\u00e3o Nacional de Cereais, Fibras e Oleaginosas da Confedera\u00e7\u00e3o da Agricultura e Pecu\u00e1ria do Brasil (CNA) se reuniu, na quarta<\/p>\n","protected":false},"author":1,"featured_media":7306,"comment_status":"open","ping_status":"open","sticky":false,"template":"","format":"standard","meta":{"_monsterinsights_skip_tracking":false,"_monsterinsights_sitenote_active":false,"_monsterinsights_sitenote_note":"","_monsterinsights_sitenote_category":0,"_uf_show_specific_survey":0,"_uf_disable_surveys":false,"footnotes":""},"categories":[8,1,14],"tags":[],"class_list":["post-16210","post","type-post","status-publish","format-standard","has-post-thumbnail","hentry","category-agro","category-news","category-politica-agro"],"_links":{"self":[{"href":"https:\/\/agromt.news\/index.php?rest_route=\/wp\/v2\/posts\/16210"}],"collection":[{"href":"https:\/\/agromt.news\/index.php?rest_route=\/wp\/v2\/posts"}],"about":[{"href":"https:\/\/agromt.news\/index.php?rest_route=\/wp\/v2\/types\/post"}],"author":[{"embeddable":true,"href":"https:\/\/agromt.news\/index.php?rest_route=\/wp\/v2\/users\/1"}],"replies":[{"embeddable":true,"href":"https:\/\/agromt.news\/index.php?rest_route=%2Fwp%2Fv2%2Fcomments&post=16210"}],"version-history":[{"count":0,"href":"https:\/\/agromt.news\/index.php?rest_route=\/wp\/v2\/posts\/16210\/revisions"}],"wp:featuredmedia":[{"embeddable":true,"href":"https:\/\/agromt.news\/index.php?rest_route=\/wp\/v2\/media\/7306"}],"wp:attachment":[{"href":"https:\/\/agromt.news\/index.php?rest_route=%2Fwp%2Fv2%2Fmedia&parent=16210"}],"wp:term":[{"taxonomy":"category","embeddable":true,"href":"https:\/\/agromt.news\/index.php?rest_route=%2Fwp%2Fv2%2Fcategories&post=16210"},{"taxonomy":"post_tag","embeddable":true,"href":"https:\/\/agromt.news\/index.php?rest_route=%2Fwp%2Fv2%2Ftags&post=16210"}],"curies":[{"name":"wp","href":"https:\/\/api.w.org\/{rel}","templated":true}]}}