{"id":16208,"date":"2025-07-04T22:22:14","date_gmt":"2025-07-05T02:22:14","guid":{"rendered":"https:\/\/agromt.news\/?p=16208"},"modified":"2025-07-04T22:22:14","modified_gmt":"2025-07-05T02:22:14","slug":"ciencia-e-ia-para-impulsionar-a-produtividade","status":"publish","type":"post","link":"https:\/\/agromt.news\/?p=16208","title":{"rendered":"Ci\u00eancia e IA para impulsionar a produtividade"},"content":{"rendered":"<p> <br \/>\n<\/p>\n<div>\n<p style=\"text-align:right\"><em>Por Fl\u00e1via Macedo<\/em><\/p>\n<p style=\"text-align:center\">Como a intelig\u00eancia artificial pode ser aliada na pesquisa e diminuir o tempo para lan\u00e7amentos de solu\u00e7\u00f5es que rompam a barreira da produtividade no campo?<\/p>\n<p style=\"text-align:justify\">Essa discuss\u00e3o aconteceu em Itu (SP) durante o Top Ci\u00eancia realizado pela BASF. O evento contou com mais de 150 pesquisadores e especialistas que atuam no setor agr\u00edcola e puderam ouvir o que a \u00e1rea de tecnologia, mais precisamente os apps de intelig\u00eancia artificial, t\u00eam a oferecer e contribuir no \u00e2mbito de pesquisas cient\u00edficas, testes em laborat\u00f3rios e experimentos a campo.\u00a0&#13;\n<\/p>\n<p style=\"text-align:justify\">\u201cNa verdade n\u00e3o \u00e9 um evento e sim um movimento que come\u00e7a a reunir, de forma muito sistem\u00e1tica e organizada, toda a comunidade cient\u00edfica do Brasil, com pesquisadores e consultores. Esses profissionais, de forma incans\u00e1vel, fazem protocolos dos produtos e testam, para que a gente, em conjunto, possa levar aos produtores as melhores solu\u00e7\u00f5es para todos os sistemas produtivos&#8221;, destaca Graciela Mognol, diretora de Marketing da BASF Solu\u00e7\u00f5es para Agricultura.<\/p>\n<p style=\"text-align:justify\">No palco, diversas palestras sobre IA no campo e, uma delas, foi conduzida por Dante Freitas e Renan Hannouche, cofundadores do Movimento Gravidade Zero. Eles apresentaram aplicativos que podem ajudar a ci\u00eancia a caminhar mais r\u00e1pido.\u00a0<\/p>\n<p style=\"text-align:justify\">O aplicativo \u201cElicit&#8221;, por exemplo, \u00e9 abastecido, exclusivamente, com dados cient\u00edficos e validados e pode ajudar a acelerar os resultados de pesquisas em laborat\u00f3rio.\u00a0<\/p>\n<p style=\"text-align:justify\">\u201cEu acho que a melhor forma da ci\u00eancia e da pesquisa avan\u00e7arem \u00e9 usando ela [IA] como uma \u2018cointelig\u00eancia\u2019, uma parceira e copilota. Eu n\u00e3o gosto de pensar que ela vai fazer o trabalho por mim, pois se eu s\u00f3 delegar para que ela escreva o artigo, eu n\u00e3o tenho a forma\u00e7\u00e3o de opini\u00e3o, a minha assinatura, a minha originalidade e a minha alma dentro daquela pesquisa&#8221;, ressalta Hannouche.<\/p>\n<p style=\"text-align:justify\">Portanto, a sugest\u00e3o \u00e9 que a IA entre como apoio para aumentar a capacidade do trabalho. Ele at\u00e9 sugere um novo termo para a sigla I.A., ao inv\u00e9s de intelig\u00eancia artificial, mudar para \u201cintelig\u00eancia aumentada&#8221;.\u00a0<\/p>\n<p style=\"text-align:justify\">\u201cSe eu pe\u00e7o para ela encontrar os contrapontos ou os pontos cegos, ou ainda que ela aumente a minha pesquisa, indo para outros pa\u00edses que n\u00e3o estavam dentro do meu radar, ou me d\u00ea outros artigos que eu n\u00e3o conseguia pesquisar, desta maneira, eu otimizo o meu tempo de uma forma muito mais inteligente&#8221;, acrescenta.<\/p>\n<p style=\"text-align:justify\">A abordagem chamada de &#8220;Humanware&#8221;, levada pelos pernambucanos, \u00e9 uma alus\u00e3o ao \u201csoftware\u201d e tenta mostrar os aspectos onde as emo\u00e7\u00f5es humanas ser\u00e3o o grande ativo para se destacar trabalhando com a intelig\u00eancia artificial.\u00a0<\/p>\n<p style=\"text-align:justify\">\u201cDa mesma forma que a gente investe, por exemplo, em inova\u00e7\u00e3o para construir um novo produto, onde s\u00e3o 20 anos de pesquisa, muitas vezes at\u00e9 30 anos e com milh\u00f5es investidos, talvez, a gente precise tamb\u00e9m fazer esse movimento para dentro. Quando voc\u00ea busca as melhores rea\u00e7\u00f5es qu\u00edmicas entre seres humanos, \u00e9 poss\u00edvel alavancar a pot\u00eancia e resolver desafios complexos&#8221;, destaca Dante Freitas.&#13;\n<\/p>\n<p style=\"text-align:justify\">Projetos inovadores ser\u00e3o reconhecidos e premiados em 2026<br \/>&#13;<br \/>\nAs palestras serviram de insights e um convite aos pesquisadores presentes. A ideia \u00e9 que j\u00e1 a partir do dia seguinte ao evento, esses profissionais comecem a trabalhar em projetos que ser\u00e3o validados junto a empresa e reconhecidos em uma premia\u00e7\u00e3o prevista para acontecer em 2026.\u00a0<\/p>\n<p style=\"text-align:justify\">Os cases ser\u00e3o divididos em duas categorias: 1) sistemas produtivos e 2) solu\u00e7\u00f5es BASF. O primeiro s\u00e3o respostas criadas a partir de uma determinada problem\u00e1tica na propriedade, envolvendo uma ou mais culturas. J\u00e1 a segunda categoria busca comprovar atrav\u00e9s do portf\u00f3lio da empresa mudan\u00e7as significativas na produtividade e sustentabilidade.\u00a0<\/p>\n<p style=\"text-align:justify\">\u201cOs projetos v\u00e3o passar por uma banca avaliadora que vai ser composta por pessoas da BASF e tamb\u00e9m da cadeia cient\u00edfica. Ent\u00e3o, no ano que vem, na pr\u00f3xima edi\u00e7\u00e3o, n\u00f3s vamos premiar e reconhecer os melhores trabalhos que v\u00e3o trazer maior resultado. Ser\u00e3o reconhecidos dez projetos, cinco de cada catgoria&#8221;, explica Rafael Mill\u00e9o &#8211; gerente-t\u00e9cnico de Relacionamento da BASF Solu\u00e7\u00f5es para Agricultura.<\/p>\n<p style=\"text-align:justify\">Poder\u00e3o participar cases j\u00e1 avan\u00e7ados e testados ou aqueles que ainda ser\u00e3o comprovados na pr\u00f3xima safra.\u00a0<\/p>\n<p style=\"text-align:justify\">\u201cSe um projeto n\u00e3o tiver sido implementado, n\u00e3o tiver dados, n\u00f3s temos essa safra inteira para implementar e acompanhar. J\u00e1 os dados que estiverem comprovados, fica mais f\u00e1cil essa an\u00e1lise. No entanto, at\u00e9 a safra que vem, todos os projetos ser\u00e3o tabulados e computados e vamos saber quais as inova\u00e7\u00f5es ou sugest\u00f5es v\u00e3o trazer maior rentabilidade ao produtor.\u00a0&#13;\n<\/p>\n<p style=\"text-align:justify\">O Top Ci\u00eancia est\u00e1 retomando em 2025, pois j\u00e1 teve outras edi\u00e7\u00f5es, de 2005 a 2016, e j\u00e1 soma mais de 3 mil trabalhos realizados e 213 premia\u00e7\u00f5es. A proje\u00e7\u00e3o \u00e9 que o evento se torne fixo\/anual no calend\u00e1rio da empresa.<\/p>\n<p style=\"text-align:justify\">\u201cO que n\u00f3s estamos fazendo nesse movimento \u00e9 resgatar a oportunidade de ter as inova\u00e7\u00f5es conectadas a essa rede de conhecimento para que seja implementada junto aos nossos produtores e assim possamos garantir que as tecnologias obtenham o m\u00e1ximo de rendimento nas propriedades&#8221;, finaliza Antonio Azenha, gerente-s\u00eanior de Marketing da BASF Solu\u00e7\u00f5es para Agricultura.<\/p>\n<\/p><\/div>\n<p><script data-cfasync=\"false\">\n    !function (f, b, e, v, n, t, s) {\n        if (f.fbq) return; n = f.fbq = function () {\n            n.callMethod ?\n                n.callMethod.apply(n, arguments) : n.queue.push(arguments)\n        };\n        if (!f._fbq) f._fbq = n; n.push = n; n.loaded = !0; n.version = '2.0';\n        n.queue = []; t = b.createElement(e); t.async = !0;\n        t.src = v; s = b.getElementsByTagName(e)[0];\n        s.parentNode.insertBefore(t, s)\n    }(window, document, 'script',\n        'https:\/\/connect.facebook.net\/en_US\/fbevents.js');\n    fbq('init', '522546078623747');\n    fbq('track', 'PageView');\n<\/script><br \/>\n<br \/><br \/>\n<br \/><a href=\"https:\/\/www.agrolink.com.br\/noticias\/ciencia-e-ia-para-impulsionar-a-produtividade_503559.html\">Source link <\/a><\/p>\n","protected":false},"excerpt":{"rendered":"<p>Por Fl\u00e1via Macedo Como a intelig\u00eancia artificial pode ser aliada na pesquisa e diminuir o tempo para lan\u00e7amentos de solu\u00e7\u00f5es<\/p>\n","protected":false},"author":1,"featured_media":16209,"comment_status":"open","ping_status":"open","sticky":false,"template":"","format":"standard","meta":{"_monsterinsights_skip_tracking":false,"_monsterinsights_sitenote_active":false,"_monsterinsights_sitenote_note":"","_monsterinsights_sitenote_category":0,"_uf_show_specific_survey":0,"_uf_disable_surveys":false,"footnotes":""},"categories":[8,1,14],"tags":[],"class_list":["post-16208","post","type-post","status-publish","format-standard","has-post-thumbnail","hentry","category-agro","category-news","category-politica-agro"],"_links":{"self":[{"href":"https:\/\/agromt.news\/index.php?rest_route=\/wp\/v2\/posts\/16208"}],"collection":[{"href":"https:\/\/agromt.news\/index.php?rest_route=\/wp\/v2\/posts"}],"about":[{"href":"https:\/\/agromt.news\/index.php?rest_route=\/wp\/v2\/types\/post"}],"author":[{"embeddable":true,"href":"https:\/\/agromt.news\/index.php?rest_route=\/wp\/v2\/users\/1"}],"replies":[{"embeddable":true,"href":"https:\/\/agromt.news\/index.php?rest_route=%2Fwp%2Fv2%2Fcomments&post=16208"}],"version-history":[{"count":0,"href":"https:\/\/agromt.news\/index.php?rest_route=\/wp\/v2\/posts\/16208\/revisions"}],"wp:featuredmedia":[{"embeddable":true,"href":"https:\/\/agromt.news\/index.php?rest_route=\/wp\/v2\/media\/16209"}],"wp:attachment":[{"href":"https:\/\/agromt.news\/index.php?rest_route=%2Fwp%2Fv2%2Fmedia&parent=16208"}],"wp:term":[{"taxonomy":"category","embeddable":true,"href":"https:\/\/agromt.news\/index.php?rest_route=%2Fwp%2Fv2%2Fcategories&post=16208"},{"taxonomy":"post_tag","embeddable":true,"href":"https:\/\/agromt.news\/index.php?rest_route=%2Fwp%2Fv2%2Ftags&post=16208"}],"curies":[{"name":"wp","href":"https:\/\/api.w.org\/{rel}","templated":true}]}}