{"id":16206,"date":"2025-07-04T20:24:34","date_gmt":"2025-07-05T00:24:34","guid":{"rendered":"https:\/\/agromt.news\/?p=16206"},"modified":"2025-07-04T20:24:34","modified_gmt":"2025-07-05T00:24:34","slug":"mercados-de-carbono-oferecem-oportunidade-para-pecuaria-sustentavel","status":"publish","type":"post","link":"https:\/\/agromt.news\/?p=16206","title":{"rendered":"Mercados de carbono oferecem oportunidade para pecu\u00e1ria sustent\u00e1vel"},"content":{"rendered":"<p> <br \/>\n<\/p>\n<div>\n<p style=\"text-align:justify\">Os mercados de carbono representam uma extraordin\u00e1ria oportunidade para a pecu\u00e1ria da Am\u00e9rica Latina e seu potencial deve ser desenvolvido com trabalho de colabora\u00e7\u00e3o entre governos, o setor privado, o setor acad\u00eamico, a sociedade civil e produtores, de acordo com as conclus\u00f5es de um semin\u00e1rio realizado na sede central do Instituto Interamericano de Coopera\u00e7\u00e3o para a Agricultura (IICA).&#13;\n<\/p>\n<p style=\"text-align:justify\">A capacidade da atividade pecu\u00e1ria na regi\u00e3o para o sequestro de carbono nas terras pastoris contribui para a mitiga\u00e7\u00e3o da variabilidade clim\u00e1tica e s\u00e3o uma atraente possibilidade que pode trazer investimentos, concordaram os participantes no evento organizado pela Plataforma Mundial de Produtos Latic\u00ednios (GDP), a Mesa Redonda Global para a Carne Sustent\u00e1vel (GRSB) e a Federa\u00e7\u00e3o Panamericana do Leite (FEPALE), junto com o IICA.<\/p>\n<p style=\"text-align:justify\">Durante o semin\u00e1rio, que contou com diferentes pain\u00e9is de exposi\u00e7\u00e3o e debate, foi discutido quais s\u00e3o os mercados de carbono, foram exploradas as alternativas para financiar projetos de captura de carbono na pecu\u00e1ria, foi revisada a realidade atual na regi\u00e3o e se compartilharam metodologias e ideias para atingir por meio de passos concretos, o seu verdadeiro potencial.<\/p>\n<p style=\"text-align:justify\">Assistiram funcion\u00e1rios de minist\u00e9rios e organismos internacionais, representantes do setor privado e do setor financeiro e associados de federa\u00e7\u00f5es e cooperativas.<\/p>\n<p style=\"text-align:justify\">Durante a abertura da jornada participaram o Ministro de Agricultura e Pecu\u00e1ria da Costa Rica, Victor Carvajal; o Diretor Executivo da GDP, Donald Moore; e o Subdiretor Geral do IICA, Lloyd Day.<\/p>\n<p style=\"text-align:justify\">\u201cA pecu\u00e1ria contribui para a seguran\u00e7a alimentar e nutricional e para gerar renda para as comunidades rurais, empoderar mulheres e dar emprego aos jovens. Consideramos que existe uma grande oportunidade para produtores pecu\u00e1rios e para governos, por meio da vincula\u00e7\u00e3o com os mercados de carbono, e precisamos tornar esse potencial uma realidade\u201d, disse Donald Moore.<\/p>\n<p style=\"text-align:justify\">\u201cPara isso \u00e9 necess\u00e1rio trabalhar as pol\u00edticas, a ci\u00eancia e as finan\u00e7as necess\u00e1rias\u201d, explicou. \u201cDevemos nos concentrar nas estruturas regulamentares e em incluir a agricultura familiar. Estamos pedindo a colabora\u00e7\u00e3o entre os diferentes atores\u201d.<\/p>\n<p style=\"text-align:justify\">Carvajal, pelo seu lado, deu detalhes da recente negocia\u00e7\u00e3o da Costa Rica com o Banco Mundial de um cr\u00e9dito de 140 milh\u00f5es de d\u00f3lares para investimento no setor agropecu\u00e1rio, por meio de um esquema de pagamentos por resultado.<\/p>\n<p style=\"text-align:justify\">\u201cIncorporamos diferentes elementos importantes para a pecu\u00e1ria costarricense, como a metodologia para a quantifica\u00e7\u00e3o efetiva do carbono nos solos e a estrat\u00e9gia para comercializar esse carbono, agrupando pequenos criadores de gado. Daqui a quatro anos devemos ter mil criadores de gado recebendo pagamentos por servi\u00e7os ambientais, gra\u00e7as \u00e0 captura de carbono no solo\u201d.<\/p>\n<p style=\"text-align:justify\">Lloyd Day se concentrou no extraordin\u00e1rio valor do setor pecu\u00e1rio em geral e do de latic\u00ednios em particular nas Am\u00e9ricas e no mundo.<\/p>\n<p style=\"text-align:justify\">\u201cNa nossa regi\u00e3o, a pecu\u00e1ria e os latic\u00ednios est\u00e3o dando passos muito importantes para implementar pr\u00e1ticas tendentes a reduzir o seu impacto no meio-ambiente. E \u00e9 fundamental que os setores alheios ao agro saibam disso. Hoje o setor agropecu\u00e1rio alimenta 8 bilh\u00f5es de pessoas no planeta de forma mais eficiente que nunca e nos pr\u00f3ximos 25 anos ser\u00e3o 2 bilh\u00f5es de pessoas mais\u201d, assegurou.&#13;\n<\/p>\n<p style=\"text-align:justify\">O Subdiretor Geral do IICA sublinhou que 1,3 bilh\u00f5es de pessoas dependem da pecu\u00e1ria no mundo para gerar renda. E \u00e9 imperativo deixar claro a contribui\u00e7\u00e3o dessa atividade para as tr\u00eas dimens\u00f5es da sustentabilidade: econ\u00f4mica, social e ambiental. \u201cPor tudo isso, devemos trabalhar arduamente para desbloquear os mercados de carbono para a pecu\u00e1ria na Am\u00e9rica Latina, o que aumentar\u00e1 a competitividade dos nossos criadores de gado\u201d.<\/p>\n<p style=\"text-align:justify\">Atividade priorit\u00e1ria<\/p>\n<p style=\"text-align:justify\">Na Am\u00e9rica Latina h\u00e1 uns 4 bilh\u00f5es de cabe\u00e7as de gado para carne e leite, quase a metade deles no Brasil, destacou Ariel Londinsky, Secret\u00e1rio Geral da FEPALE.<\/p>\n<p style=\"text-align:justify\">\u201cA atividade \u00e9 muito importante e priorit\u00e1ria para todos os nossos pa\u00edses, apesar da grande heterogeneidade. O Brasil e a Argentina s\u00e3o exportadores e outros s\u00e3o importadores netos, e por isso \u00e9 dif\u00edcil generalizar o que acontece na Am\u00e9rica Latina. De todas as formas, produzimos 23% da carne do mundo e esse par\u00e2metro tem crescido. Na produ\u00e7\u00e3o de latic\u00ednios, somos respons\u00e1veis por 11 e 12% da produ\u00e7\u00e3o mundial\u201d, explicou Londinsky.<\/p>\n<p style=\"text-align:justify\">O dirigente empresarial advertiu que n\u00e3o h\u00e1 uniformidade de crit\u00e9rios ou significados sobre o conceito de \u201cpecu\u00e1ria sustent\u00e1vel\u201d na regi\u00e3o e que a constru\u00e7\u00e3o de indicadores e objetivos no n\u00edvel regional \u00e9 uma agenda ainda pendente. Tamb\u00e9m considerou que \u00e9 necess\u00e1rio avan\u00e7ar com uma estrat\u00e9gia de comunica\u00e7\u00e3o regional para fortalecer a defensa das boas pr\u00e1ticas pecu\u00e1rias que se empregam no continente, ante o \u00e2mbito internacional.<\/p>\n<p style=\"text-align:justify\">Mart\u00edn Fragu\u00edo, especialista do Grupo de Pa\u00edses Produtores do Sul (GPS), rede que agrupa institui\u00e7\u00f5es agropecu\u00e1rias de Argentina, Brasil, Paraguai e Uruguai, explicou o funcionamento dos mercados de carbono regulamentados no art\u00edculo 6 do Acordo de Paris e disse que o grande desafio estrat\u00e9gico na tomada de decis\u00f5es empresariais \u00e9 deixar de investir em ativos que n\u00e3o poder\u00e3o ser amortizados e investir nos que sim t\u00eam futuro.<\/p>\n<p style=\"text-align:justify\">Destacou, nesse sentido, a centralidade das solu\u00e7\u00f5es baseadas na natureza para atingir os objetivos do Acordo de Paris, e se referiu \u00e0 grande oportunidade do setor agropecu\u00e1rio como o \u00fanico \u00e2mbito de produ\u00e7\u00e3o que pode se transformar em um grande capturador de carbono.&#13;\n<\/p>\n<p style=\"text-align:justify\">Por\u00e9m, advertiu sobre o extraordin\u00e1rio volume dos investimentos necess\u00e1rios para transformar os sistemas de produ\u00e7\u00e3o para atingir as metas de mitiga\u00e7\u00e3o estabelecidas em Paris: entre 130 e 250 trilh\u00f5es de d\u00f3lares at\u00e9 2050, dos quais os mercados de carbono contribuir\u00e3o com 5-10%.<\/p>\n<p style=\"text-align:justify\">\u201cOs mercados de carbono s\u00e3o essenciais para que as externalidades negativas tenham um custo e as externalidades positivas recebam uma renda. Devem ser gerados os recursos e capacidades para que os produtores pecu\u00e1rios monetizem suas boas pr\u00e1ticas\u201d, concluiu.<\/p>\n<p style=\"text-align:justify\">Jay Waldvogel, Assessor Estrat\u00e9gico da GDP, assegurou que j\u00e1 existem no mundo e na regi\u00e3o muitos exemplos de sucesso e \u00e9 necess\u00e1rio escalar esses programas. Nesse sentido, explicou que o tamanho potencial dos mercados de carbono na Am\u00e9rica Latina est\u00e1 em uma faixa de entre 25 e 60 milh\u00f5es de toneladas de CO2 equivalente, o que pode representar mais de 6 bilh\u00f5es de d\u00f3lares em 2030.<\/p>\n<p style=\"text-align:justify\">\u201cA oportunidade \u00e9 enorme e podemos aproveit\u00e1-la, se entendemos a magnitude do tema. Existe demanda para os cr\u00e9ditos de carbono e a pecu\u00e1ria tem a solu\u00e7\u00e3o, mas precisamos de investimentos para que as coisas aconte\u00e7am\u201d, concluiu.<\/p>\n<\/p><\/div>\n<p><script data-cfasync=\"false\">\n    !function (f, b, e, v, n, t, s) {\n        if (f.fbq) return; n = f.fbq = function () {\n            n.callMethod ?\n                n.callMethod.apply(n, arguments) : n.queue.push(arguments)\n        };\n        if (!f._fbq) f._fbq = n; n.push = n; n.loaded = !0; n.version = '2.0';\n        n.queue = []; t = b.createElement(e); t.async = !0;\n        t.src = v; s = b.getElementsByTagName(e)[0];\n        s.parentNode.insertBefore(t, s)\n    }(window, document, 'script',\n        'https:\/\/connect.facebook.net\/en_US\/fbevents.js');\n    fbq('init', '522546078623747');\n    fbq('track', 'PageView');\n<\/script><br \/>\n<br \/><br \/>\n<br \/><a href=\"https:\/\/www.agrolink.com.br\/noticias\/mercados-de-carbono-oferecem-oportunidade-para-pecuaria-sustentavel_503560.html\">Source link <\/a><\/p>\n","protected":false},"excerpt":{"rendered":"<p>Os mercados de carbono representam uma extraordin\u00e1ria oportunidade para a pecu\u00e1ria da Am\u00e9rica Latina e seu potencial deve ser desenvolvido<\/p>\n","protected":false},"author":1,"featured_media":16207,"comment_status":"open","ping_status":"open","sticky":false,"template":"","format":"standard","meta":{"_monsterinsights_skip_tracking":false,"_monsterinsights_sitenote_active":false,"_monsterinsights_sitenote_note":"","_monsterinsights_sitenote_category":0,"_uf_show_specific_survey":0,"_uf_disable_surveys":false,"footnotes":""},"categories":[8,1,14],"tags":[],"class_list":["post-16206","post","type-post","status-publish","format-standard","has-post-thumbnail","hentry","category-agro","category-news","category-politica-agro"],"_links":{"self":[{"href":"https:\/\/agromt.news\/index.php?rest_route=\/wp\/v2\/posts\/16206"}],"collection":[{"href":"https:\/\/agromt.news\/index.php?rest_route=\/wp\/v2\/posts"}],"about":[{"href":"https:\/\/agromt.news\/index.php?rest_route=\/wp\/v2\/types\/post"}],"author":[{"embeddable":true,"href":"https:\/\/agromt.news\/index.php?rest_route=\/wp\/v2\/users\/1"}],"replies":[{"embeddable":true,"href":"https:\/\/agromt.news\/index.php?rest_route=%2Fwp%2Fv2%2Fcomments&post=16206"}],"version-history":[{"count":0,"href":"https:\/\/agromt.news\/index.php?rest_route=\/wp\/v2\/posts\/16206\/revisions"}],"wp:featuredmedia":[{"embeddable":true,"href":"https:\/\/agromt.news\/index.php?rest_route=\/wp\/v2\/media\/16207"}],"wp:attachment":[{"href":"https:\/\/agromt.news\/index.php?rest_route=%2Fwp%2Fv2%2Fmedia&parent=16206"}],"wp:term":[{"taxonomy":"category","embeddable":true,"href":"https:\/\/agromt.news\/index.php?rest_route=%2Fwp%2Fv2%2Fcategories&post=16206"},{"taxonomy":"post_tag","embeddable":true,"href":"https:\/\/agromt.news\/index.php?rest_route=%2Fwp%2Fv2%2Ftags&post=16206"}],"curies":[{"name":"wp","href":"https:\/\/api.w.org\/{rel}","templated":true}]}}