{"id":16200,"date":"2025-07-04T17:58:59","date_gmt":"2025-07-04T21:58:59","guid":{"rendered":"https:\/\/agromt.news\/?p=16200"},"modified":"2025-07-04T17:58:59","modified_gmt":"2025-07-04T21:58:59","slug":"coalizao-brasil-celebra-10-anos-e-reforca-papel-do-agro-na-cop-30","status":"publish","type":"post","link":"https:\/\/agromt.news\/?p=16200","title":{"rendered":"Coaliz\u00e3o Brasil celebra 10 anos e refor\u00e7a papel do agro na COP 30"},"content":{"rendered":"<p> <br \/>\n<\/p>\n<div>\n<p>A <strong>Coaliz\u00e3o Brasil Clima, Florestas e Agricultura<\/strong> completou 10 anos com um evento em S\u00e3o Paulo nesta quinta-feira (3), reunindo nomes de peso do setor produtivo, financeiro, da pesquisa e da sociedade civil. A plen\u00e1ria marcou o in\u00edcio da agenda de 2025 em um ano simb\u00f3lico: o da <strong>COP 30<\/strong>, que ser\u00e1 realizada em Bel\u00e9m (PA), no segundo semestre.<\/p>\n<p>A rede, formada por mais de <strong>400 organiza\u00e7\u00f5es<\/strong>, atua com foco na <strong>prote\u00e7\u00e3o de florestas<\/strong>, no <strong>fortalecimento da agricultura de baixo carbono<\/strong> e na gera\u00e7\u00e3o de renda sustent\u00e1vel no campo. Desde sua cria\u00e7\u00e3o, promoveu cerca de <strong>900 reuni\u00f5es<\/strong> em diferentes <strong>for\u00e7as-tarefa tem\u00e1ticas<\/strong>, buscando consensos e propostas vi\u00e1veis para alinhar produ\u00e7\u00e3o e conserva\u00e7\u00e3o ambiental.<\/p>\n<hr class=\"wp-block-separator has-alpha-channel-opacity\"\/>\n<h2 class=\"wp-block-heading\" id=\"h-implementar-e-mais-urgente-que-debater\">Implementar \u00e9 mais urgente que debater<\/h2>\n<p>Durante o evento, o tom foi de urg\u00eancia. Para os participantes, o desafio agora \u00e9 <strong>sair da fase de discursos e entrar na de execu\u00e7\u00e3o<\/strong>. Muitas solu\u00e7\u00f5es j\u00e1 est\u00e3o mapeadas \u2014 o foco deve ser sua aplica\u00e7\u00e3o em larga escala.<\/p>\n<blockquote class=\"wp-block-quote is-layout-flow wp-block-quote-is-layout-flow\">\n<p><em>\u201cA gente j\u00e1 passou da fase de prova de conceito. Agora \u00e9 hora de escalar e democratizar essas solu\u00e7\u00f5es. O setor privado n\u00e3o caminha sozinho\u201d<\/em>, afirmou <strong>Liege Correia<\/strong>, diretora de sustentabilidade da <strong>JBS<\/strong>, uma das empresas integrantes da coaliz\u00e3o.<\/p>\n<\/blockquote>\n<p>A executiva alertou que a <strong>base produtiva do Brasil<\/strong>, formada por pequenos e m\u00e9dios produtores, <strong>n\u00e3o pode ser deixada para tr\u00e1s<\/strong>. Segundo ela, incluir todos na jornada da transi\u00e7\u00e3o verde \u00e9 fundamental para que o setor alcance escala e impacto real.<\/p>\n<hr class=\"wp-block-separator has-alpha-channel-opacity\"\/>\n<h2 class=\"wp-block-heading\" id=\"h-producao-e-preservacao-ainda-ha-polarizacao\">Produ\u00e7\u00e3o e preserva\u00e7\u00e3o: ainda h\u00e1 polariza\u00e7\u00e3o<\/h2>\n<p>Para <strong>Marcelo Brito<\/strong>, secret\u00e1rio executivo do <strong>Cons\u00f3rcio Amaz\u00f4nia Legal<\/strong> e enviado especial da COP 30, <strong>o agroambiental ainda \u00e9 visto de forma polarizada<\/strong>, dificultando avan\u00e7os estruturais.<\/p>\n<\/div>\n<div>\n<blockquote class=\"wp-block-quote is-layout-flow wp-block-quote-is-layout-flow\">\n<p><em>\u201cA Coaliz\u00e3o existe porque ainda h\u00e1 quem veja produ\u00e7\u00e3o e preserva\u00e7\u00e3o como opostos. Mas o Brasil j\u00e1 avan\u00e7ou em descarboniza\u00e7\u00e3o, agricultura de baixo carbono e financiamento verde. O caminho est\u00e1 dado, precisamos seguir\u201d<\/em>, destacou Brito.<\/p>\n<\/blockquote>\n<hr class=\"wp-block-separator has-alpha-channel-opacity\"\/>\n<h2 class=\"wp-block-heading\" id=\"h-clima-extremo-ja-impacta-produtividade\">Clima extremo j\u00e1 impacta produtividade<\/h2>\n<p>Outro ponto de destaque foi a <strong>crise clim\u00e1tica no campo<\/strong>, que deixou de ser um alerta futuro e se tornou realidade. <strong>Andr\u00e9 Guimar\u00e3es<\/strong>, diretor do <strong>Instituto de Pesquisa Ambiental da Amaz\u00f4nia (IPAM)<\/strong>, trouxe dados alarmantes:<\/p>\n<ul class=\"wp-block-list\">\n<li>Em regi\u00f5es do Xingu, no norte do Cerrado, a temperatura m\u00e9dia j\u00e1 <strong>subiu 4\u202f\u00b0C nos \u00faltimos 15 anos<\/strong>.<\/li>\n<li>A produtividade da soja cai cerca de <strong>6% a cada grau<\/strong> de aumento.<\/li>\n<li>O milho sofre ainda mais, com <strong>8% de perda de produtividade<\/strong> por grau.<\/li>\n<\/ul>\n<p>Essas informa\u00e7\u00f5es, baseadas em estudos do pr\u00f3prio IPAM, mostram como a <strong>a\u00e7\u00e3o clim\u00e1tica \u00e9 tamb\u00e9m uma pauta econ\u00f4mica e produtiva<\/strong>.<\/p>\n<hr class=\"wp-block-separator has-alpha-channel-opacity\"\/>\n<h2 class=\"wp-block-heading\" id=\"h-o-agro-como-parte-da-solucao\">O agro como parte da solu\u00e7\u00e3o<\/h2>\n<p>Com a <strong>COP 30 no horizonte<\/strong>, o Brasil se posiciona como uma <strong>pot\u00eancia agr\u00edcola com responsabilidade ambiental<\/strong>. A Coaliz\u00e3o Brasil quer mostrar ao mundo que \u00e9 poss\u00edvel <strong>conciliar produ\u00e7\u00e3o eficiente com metas clim\u00e1ticas ambiciosas<\/strong>.<\/p>\n<p>A expectativa \u00e9 que os resultados dos \u00faltimos 10 anos da rede sejam <strong>convertidos em propostas pr\u00e1ticas e pol\u00edticas p\u00fablicas<\/strong> durante a confer\u00eancia. O setor agropecu\u00e1rio, tradicionalmente apontado como parte do problema, <strong>tem agora a chance de liderar a solu\u00e7\u00e3o<\/strong>.<\/p>\n<figure class=\"wp-block-embed is-type-video is-provider-youtube wp-block-embed-youtube wp-embed-aspect-16-9 wp-has-aspect-ratio\">\n<p>\n<iframe title=\"Evento celebra 10 anos da Coaliz\u00e3o Brasil em ano de COP 30 | Especial COP 30\" width=\"800\" height=\"450\" src=\"https:\/\/www.youtube.com\/embed\/ajz4NDcG6Fc?feature=oembed\" frameborder=\"0\" allow=\"accelerometer; autoplay; clipboard-write; encrypted-media; gyroscope; picture-in-picture; web-share\" referrerpolicy=\"strict-origin-when-cross-origin\" allowfullscreen><\/iframe>\n<\/p>\n<\/figure><\/div>\n<p><br \/>\n<br \/><a href=\"https:\/\/www.canalrural.com.br\/agricultura\/agronegocio\/coalizao-brasil-celebra-10-anos-e-reforca-papel-do-agro-na-cop-30\/\">Source link <\/a><\/p>\n","protected":false},"excerpt":{"rendered":"<p>A Coaliz\u00e3o Brasil Clima, Florestas e Agricultura completou 10 anos com um evento em S\u00e3o Paulo nesta quinta-feira (3), reunindo<\/p>\n","protected":false},"author":1,"featured_media":680,"comment_status":"open","ping_status":"open","sticky":false,"template":"","format":"standard","meta":{"_monsterinsights_skip_tracking":false,"_monsterinsights_sitenote_active":false,"_monsterinsights_sitenote_note":"","_monsterinsights_sitenote_category":0,"_uf_show_specific_survey":0,"_uf_disable_surveys":false,"footnotes":""},"categories":[1],"tags":[],"class_list":["post-16200","post","type-post","status-publish","format-standard","has-post-thumbnail","hentry","category-news"],"_links":{"self":[{"href":"https:\/\/agromt.news\/index.php?rest_route=\/wp\/v2\/posts\/16200"}],"collection":[{"href":"https:\/\/agromt.news\/index.php?rest_route=\/wp\/v2\/posts"}],"about":[{"href":"https:\/\/agromt.news\/index.php?rest_route=\/wp\/v2\/types\/post"}],"author":[{"embeddable":true,"href":"https:\/\/agromt.news\/index.php?rest_route=\/wp\/v2\/users\/1"}],"replies":[{"embeddable":true,"href":"https:\/\/agromt.news\/index.php?rest_route=%2Fwp%2Fv2%2Fcomments&post=16200"}],"version-history":[{"count":0,"href":"https:\/\/agromt.news\/index.php?rest_route=\/wp\/v2\/posts\/16200\/revisions"}],"wp:featuredmedia":[{"embeddable":true,"href":"https:\/\/agromt.news\/index.php?rest_route=\/wp\/v2\/media\/680"}],"wp:attachment":[{"href":"https:\/\/agromt.news\/index.php?rest_route=%2Fwp%2Fv2%2Fmedia&parent=16200"}],"wp:term":[{"taxonomy":"category","embeddable":true,"href":"https:\/\/agromt.news\/index.php?rest_route=%2Fwp%2Fv2%2Fcategories&post=16200"},{"taxonomy":"post_tag","embeddable":true,"href":"https:\/\/agromt.news\/index.php?rest_route=%2Fwp%2Fv2%2Ftags&post=16200"}],"curies":[{"name":"wp","href":"https:\/\/api.w.org\/{rel}","templated":true}]}}