{"id":16198,"date":"2025-07-04T17:52:12","date_gmt":"2025-07-04T21:52:12","guid":{"rendered":"https:\/\/agromt.news\/?p=16198"},"modified":"2025-07-04T17:52:12","modified_gmt":"2025-07-04T21:52:12","slug":"apos-usda-mercado-volta-a-olhar-o-clima-e-milho-abre-a-3afeira-recuando-em","status":"publish","type":"post","link":"https:\/\/agromt.news\/?p=16198","title":{"rendered":"Ap\u00f3s USDA, mercado volta a olhar o clima e milho abre a 3\u00aafeira recuando em&#8230;"},"content":{"rendered":"<p> <br \/>\n<\/p>\n<div>\n<p><img decoding=\"async\" alt=\"Logotipo Not&#xED;cias Agr&#xED;colas\" height=\"21\" src=\"https:\/\/cdn.noticiasagricolas.com.br\/dbimagens\/e12363a00741f9cc7caf23469101a4aa.png\" width=\"106\"\/><\/p>\n<p>A ter\u00e7a-feira (01) come\u00e7a com os pre\u00e7os futuros do milho registrando perdas na Bolsa Brasileira (B3). As principais cota\u00e7\u00f5es flutuavam na faixa entre R$ 61,75 e R$ 71,19 por volta das 10h14 (hor\u00e1rio de Bras\u00edlia).\u00a0<\/p>\n<p>O vencimento julho\/25 era cotado a R$ 63,15 com desvaloriza\u00e7\u00e3o de 0,55%, o setembro\/25 valia R$ 61,75 com perda de 0,36%, o novembro\/25 era negociado por R$ 66,20 com baixa de 0,21% e o janeiro\/26 tinha valor de R$ 71,19 com queda de 0,31%.\u00a0<\/p>\n<h2>Mercado Externo\u00a0<\/h2>\n<p>Na Bolsa de Chicago (CBOT), a ter\u00e7a-feira tamb\u00e9m come\u00e7ou com movimenta\u00e7\u00f5es negativas para os pre\u00e7os internacionais do milho futuro, que registravam recuos por volta das 10h06 (hor\u00e1rio de Bras\u00edlia).\u00a0<\/p>\n<p>O vencimento julho\/25 era cotado a US$ 4,15 com perda de 5 pontos, o setembro\/25 valia US$ 4,02 com baixa de 6,75 pontos, o dezembro\/25 era negociado por US$ 4,18 com desvaloriza\u00e7\u00e3o de 7,5 pontos e o mar\u00e7o\/26 tinha valor de US$ 4,34 com queda de 6,75 pontos.\u00a0<\/p>\n<p>Segundo informa\u00e7\u00f5es do site internacional Farm Futures, com um relat\u00f3rio do USDA (Departamento de Agricultura dos Estados Unidos) sem grandes novidades, o mercado volta a acompanhar as condi\u00e7\u00f5es de clima para as lavouras dos EUA.\u00a0<\/p>\n<p>\u201cOs n\u00fameros de \u00e1rea cultivada e estoques trimestrais de gr\u00e3os do USDA se aproximaram das expectativas para milho e soja, rapidamente redirecionando o foco do mercado para o clima do Centro-Oeste e para o que tem sido visto como condi\u00e7\u00f5es de cultivo amplamente favor\u00e1veis \u00e0 cultura\u201d.\u00a0<\/p>\n<p>O que pode entrar em campo para mudar a din\u00e2mica nos pr\u00f3ximos dias s\u00e3o potenciais acordos comerciais com os Estados Unidos e an\u00fancios de pol\u00edticas para biocombust\u00edveis.\u00a0<\/p>\n<p>\u201cQualquer um desses acontecimentos pode gerar um rali de cobertura de posi\u00e7\u00f5es vendidas, o que pode oferecer oportunidades para os produtores comercializarem bushels n\u00e3o vendidos da safra antiga ou recuperarem as vendas da safra nova\u201d,\u00a0disse McCormick, do AgMarket.Net.\u00a0<\/p>\n<\/p><\/div>\n<p><script async defer src=\"https:\/\/connect.facebook.net\/en_US\/sdk.js\"><\/script><script>\n  !function(f,b,e,v,n,t,s)\n  {if(f.fbq)return;n=f.fbq=function(){n.callMethod?\n    n.callMethod.apply(n,arguments):n.queue.push(arguments)};\n    if(!f._fbq)f._fbq=n;n.push=n;n.loaded=!0;n.version='2.0';\n    n.queue=[];t=b.createElement(e);t.async=!0;\n    t.src=v;s=b.getElementsByTagName(e)[0];\n    s.parentNode.insertBefore(t,s)}(window, document,'script',\n    'https:\/\/connect.facebook.net\/en_US\/fbevents.js');\n  fbq('init', '153495679422335');\n  fbq('track', 'PageView');\n<\/script><br \/>\n<br \/><br \/>\n<br \/><a href=\"https:\/\/www.noticiasagricolas.com.br\/noticias\/milho\/403258-apos-usda-mercado-volta-a-olhar-o-clima-e-milho-abre-a-3-feira-recuando-em-chicago.html\">Source link <\/a><\/p>\n","protected":false},"excerpt":{"rendered":"<p>A ter\u00e7a-feira (01) come\u00e7a com os pre\u00e7os futuros do milho registrando perdas na Bolsa Brasileira (B3). As principais cota\u00e7\u00f5es flutuavam<\/p>\n","protected":false},"author":1,"featured_media":16199,"comment_status":"open","ping_status":"open","sticky":false,"template":"","format":"standard","meta":{"_monsterinsights_skip_tracking":false,"_monsterinsights_sitenote_active":false,"_monsterinsights_sitenote_note":"","_monsterinsights_sitenote_category":0,"_uf_show_specific_survey":0,"_uf_disable_surveys":false,"footnotes":""},"categories":[8,1,14,16],"tags":[],"class_list":["post-16198","post","type-post","status-publish","format-standard","has-post-thumbnail","hentry","category-agro","category-news","category-politica-agro","category-safra"],"_links":{"self":[{"href":"https:\/\/agromt.news\/index.php?rest_route=\/wp\/v2\/posts\/16198"}],"collection":[{"href":"https:\/\/agromt.news\/index.php?rest_route=\/wp\/v2\/posts"}],"about":[{"href":"https:\/\/agromt.news\/index.php?rest_route=\/wp\/v2\/types\/post"}],"author":[{"embeddable":true,"href":"https:\/\/agromt.news\/index.php?rest_route=\/wp\/v2\/users\/1"}],"replies":[{"embeddable":true,"href":"https:\/\/agromt.news\/index.php?rest_route=%2Fwp%2Fv2%2Fcomments&post=16198"}],"version-history":[{"count":0,"href":"https:\/\/agromt.news\/index.php?rest_route=\/wp\/v2\/posts\/16198\/revisions"}],"wp:featuredmedia":[{"embeddable":true,"href":"https:\/\/agromt.news\/index.php?rest_route=\/wp\/v2\/media\/16199"}],"wp:attachment":[{"href":"https:\/\/agromt.news\/index.php?rest_route=%2Fwp%2Fv2%2Fmedia&parent=16198"}],"wp:term":[{"taxonomy":"category","embeddable":true,"href":"https:\/\/agromt.news\/index.php?rest_route=%2Fwp%2Fv2%2Fcategories&post=16198"},{"taxonomy":"post_tag","embeddable":true,"href":"https:\/\/agromt.news\/index.php?rest_route=%2Fwp%2Fv2%2Ftags&post=16198"}],"curies":[{"name":"wp","href":"https:\/\/api.w.org\/{rel}","templated":true}]}}