{"id":16197,"date":"2025-07-04T17:45:13","date_gmt":"2025-07-04T21:45:13","guid":{"rendered":"https:\/\/agromt.news\/?p=16197"},"modified":"2025-07-04T17:45:13","modified_gmt":"2025-07-04T21:45:13","slug":"abertura-da-agroformosa-reforca-papel-do-evento-no-desenvolvimento-regional-2","status":"publish","type":"post","link":"https:\/\/agromt.news\/?p=16197","title":{"rendered":"Abertura da AgroFormosa refor\u00e7a papel do evento no desenvolvimento regional"},"content":{"rendered":"<p> <br \/>\n<\/p>\n<div>\n<p>Come\u00e7ou oficialmente na noite desta quinta-feira (3) a <strong>terceira edi\u00e7\u00e3o<\/strong> da <strong>AgroFormosa<\/strong>. A cerim\u00f4nia de abertura da feira agropecu\u00e1ria reuniu produtores rurais, autoridades, empres\u00e1rios, parceiros e visitantes no Parque Major Leopoldo, em Formosa do Rio Preto, no Oeste da Bahia.<\/p>\n<p>A abertura tamb\u00e9m foi marcada pela inaugura\u00e7\u00e3o do Tatersal Jos\u00e9 Raimundo Pereira Batista, espa\u00e7o que simboliza o crescimento da pecu\u00e1ria e o compromisso do munic\u00edpio com o fortalecimento da agropecu\u00e1ria regional.<\/p>\n<p>Durante a solenidade, foram destacados os avan\u00e7os que transformaram a feira na maior vitrine agropecu\u00e1ria da hist\u00f3ria da cidade.<\/p>\n<p>Ao dar as boas-vindas ao p\u00fablico, o presidente da AgroFormosa e da Associa\u00e7\u00e3o de Criadores de Formosa do Rio Preto (Acrifor), Sabino Gomes Filho, lembrou que tudo come\u00e7ou em 2023, com um sonho que parecia distante.<\/p>\n<figure class=\"wp-block-image size-large\"><img fetchpriority=\"high\" decoding=\"async\" width=\"1024\" height=\"682\" src=\"https:\/\/agromt.news\/wp-content\/uploads\/2025\/07\/Abertura-da-AgroFormosa-reforca-papel-do-evento-no-desenvolvimento-regional.jpeg\" alt=\"Abertura agroformosa 2025, Sabino\" class=\"wp-image-4108866\"  \/><figcaption class=\"wp-element-caption\">Presidente da AgroFormosa e da Acrifor, Sabino Gomes Filho | Foto: Divulga\u00e7\u00e3o\/Ascom AgroFormosa<\/figcaption><\/figure>\n<p>\u201cHoje, esse trabalho que plantamos com tanto cuidado j\u00e1 est\u00e1 alimentando gera\u00e7\u00f5es. A AgroFormosa \u00e9 fruto de uni\u00e3o, coragem e da certeza de que, quando Formosa decide caminhar junto, ela se torna imbat\u00edvel\u201d, afirmou.<\/p>\n<p>Sabino tamb\u00e9m destacou que a edi\u00e7\u00e3o de 2025 chega maior e mais estruturada, com dois leil\u00f5es, dezenas de expositores e uma programa\u00e7\u00e3o pensada para valorizar toda a cadeia produtiva.<\/p>\n<\/div>\n<div>\n<p>O prefeito de Formosa do Rio Preto, Neo Ara\u00fajo, ressaltou que a feira simboliza muito mais que neg\u00f3cios: representa oportunidade, transforma\u00e7\u00e3o social e gera\u00e7\u00e3o de renda.<\/p>\n<p>\u201cEste evento movimenta a nossa cidade. Tudo isso gera uma economia extra para o munic\u00edpio, fortalecendo cada vez mais o nosso com\u00e9rcio \u2014 dos donos de pousadas, hot\u00e9is, restaurantes e lanchonetes. \u00c9 a AgroFormosa gerando riqueza para o munic\u00edpio de Formosa do Rio Preto\u201d, disse o gestor municipal.<\/p>\n<figure class=\"wp-block-image size-large\"><img decoding=\"async\" width=\"1024\" height=\"682\" src=\"https:\/\/agromt.news\/wp-content\/uploads\/2025\/07\/Abertura-da-AgroFormosa-reforca-papel-do-evento-no-desenvolvimento-regional.jpg\" alt=\"abertura agroformosa 2025, formosa do rio preto, oeste da bahia\" class=\"wp-image-4108853\"  \/><figcaption class=\"wp-element-caption\">Foto: Divulga\u00e7\u00e3o<\/figcaption><\/figure>\n<p>Ao longo dos pr\u00f3ximos dias, a AgroFormosa ter\u00e1 uma programa\u00e7\u00e3o intensa, com palestras, oficinas, rodas de conversa e espa\u00e7os de neg\u00f3cios.<\/p>\n<p>Entre os destaques est\u00e3o os dois leil\u00f5es que movimentar\u00e3o a pecu\u00e1ria regional: nesta sexta-feira (4), ocorre o leil\u00e3o de gado leiteiro, e no s\u00e1bado (5), ser\u00e1 realizado o leil\u00e3o de gado Nelore P.O., consolidando a feira como refer\u00eancia na valoriza\u00e7\u00e3o gen\u00e9tica e na promo\u00e7\u00e3o de novos investimentos no setor.<\/p>\n<hr class=\"wp-block-separator has-alpha-channel-opacity\"\/>\n<p><em>Voc\u00ea tamb\u00e9m pode participar deixando uma sugest\u00e3o de pauta. Siga o\u00a0<a href=\"https:\/\/www.instagram.com\/canalruralbahia\/\">Canal Rural Bahia no Instagram<\/a>\u00a0e nos envie uma mensagem<\/em>.<\/p>\n<\/p><\/div>\n<p><script async src=\"\/\/www.instagram.com\/embed.js\"><\/script><br \/>\n<br \/><br \/>\n<br \/><a href=\"https:\/\/www.canalrural.com.br\/nacional\/bahia\/abertura-da-agroformosa-reforca-papel-da-feira-no-desenvolvimento-regional\/\">Source link <\/a><\/p>\n","protected":false},"excerpt":{"rendered":"<p>Come\u00e7ou oficialmente na noite desta quinta-feira (3) a terceira edi\u00e7\u00e3o da AgroFormosa. A cerim\u00f4nia de abertura da feira agropecu\u00e1ria reuniu<\/p>\n","protected":false},"author":1,"featured_media":16196,"comment_status":"open","ping_status":"open","sticky":false,"template":"","format":"standard","meta":{"_monsterinsights_skip_tracking":false,"_monsterinsights_sitenote_active":false,"_monsterinsights_sitenote_note":"","_monsterinsights_sitenote_category":0,"_uf_show_specific_survey":0,"_uf_disable_surveys":false,"footnotes":""},"categories":[1],"tags":[],"class_list":["post-16197","post","type-post","status-publish","format-standard","has-post-thumbnail","hentry","category-news"],"_links":{"self":[{"href":"https:\/\/agromt.news\/index.php?rest_route=\/wp\/v2\/posts\/16197"}],"collection":[{"href":"https:\/\/agromt.news\/index.php?rest_route=\/wp\/v2\/posts"}],"about":[{"href":"https:\/\/agromt.news\/index.php?rest_route=\/wp\/v2\/types\/post"}],"author":[{"embeddable":true,"href":"https:\/\/agromt.news\/index.php?rest_route=\/wp\/v2\/users\/1"}],"replies":[{"embeddable":true,"href":"https:\/\/agromt.news\/index.php?rest_route=%2Fwp%2Fv2%2Fcomments&post=16197"}],"version-history":[{"count":0,"href":"https:\/\/agromt.news\/index.php?rest_route=\/wp\/v2\/posts\/16197\/revisions"}],"wp:featuredmedia":[{"embeddable":true,"href":"https:\/\/agromt.news\/index.php?rest_route=\/wp\/v2\/media\/16196"}],"wp:attachment":[{"href":"https:\/\/agromt.news\/index.php?rest_route=%2Fwp%2Fv2%2Fmedia&parent=16197"}],"wp:term":[{"taxonomy":"category","embeddable":true,"href":"https:\/\/agromt.news\/index.php?rest_route=%2Fwp%2Fv2%2Fcategories&post=16197"},{"taxonomy":"post_tag","embeddable":true,"href":"https:\/\/agromt.news\/index.php?rest_route=%2Fwp%2Fv2%2Ftags&post=16197"}],"curies":[{"name":"wp","href":"https:\/\/api.w.org\/{rel}","templated":true}]}}