{"id":16192,"date":"2025-07-04T17:03:20","date_gmt":"2025-07-04T21:03:20","guid":{"rendered":"https:\/\/agromt.news\/?p=16192"},"modified":"2025-07-04T17:03:20","modified_gmt":"2025-07-04T21:03:20","slug":"frente-fria-avanca-pelo-pais-no-fim-de-semana-veja-a-previsao-da-climatempo","status":"publish","type":"post","link":"https:\/\/agromt.news\/?p=16192","title":{"rendered":"Frente fria avan\u00e7a pelo pa\u00eds no fim de semana; veja a previs\u00e3o da Climatempo"},"content":{"rendered":"<p> <br \/>\n<br \/><img decoding=\"async\" src=\"https:\/\/agromt.news\/wp-content\/uploads\/2025\/03\/Duas-frentes-frias-vao-trazer-primeiro-pico-de-frio-do.jpg\" \/><\/p>\n<div>\n<p>O fim de semana ser\u00e1 marcado por chuva intensa no litoral do Nordeste e temperaturas em eleva\u00e7\u00e3o no Sul e Sudeste do Brasil, segundo a <strong><a href=\"https:\/\/www.canalrural.com.br\/autor\/climatempo\/\">Climatempo<\/a><\/strong>.<\/p>\n<div data-icp-cta=\"1\" id=\"icp-cta-unique\">Voc\u00ea quer entender como usar o clima a seu favor?<b> <\/b><a href=\"https:\/\/climacampo.canalrural.com.br\/climacampo_-01\">Preparamos um e-book exclusivo<\/a> para ajudar produtores rurais a se antecipar \u00e0s mudan\u00e7as do tempo e planejar melhor suas a\u00e7\u00f5es. Com base em previs\u00f5es meteorol\u00f3gicas confi\u00e1veis, ele oferece orienta\u00e7\u00f5es pr\u00e1ticas para proteger sua lavoura e otimizar seus resultados.<\/div>\n<p>No s\u00e1bado (5), a combina\u00e7\u00e3o de infiltra\u00e7\u00e3o mar\u00edtima e circula\u00e7\u00e3o de ventos em baixos n\u00edveis da atmosfera deve provocar chuvas expressivas do litoral da Bahia at\u00e9 Sergipe, incluindo Salvador, onde os acumulados podem ser significativos.<\/p>\n<p>No Esp\u00edrito Santo, a chuva ainda ocorre a qualquer hora, mas come\u00e7a a enfraquecer no Rio de Janeiro e no litoral paulista, onde o tempo firme volta a predominar. J\u00e1 no Norte do pa\u00eds, h\u00e1 previs\u00e3o de temporais em \u00e1reas do Amazonas, Roraima, noroeste do Par\u00e1 e Amap\u00e1.<\/p>\n<p>Grande parte do Brasil ter\u00e1 tempo firme e sem chuva no s\u00e1bado. Com o afastamento da massa de ar polar para o oceano, o frio perde for\u00e7a no Centro-Sul, e as temperaturas come\u00e7am a subir. <\/p>\n<\/div>\n<div>\n<p>Ainda assim, h\u00e1 possibilidade de geada isolada no in\u00edcio da manh\u00e3 em pontos da serra ga\u00facha e catarinense, al\u00e9m da Mantiqueira e do Vale do Para\u00edba, entre S\u00e3o Paulo e Minas Gerais. <\/p>\n<p>Uma frente fria passa pela costa do Sul, mas provoca apenas aumento de nebulosidade no leste do Rio Grande do Sul e de Santa Catarina, sem chuvas significativas.<\/p>\n<h4 class=\"wp-block-heading\" id=\"h-domingo-com-mais-chuva-no-nordeste-e-temperaturas-em-alta-no-centro-oeste\"><strong>Domingo com mais chuva no Nordeste e temperaturas em alta no Centro-Oeste<\/strong><\/h4>\n<p>No domingo (6), a frente fria avan\u00e7a pela costa da Regi\u00e3o Sudeste, aumentando a nebulosidade no leste de S\u00e3o Paulo e provocando pancadas de chuva no litoral paulista e no litoral sul fluminense.<\/p>\n<p>No Nordeste, a chuva continua intensa entre o litoral norte da Bahia e Sergipe, al\u00e9m de volumes moderados a fortes do litoral de Pernambuco at\u00e9 o Rio Grande do Norte. No interior da regi\u00e3o, o tempo permanece seco e quente, com baixa umidade relativa do ar nos per\u00edodos mais quentes do dia.<\/p>\n<p>O Centro-Oeste ter\u00e1 sol entre nuvens e temperaturas em eleva\u00e7\u00e3o, especialmente em Mato Grosso e Mato Grosso do Sul. J\u00e1 no Sul, o litoral do Paran\u00e1 ter\u00e1 dia mais nublado e com chuva, enquanto o restante dos estados permanece com tempo firme e temperaturas mais baixas devido \u00e0 entrada de uma nova massa de ar frio. O amanhecer deve ser gelado, com possibilidade de geada em \u00e1reas de serra e planalto ga\u00facho e catarinense.<\/p>\n<\/p><\/div>\n<p><br \/>\n<br \/><a href=\"https:\/\/www.canalrural.com.br\/tempo\/frente-fria-avanca-pelo-pais-no-fim-de-semana-veja-a-previsao-da-climatempo\/\">Source link <\/a><\/p>\n","protected":false},"excerpt":{"rendered":"<p>O fim de semana ser\u00e1 marcado por chuva intensa no litoral do Nordeste e temperaturas em eleva\u00e7\u00e3o no Sul e<\/p>\n","protected":false},"author":1,"featured_media":12322,"comment_status":"open","ping_status":"open","sticky":false,"template":"","format":"standard","meta":{"_monsterinsights_skip_tracking":false,"_monsterinsights_sitenote_active":false,"_monsterinsights_sitenote_note":"","_monsterinsights_sitenote_category":0,"_uf_show_specific_survey":0,"_uf_disable_surveys":false,"footnotes":""},"categories":[1],"tags":[],"class_list":["post-16192","post","type-post","status-publish","format-standard","has-post-thumbnail","hentry","category-news"],"_links":{"self":[{"href":"https:\/\/agromt.news\/index.php?rest_route=\/wp\/v2\/posts\/16192"}],"collection":[{"href":"https:\/\/agromt.news\/index.php?rest_route=\/wp\/v2\/posts"}],"about":[{"href":"https:\/\/agromt.news\/index.php?rest_route=\/wp\/v2\/types\/post"}],"author":[{"embeddable":true,"href":"https:\/\/agromt.news\/index.php?rest_route=\/wp\/v2\/users\/1"}],"replies":[{"embeddable":true,"href":"https:\/\/agromt.news\/index.php?rest_route=%2Fwp%2Fv2%2Fcomments&post=16192"}],"version-history":[{"count":0,"href":"https:\/\/agromt.news\/index.php?rest_route=\/wp\/v2\/posts\/16192\/revisions"}],"wp:featuredmedia":[{"embeddable":true,"href":"https:\/\/agromt.news\/index.php?rest_route=\/wp\/v2\/media\/12322"}],"wp:attachment":[{"href":"https:\/\/agromt.news\/index.php?rest_route=%2Fwp%2Fv2%2Fmedia&parent=16192"}],"wp:term":[{"taxonomy":"category","embeddable":true,"href":"https:\/\/agromt.news\/index.php?rest_route=%2Fwp%2Fv2%2Fcategories&post=16192"},{"taxonomy":"post_tag","embeddable":true,"href":"https:\/\/agromt.news\/index.php?rest_route=%2Fwp%2Fv2%2Ftags&post=16192"}],"curies":[{"name":"wp","href":"https:\/\/api.w.org\/{rel}","templated":true}]}}