{"id":16190,"date":"2025-07-04T16:49:14","date_gmt":"2025-07-04T20:49:14","guid":{"rendered":"https:\/\/agromt.news\/?p=16190"},"modified":"2025-07-04T16:49:14","modified_gmt":"2025-07-04T20:49:14","slug":"por-que-sua-cerca-eletrica-falha-o-problema-pode-estar-no-equipamento","status":"publish","type":"post","link":"https:\/\/agromt.news\/?p=16190","title":{"rendered":"Por que sua cerca el\u00e9trica falha? O problema pode estar no equipamento"},"content":{"rendered":"<p> <br \/>\n<\/p>\n<div>\n<p>Voc\u00ea j\u00e1 se perguntou por que a sua <strong>cerca el\u00e9trica n\u00e3o segura o gado<\/strong>, mesmo com todos os fios no lugar? <strong>Assista ao v\u00eddeo e desvende os mist\u00e9rios da cerca el\u00e9trica!<\/strong><\/p>\n<figure class=\"wp-block-embed is-type-video is-provider-youtube wp-block-embed-youtube wp-embed-aspect-16-9 wp-has-aspect-ratio\">\n<p>\n<iframe title=\"POR QUE SUA CERCA EL\u00c9TRICA N\u00c3O FUNCIONA? A RESPOSTA EST\u00c1 NA ESCOLHA DOS EQUIPAMENTOS\" width=\"800\" height=\"450\" src=\"https:\/\/www.youtube.com\/embed\/a60Tj_L7_wc?feature=oembed\" frameborder=\"0\" allow=\"accelerometer; autoplay; clipboard-write; encrypted-media; gyroscope; picture-in-picture; web-share\" referrerpolicy=\"strict-origin-when-cross-origin\" allowfullscreen><\/iframe><noscript><iframe title=\"POR QUE SUA CERCA EL\u00c9TRICA N\u00c3O FUNCIONA? A RESPOSTA EST\u00c1 NA ESCOLHA DOS EQUIPAMENTOS\" width=\"800\" height=\"450\" src=\"https:\/\/www.youtube.com\/embed\/a60Tj_L7_wc?feature=oembed\" frameborder=\"0\" allow=\"accelerometer; autoplay; clipboard-write; encrypted-media; gyroscope; picture-in-picture; web-share\" referrerpolicy=\"strict-origin-when-cross-origin\" allowfullscreen><\/iframe><\/noscript>\n<\/p>\n<\/figure>\n<p>A resposta pode estar na <strong>escolha errada dos equipamentos<\/strong> ou na <strong>instala\u00e7\u00e3o inadequada do sistema<\/strong>. Segundo o m\u00e9dico-veterin\u00e1rio <a href=\"https:\/\/www.canalrural.com.br\/tag\/ernesto-coser\/\">Ernesto Coser<\/a>, um dos maiores especialistas no assunto, esse \u00e9 um erro comum \u2014 e evit\u00e1vel.<\/p>\n<p>No \u00faltimo epis\u00f3dio da s\u00e9rie <em>Mitos &amp; Verdades: Cerca El\u00e9trica<\/em>, exibido no programa <em>Giro do Boi<\/em> nesta sexta-feira, 4 de julho, Coser alertou: <strong>n\u00e3o existe animal que n\u00e3o respeite um bom choque<\/strong>.<\/p>\n<p>Se o gado est\u00e1 ultrapassando os fios, \u00e9 porque h\u00e1 falhas t\u00e9cnicas comprometendo o desempenho da tecnologia.<\/p>\n<h2 class=\"wp-block-heading\" id=\"h-os-tres-pilares-da-cerca-eletrica-eficiente\">Os tr\u00eas pilares da cerca el\u00e9trica eficiente<\/h2>\n<figure class=\"wp-block-image size-large\"><img fetchpriority=\"high\" decoding=\"async\" width=\"1024\" height=\"576\" alt=\"Infogr\u00e1fio sobre os pilares da cerca el\u00e9trica. Foto: Acervo\/Ernesto Coser\" class=\"wp-image-4108664\"  data-lazy- src=\"https:\/\/agromt.news\/wp-content\/uploads\/2025\/07\/Por-que-sua-cerca-eletrica-falha-O-problema-pode-estar.jpg\"\/><img decoding=\"async\" width=\"1024\" height=\"576\" src=\"https:\/\/agromt.news\/wp-content\/uploads\/2025\/07\/Por-que-sua-cerca-eletrica-falha-O-problema-pode-estar.jpg\" alt=\"Infogr\u00e1fio sobre os pilares da cerca el\u00e9trica. Foto: Acervo\/Ernesto Coser\" class=\"wp-image-4108664\"  \/><figcaption class=\"wp-element-caption\">Infogr\u00e1fio sobre os pilares da cerca el\u00e9trica. Foto: Acervo\/Ernesto Coser<\/figcaption><\/figure>\n<p>Para garantir o funcionamento ideal da <a href=\"https:\/\/www.canalrural.com.br\/tag\/cerca-eletrica\/\">cerca el\u00e9trica<\/a>, tr\u00eas aspectos s\u00e3o indispens\u00e1veis:<\/p>\n<ul class=\"wp-block-list\">\n<li><strong>Voltagem m\u00ednima de 4.000 Volts<\/strong>: abaixo disso, o choque n\u00e3o \u00e9 eficaz; acima de 12.000 Volts, torna-se perigoso e at\u00e9 ilegal.<\/li>\n<li><strong>Fio de retorno<\/strong>: essencial para fechar o circuito el\u00e9trico, principalmente em <strong>solos secos ou arenosos<\/strong>, onde o retorno pelo solo \u00e9 ineficiente.<\/li>\n<li><strong>Bom aterramento<\/strong>: hastes de a\u00e7o galvanizado bem instaladas e profundas o suficiente para alcan\u00e7ar umidade do solo s\u00e3o fundamentais.<\/li>\n<\/ul>\n<h2 class=\"wp-block-heading\" id=\"h-problemas-frequentes-e-solucoes-praticas\">Problemas frequentes e solu\u00e7\u00f5es pr\u00e1ticas<\/h2>\n<figure class=\"wp-block-image size-large\"><img decoding=\"async\" width=\"1024\" height=\"576\" alt=\"Infogr\u00e1fio sobre o aterramento da cerca el\u00e9trica. Foto: Acervo\/Ernesto Coser\" class=\"wp-image-4108663\"  data-lazy- src=\"https:\/\/agromt.news\/wp-content\/uploads\/2025\/07\/1751662154_152_Por-que-sua-cerca-eletrica-falha-O-problema-pode-estar.jpg\"\/><img loading=\"lazy\" decoding=\"async\" width=\"1024\" height=\"576\" src=\"https:\/\/agromt.news\/wp-content\/uploads\/2025\/07\/1751662154_152_Por-que-sua-cerca-eletrica-falha-O-problema-pode-estar.jpg\" alt=\"Infogr\u00e1fio sobre o aterramento da cerca el\u00e9trica. Foto: Acervo\/Ernesto Coser\" class=\"wp-image-4108663\"  \/><figcaption class=\"wp-element-caption\">Infogr\u00e1fio sobre o aterramento da cerca el\u00e9trica. Foto: Acervo\/Ernesto Coser<\/figcaption><\/figure>\n<p>Mesmo com a voltagem certa, o sistema pode falhar. Em \u00e9pocas de <strong>seca prolongada<\/strong>, a <strong>falta de umidade no solo<\/strong> compromete o retorno da corrente el\u00e9trica.<\/p>\n<\/div>\n<div>\n<p>Nesses casos, a recomenda\u00e7\u00e3o \u00e9 <strong>aumentar a profundidade dos aterramentos auxiliares<\/strong>, para garantir contato com camadas \u00famidas do solo e restabelecer a efic\u00e1cia do sistema.<\/p>\n<p>Outro erro comum \u00e9 a <strong>mistura de metais<\/strong> no aterramento, o que causa corros\u00e3o e reduz a vida \u00fatil dos componentes. Ernesto Coser refor\u00e7a que \u00e9 uma <strong>quest\u00e3o de f\u00edsica e bom senso<\/strong>: se o animal n\u00e3o leva choque, ele n\u00e3o respeita a cerca.<\/p>\n<h2 class=\"wp-block-heading\" id=\"h-impacto-direto-no-manejo-das-pastagens\">Impacto direto no manejo das pastagens<\/h2>\n<figure class=\"wp-block-image size-large\"><img loading=\"lazy\" decoding=\"async\" width=\"1024\" height=\"576\" alt=\"Detalhe de instala\u00e7\u00e3o da cerca el\u00e9trica na fazenda. Foto: Divulga\u00e7\u00e3o\/Ernesto Coser\" class=\"wp-image-4108662\"  data-lazy- src=\"https:\/\/agromt.news\/wp-content\/uploads\/2025\/07\/1751662154_353_Por-que-sua-cerca-eletrica-falha-O-problema-pode-estar.jpg\"\/><img loading=\"lazy\" decoding=\"async\" width=\"1024\" height=\"576\" src=\"https:\/\/agromt.news\/wp-content\/uploads\/2025\/07\/1751662154_353_Por-que-sua-cerca-eletrica-falha-O-problema-pode-estar.jpg\" alt=\"Detalhe de instala\u00e7\u00e3o da cerca el\u00e9trica na fazenda. Foto: Divulga\u00e7\u00e3o\/Ernesto Coser\" class=\"wp-image-4108662\"  \/><figcaption class=\"wp-element-caption\">Detalhe de instala\u00e7\u00e3o da cerca el\u00e9trica na fazenda. Foto: Divulga\u00e7\u00e3o\/Ernesto Coser<\/figcaption><\/figure>\n<p>Muito al\u00e9m da conten\u00e7\u00e3o, a cerca el\u00e9trica \u00e9 uma <strong>ferramenta estrat\u00e9gica no manejo de pastagens<\/strong>. Seu uso correto permite o <strong><a href=\"https:\/\/www.canalrural.com.br\/projetos\/exemplos-pastejo-rotacionado-22199\/\">pastejo rotacionado<\/a><\/strong> e evita o subaproveitamento ou a degrada\u00e7\u00e3o das \u00e1reas de pasto.<\/p>\n<p>Profissionais que dominam a cerca el\u00e9trica e conhecem <strong>solo, planta e comportamento animal<\/strong> se destacam no mercado. Eles conseguem propor solu\u00e7\u00f5es mais baratas, eficientes e produtivas para a fazenda.<\/p>\n<h2 class=\"wp-block-heading\" id=\"h-quem-controla-o-gado-e-voce-e-nao-o-contrario\">Quem controla o gado \u00e9 voc\u00ea \u2013 e n\u00e3o o contr\u00e1rio<\/h2>\n<p>Se na sua propriedade o pasto est\u00e1 \u201crapado\u201d ou \u201cpassado\u201d, \u00e9 sinal de que o gado est\u00e1 mandando no sistema.<\/p>\n<p><strong>Com uma cerca el\u00e9trica bem montada, voc\u00ea retoma o controle do manejo<\/strong>, protege sua pastagem e <strong>aumenta a rentabilidade da produ\u00e7\u00e3o<\/strong>.<\/p>\n<p>Portanto, investir em <strong>equipamentos de qualidade<\/strong> e entender os princ\u00edpios b\u00e1sicos da eletrifica\u00e7\u00e3o rural \u00e9 o primeiro passo para <strong>colher mais resultado com menos desperd\u00edcio<\/strong>. A cerca el\u00e9trica certa <strong>\u00e9 sua aliada na produtividade.<\/strong><\/p>\n<\/p><\/div>\n<p><br \/>\n<br \/><a href=\"https:\/\/www.canalrural.com.br\/pecuaria\/por-que-sua-cerca-eletrica-falha-o-problema-pode-estar-no-equipamento\/\">Source link <\/a><\/p>\n","protected":false},"excerpt":{"rendered":"<p>Voc\u00ea j\u00e1 se perguntou por que a sua cerca el\u00e9trica n\u00e3o segura o gado, mesmo com todos os fios no<\/p>\n","protected":false},"author":1,"featured_media":16191,"comment_status":"open","ping_status":"open","sticky":false,"template":"","format":"standard","meta":{"_monsterinsights_skip_tracking":false,"_monsterinsights_sitenote_active":false,"_monsterinsights_sitenote_note":"","_monsterinsights_sitenote_category":0,"_uf_show_specific_survey":0,"_uf_disable_surveys":false,"footnotes":""},"categories":[1],"tags":[],"class_list":["post-16190","post","type-post","status-publish","format-standard","has-post-thumbnail","hentry","category-news"],"_links":{"self":[{"href":"https:\/\/agromt.news\/index.php?rest_route=\/wp\/v2\/posts\/16190"}],"collection":[{"href":"https:\/\/agromt.news\/index.php?rest_route=\/wp\/v2\/posts"}],"about":[{"href":"https:\/\/agromt.news\/index.php?rest_route=\/wp\/v2\/types\/post"}],"author":[{"embeddable":true,"href":"https:\/\/agromt.news\/index.php?rest_route=\/wp\/v2\/users\/1"}],"replies":[{"embeddable":true,"href":"https:\/\/agromt.news\/index.php?rest_route=%2Fwp%2Fv2%2Fcomments&post=16190"}],"version-history":[{"count":0,"href":"https:\/\/agromt.news\/index.php?rest_route=\/wp\/v2\/posts\/16190\/revisions"}],"wp:featuredmedia":[{"embeddable":true,"href":"https:\/\/agromt.news\/index.php?rest_route=\/wp\/v2\/media\/16191"}],"wp:attachment":[{"href":"https:\/\/agromt.news\/index.php?rest_route=%2Fwp%2Fv2%2Fmedia&parent=16190"}],"wp:term":[{"taxonomy":"category","embeddable":true,"href":"https:\/\/agromt.news\/index.php?rest_route=%2Fwp%2Fv2%2Fcategories&post=16190"},{"taxonomy":"post_tag","embeddable":true,"href":"https:\/\/agromt.news\/index.php?rest_route=%2Fwp%2Fv2%2Ftags&post=16190"}],"curies":[{"name":"wp","href":"https:\/\/api.w.org\/{rel}","templated":true}]}}