{"id":16189,"date":"2025-07-04T16:28:05","date_gmt":"2025-07-04T20:28:05","guid":{"rendered":"https:\/\/agromt.news\/?p=16189"},"modified":"2025-07-04T16:28:05","modified_gmt":"2025-07-04T20:28:05","slug":"abimaq-preve-desaceleracao-no-segundo-semestre-mesmo-com-bons-numeros","status":"publish","type":"post","link":"https:\/\/agromt.news\/?p=16189","title":{"rendered":"ABIMAQ prev\u00ea desacelera\u00e7\u00e3o no segundo semestre, mesmo com bons n\u00fameros"},"content":{"rendered":"<p> <br \/>\n<\/p>\n<div>\n<p style=\"text-align:justify\">O setor de m\u00e1quinas e implementos agr\u00edcolas registroucrescimento em maio de 2025, impulsionando o desempenho geral da ind\u00fastria brasileira de m\u00e1quinas e equipamentos. Segundo dados divulgados pela ABIMAQ (Associa\u00e7\u00e3o Brasileira da Ind\u00fastria de M\u00e1quinas e Equipamentos), o segmento agroindustrial respondeu por R$ 6,49 bilh\u00f5es em receita l\u00edquida, um avan\u00e7o de 30,4% em rela\u00e7\u00e3o a maio do ano passado.&#13;\n<\/p>\n<p style=\"text-align:justify\">De acordo com a ABIMAQ, a demanda interna foi o grande destaque: as vendas dentro do pa\u00eds somaram R$ 5,79 bilh\u00f5es, aumento de 28,6% na compara\u00e7\u00e3o anual. J\u00e1 as exporta\u00e7\u00f5es de m\u00e1quinas agr\u00edcolas alcan\u00e7aram US$ 123,5 milh\u00f5es no m\u00eas, uma leve retra\u00e7\u00e3o de 8,3% em rela\u00e7\u00e3o a abril, mas com alta acumulada de 39,1% em 2025. O saldo comercial do setor foi positivo, refletindo o bom momento do agro.<\/p>\n<p style=\"text-align:justify\">Entre os produtos mais procurados, os tratores e colheitadeiras foram os protagonistas. Apenas em maio, a venda total desses equipamentos cresceu 64,9%, saltando de 3.195 para 5.270 unidades. A comercializa\u00e7\u00e3o interna de tratores aumentou 64,9%, com 4.509 unidades vendidas, enquanto as colheitadeiras mais do que dobraram as vendas, subindo 111,3% e chegando a 224 unidades. No acumulado de janeiro a maio, o setor registra alta de 17,6% nas vendas totais desses dois produtos.&#13;\n<\/p>\n<p style=\"text-align:justify\">O bom desempenho do setor agr\u00edcola tamb\u00e9m se refletiu na gera\u00e7\u00e3o de empregos. Em maio, 124,4 mil pessoas estavam empregadas diretamente na ind\u00fastria de m\u00e1quinas agr\u00edcolas, n\u00famero 9,1% superior ao registrado no mesmo per\u00edodo de 2024. O crescimento da atividade est\u00e1 diretamente relacionado \u00e0 retomada de investimentos no campo e \u00e0 expectativa de recupera\u00e7\u00e3o nas pr\u00f3ximas safras, ap\u00f3s os desafios clim\u00e1ticos recentes.<\/p>\n<p style=\"text-align:justify\">Por outro lado, o setor ainda enfrenta obst\u00e1culos no cen\u00e1rio externo. A exporta\u00e7\u00e3o de colheitadeiras caiu 58,1% em maio e acumula queda de 33,5% no ano. Al\u00e9m disso, o aumento das importa\u00e7\u00f5es de m\u00e1quinas \u2014 principalmente da China, que j\u00e1 responde por mais de 30% do total importado \u2014 representa uma amea\u00e7a \u00e0 competitividade da ind\u00fastria nacional, segundo a ABIMAQ.&#13;\n<\/p>\n<p style=\"text-align:justify\">Apesar do alerta sobre o crescimento das importa\u00e7\u00f5es, a entidade avalia que o setor de m\u00e1quinas agr\u00edcolas segue como pilar fundamental da recupera\u00e7\u00e3o da ind\u00fastria. \u201cO desempenho expressivo no mercado interno refor\u00e7a a import\u00e2ncia do agro para a ind\u00fastria de base do Brasil\u201d, destacou a ABIMAQ na coletiva. Para o segundo semestre, no entanto, a expectativa \u00e9 de desacelera\u00e7\u00e3o, diante do ambiente macroecon\u00f4mico desafiador e dos efeitos do aperto monet\u00e1rio.<\/p>\n<\/p><\/div>\n<p><script data-cfasync=\"false\">\n    !function (f, b, e, v, n, t, s) {\n        if (f.fbq) return; n = f.fbq = function () {\n            n.callMethod ?\n                n.callMethod.apply(n, arguments) : n.queue.push(arguments)\n        };\n        if (!f._fbq) f._fbq = n; n.push = n; n.loaded = !0; n.version = '2.0';\n        n.queue = []; t = b.createElement(e); t.async = !0;\n        t.src = v; s = b.getElementsByTagName(e)[0];\n        s.parentNode.insertBefore(t, s)\n    }(window, document, 'script',\n        'https:\/\/connect.facebook.net\/en_US\/fbevents.js');\n    fbq('init', '522546078623747');\n    fbq('track', 'PageView');\n<\/script><br \/>\n<br \/><br \/>\n<br \/><a href=\"https:\/\/www.agrolink.com.br\/noticias\/abimaq-preve-desaceleracao-no-segundo-semestre--mesmo-com-bons-numeros_503563.html\">Source link <\/a><\/p>\n","protected":false},"excerpt":{"rendered":"<p>O setor de m\u00e1quinas e implementos agr\u00edcolas registroucrescimento em maio de 2025, impulsionando o desempenho geral da ind\u00fastria brasileira de<\/p>\n","protected":false},"author":1,"featured_media":1044,"comment_status":"open","ping_status":"open","sticky":false,"template":"","format":"standard","meta":{"_monsterinsights_skip_tracking":false,"_monsterinsights_sitenote_active":false,"_monsterinsights_sitenote_note":"","_monsterinsights_sitenote_category":0,"_uf_show_specific_survey":0,"_uf_disable_surveys":false,"footnotes":""},"categories":[8,1,14],"tags":[],"class_list":["post-16189","post","type-post","status-publish","format-standard","has-post-thumbnail","hentry","category-agro","category-news","category-politica-agro"],"_links":{"self":[{"href":"https:\/\/agromt.news\/index.php?rest_route=\/wp\/v2\/posts\/16189"}],"collection":[{"href":"https:\/\/agromt.news\/index.php?rest_route=\/wp\/v2\/posts"}],"about":[{"href":"https:\/\/agromt.news\/index.php?rest_route=\/wp\/v2\/types\/post"}],"author":[{"embeddable":true,"href":"https:\/\/agromt.news\/index.php?rest_route=\/wp\/v2\/users\/1"}],"replies":[{"embeddable":true,"href":"https:\/\/agromt.news\/index.php?rest_route=%2Fwp%2Fv2%2Fcomments&post=16189"}],"version-history":[{"count":0,"href":"https:\/\/agromt.news\/index.php?rest_route=\/wp\/v2\/posts\/16189\/revisions"}],"wp:featuredmedia":[{"embeddable":true,"href":"https:\/\/agromt.news\/index.php?rest_route=\/wp\/v2\/media\/1044"}],"wp:attachment":[{"href":"https:\/\/agromt.news\/index.php?rest_route=%2Fwp%2Fv2%2Fmedia&parent=16189"}],"wp:term":[{"taxonomy":"category","embeddable":true,"href":"https:\/\/agromt.news\/index.php?rest_route=%2Fwp%2Fv2%2Fcategories&post=16189"},{"taxonomy":"post_tag","embeddable":true,"href":"https:\/\/agromt.news\/index.php?rest_route=%2Fwp%2Fv2%2Ftags&post=16189"}],"curies":[{"name":"wp","href":"https:\/\/api.w.org\/{rel}","templated":true}]}}