{"id":16185,"date":"2025-07-04T16:08:07","date_gmt":"2025-07-04T20:08:07","guid":{"rendered":"https:\/\/agromt.news\/?p=16185"},"modified":"2025-07-04T16:08:07","modified_gmt":"2025-07-04T20:08:07","slug":"o-brasil-nunca-precisou-tanto-do-espirito-cooperativista-como-agora-somos-coop","status":"publish","type":"post","link":"https:\/\/agromt.news\/?p=16185","title":{"rendered":"O Brasil nunca precisou tanto do esp\u00edrito cooperativista como agora. Somos Coop!"},"content":{"rendered":"<p> <br \/>\n<\/p>\n<div>\n<p>Neste s\u00e1bado (5), celebramos o <strong>Dia Internacional do Cooperativismo<\/strong>. E como o Brasil, e o mundo est\u00e1 precisando da filosofia e do esp\u00edrito cooperativista para enfrentarmos a divis\u00e3o, a polariza\u00e7\u00e3o e a guerra de \u201cvitimiza\u00e7\u00f5es\u201d que assola o pa\u00eds com uns culpando os outros.<\/p>\n<p>A Organiza\u00e7\u00e3o das Na\u00e7\u00f5es Unidas (ONU) determinou 2025 como o Ano Internacional do Cooperativismo. A raz\u00e3o \u00e9 not\u00f3ria. Para atender os 17 Objetivos do Desenvolvimento Sustent\u00e1vel planet\u00e1rio o crescimento das cooperativas \u00e9 fundamental. As estat\u00edsticas revelam a superioridade do \u00cdndice de Desenvolvimento Humano (IDH) onde existe cooperativismo.<\/p>\n<p>Pedi a um admirado l\u00edder cooperativista seu depoimento, o Jos\u00e9 Ant\u00f4nio Rossato, que foi presidente da Coplana, primeira cooperativa de cana do pa\u00eds, e \u00e9 membro do conselho da Organiza\u00e7\u00e3o de Cooperativas do Estado de S\u00e3o Paulo (Ocesp):<\/p>\n<p><em>\u201cCinco de julho, Dia Internacional do Cooperativismo. Mas o que \u00e9 o cooperativismo? Esse movimento surgiu na Inglaterra, na cidade de Rochdale no ano de 1844 e ele come\u00e7ou a partir de uma crise que foi causada pela Revolu\u00e7\u00e3o Industrial onde as m\u00e1quinas chegaram, substitu\u00edram as pessoas, e estas, sem oportunidades e sem emprego, passaram a buscar na capacidade de cooperarem entre si, de se aglotinarem, acessar de uma forma mais competitiva, mais barata, recursos b\u00e1sicos como, por exemplo, alimentos. <\/em><\/p>\n<p><em>Esse movimento deu t\u00e3o certo que se espalhou pelo mundo, inclusive chegou ao Brasil. Hoje o nosso pa\u00eds tem mais de 4.500 cooperativas e que s\u00e3o as organiza\u00e7\u00f5es que congregam esses cooperados, s\u00e3o mais de 23 milh\u00f5es de membros e quase 600 mil empregos que s\u00e3o gerados. <\/em><\/p>\n<p><em>As cooperativas acabam desenvolvendo o seu entorno, a comunidade, e muitas dessas cidades t\u00eam um \u00cdndice de Desenvolvimento Humano (IDH) superior, apenas pela presen\u00e7a da cooperativa fazendo essa gera\u00e7\u00e3o de renda local. <\/em><\/p>\n<p><em>\u00c9 a m\u00e1xima de desenvolver pessoas, de desenvolver o social atrav\u00e9s do econ\u00f4mico e dos neg\u00f3cios. S\u00e3o oito ramos do cooperativismo espalhados no nosso pa\u00eds. <\/em><\/p>\n<p><em>\u00c9 um dia para celebrar a capacidade de juntarmos, cooperarmos e, juntos, fazermos melhor algo que seria imposs\u00edvel ou at\u00e9 desafiador fazermos individualmente. E a inquietude da natureza humana, vida longa ao nosso cooperativismo\u201d.<\/em><\/p>\n<p>Reunimos hoje cerca de 27 milh\u00f5es de associados, com um movimento financeiro na casa de R$ 700 bilh\u00f5es. Ou seja, o sistema cooperativista reunido nos seus oito setores: agropecu\u00e1ria, cr\u00e9dito, consumo, infraestrutura, sa\u00fade, trabalho, transporte e recentemente seguro, representa a maior empresa brasileira, com o maior n\u00famero de acionistas e donos, pois numa cooperativa os cooperados s\u00e3o associados.<\/p>\n<\/div>\n<div>\n<p>Como curiosidade, o munic\u00edpio brasileiro com maior n\u00famero de cooperativas \u00e9 a cidade de S\u00e3o Paulo, pois envolve diversos setores como reciclagem, transportes, taxis como vermelho e branco, por exemplo, cooperativas do trabalho, educa\u00e7\u00e3o, servi\u00e7os.<\/p>\n<p>O modelo cooperativista nasceu das dificuldades, de momentos duros de sofrimento humano, como na revolu\u00e7\u00e3o industrial na Inglaterra no ano de 1844, e Rochdale com 30 artes\u00e3os desempregados. No Brasil, em 1902, em Nova Petr\u00f3polis, Rio Grande do Sul, com o padre jesu\u00edta Amstad, que criou a primeira cooperativa de cr\u00e9dito.<\/p>\n<p>No agroneg\u00f3cio as cooperativas significam cerca de 55% de tudo o que produzimos, e contam com mais de 1 milh\u00e3o de agricultores cooperados, 70% da agricultura familiar.<\/p>\n<p>O cooperativismo tem filosofias fortes de educa\u00e7\u00e3o, de ativar a prosperidade de todos os cooperados, suas fam\u00edlias e da sociedade no seu entorno. Cooperativismo tem regras exigentes de compliance onde o curto prazo jamais estar\u00e1 \u00e0 frente da seguran\u00e7a das decis\u00f5es de longo prazo. Um exemplo de elevada dignidade de reunir seres humanos num sistema social, ambiental e exemplar como democracia.<\/p>\n<p>Os l\u00edderes cooperativistas, como menciona um dos mais not\u00e1veis l\u00edderes do cooperativismo mundial Roberto Rodrigues, que j\u00e1 presidiu a Alian\u00e7a das Cooperativas Internacional em Bruxelas, e hoje \u00e9 embaixador do Cooperativismo na FAO, e o organizador do agro para a COP30, na sua fala: \u201cl\u00edderes cooperativistas merecem um Nobel da Paz\u201d.<\/p>\n<p>Em nome do presidente da Organiza\u00e7\u00e3o das Cooperativas Brasileiras (OCB), M\u00e1rcio Lopes, e da superintendente da entidades, T\u00e2nia Zanella, envio um abra\u00e7o a todos os l\u00edderes das 4.500 cooperativas do Brasil, e que as lideran\u00e7as pol\u00edticas se inspirem neles.<\/p>\n<p>Aqui em S\u00e3o Paulo, abra\u00e7os a Edivaldo Del Grande, presidente da Ocesp, e a todos os presidentes das 1.027 cooperativas paulistas.<\/p>\n<p><strong>Viva o Ano e o Dia Internacional do Cooperativismo. <\/strong>As cooperativas ser\u00e3o do tamanho do Brasil e o Brasil ser\u00e1 do tamanho de sua coopera\u00e7\u00e3o. Que os l\u00edderes pol\u00edticos sejam cada vez mais \u201ccoop\u201d, pois \u00e9 na coopera\u00e7\u00e3o que os justos e a justi\u00e7a se re\u00fanem.<\/p>\n<p>Somos Coop, por um Brasil Coop!<\/p>\n<div class=\"wp-block-media-text is-stacked-on-mobile\">\n<figure class=\"wp-block-media-text__media\"><img fetchpriority=\"high\" decoding=\"async\" width=\"982\" height=\"1024\" src=\"https:\/\/agromt.news\/wp-content\/uploads\/2025\/05\/Antes-e-pos-porteira-das-fazendas-crescem-no-primeiro-trimestre-do.png\" alt=\"\" class=\"wp-image-4103023 size-full\"  \/><\/figure>\n<div class=\"wp-block-media-text__content\">\n<p>*Jos\u00e9<strong>\u00a0Luiz\u00a0Tejon<\/strong><em>\u00a0\u00e9\u00a0jornalista e publicit\u00e1rio,\u00a0doutor em Educa\u00e7\u00e3o pela Universidad de La Empresa\/Uruguai e mestre em Educa\u00e7\u00e3o Arte e Hist\u00f3ria da Cultura pela Universidade Mackenzie.<\/em><\/p>\n<\/div>\n<\/div>\n<hr class=\"wp-block-separator has-alpha-channel-opacity\"\/>\n<p><em>O\u00a0<strong>Canal Rural<\/strong>\u00a0n\u00e3o se responsabiliza pelas opini\u00f5es e conceitos emitidos nos textos desta sess\u00e3o, sendo os conte\u00fados de inteira responsabilidade de seus autores. A empresa se reserva o direito de fazer ajustes no texto para adequa\u00e7\u00e3o \u00e0s normas de publica\u00e7\u00e3o.<\/em><\/p>\n<\/p><\/div>\n<p><br \/>\n<br \/><a href=\"https:\/\/www.canalrural.com.br\/opiniao-noticias\/o-brasil-nunca-precisou-tanto-do-espirito-cooperativista-como-agora-somos-coop\/\">Source link <\/a><\/p>\n","protected":false},"excerpt":{"rendered":"<p>Neste s\u00e1bado (5), celebramos o Dia Internacional do Cooperativismo. E como o Brasil, e o mundo est\u00e1 precisando da filosofia<\/p>\n","protected":false},"author":1,"featured_media":16186,"comment_status":"open","ping_status":"open","sticky":false,"template":"","format":"standard","meta":{"_monsterinsights_skip_tracking":false,"_monsterinsights_sitenote_active":false,"_monsterinsights_sitenote_note":"","_monsterinsights_sitenote_category":0,"_uf_show_specific_survey":0,"_uf_disable_surveys":false,"footnotes":""},"categories":[1],"tags":[],"class_list":["post-16185","post","type-post","status-publish","format-standard","has-post-thumbnail","hentry","category-news"],"_links":{"self":[{"href":"https:\/\/agromt.news\/index.php?rest_route=\/wp\/v2\/posts\/16185"}],"collection":[{"href":"https:\/\/agromt.news\/index.php?rest_route=\/wp\/v2\/posts"}],"about":[{"href":"https:\/\/agromt.news\/index.php?rest_route=\/wp\/v2\/types\/post"}],"author":[{"embeddable":true,"href":"https:\/\/agromt.news\/index.php?rest_route=\/wp\/v2\/users\/1"}],"replies":[{"embeddable":true,"href":"https:\/\/agromt.news\/index.php?rest_route=%2Fwp%2Fv2%2Fcomments&post=16185"}],"version-history":[{"count":0,"href":"https:\/\/agromt.news\/index.php?rest_route=\/wp\/v2\/posts\/16185\/revisions"}],"wp:featuredmedia":[{"embeddable":true,"href":"https:\/\/agromt.news\/index.php?rest_route=\/wp\/v2\/media\/16186"}],"wp:attachment":[{"href":"https:\/\/agromt.news\/index.php?rest_route=%2Fwp%2Fv2%2Fmedia&parent=16185"}],"wp:term":[{"taxonomy":"category","embeddable":true,"href":"https:\/\/agromt.news\/index.php?rest_route=%2Fwp%2Fv2%2Fcategories&post=16185"},{"taxonomy":"post_tag","embeddable":true,"href":"https:\/\/agromt.news\/index.php?rest_route=%2Fwp%2Fv2%2Ftags&post=16185"}],"curies":[{"name":"wp","href":"https:\/\/api.w.org\/{rel}","templated":true}]}}