{"id":16183,"date":"2025-07-04T15:53:32","date_gmt":"2025-07-04T19:53:32","guid":{"rendered":"https:\/\/agromt.news\/?p=16183"},"modified":"2025-07-04T15:53:32","modified_gmt":"2025-07-04T19:53:32","slug":"caminhao-carregado-de-leite-tomba-em-curva-no-rs","status":"publish","type":"post","link":"https:\/\/agromt.news\/?p=16183","title":{"rendered":"Caminh\u00e3o carregado de leite tomba em curva no RS"},"content":{"rendered":"<p> <br \/>\n<\/p>\n<div>\n<p>Um caminh\u00e3o carregado com leite tombou por volta das 11h desta quinta-feira (3), em uma curva da RS-129, na localidade de Linha Debastiani, entre os munic\u00edpios de Vanini e David Canabarro, no norte do <strong><a href=\"https:\/\/www.canalrural.com.br\/nacional\/rio-grande-do-sul\/\">Rio Grande do Sul<\/a><\/strong>. O ve\u00edculo atingiu dois carros que trafegavam no sentido contr\u00e1rio.<\/p>\n<figure class=\"wp-block-embed is-type-rich is-provider-instagram wp-block-embed-instagram\">\n<p><iframe title=\"Instagram frame\" loading=\"lazy\" height=\"628\" class=\"instagram-embed-iframe\" src=\"https:\/\/www.canalrural.com.br\/curiosidades\/video-caminhao-carregado-de-leite-tomba-em-curva-no-rs\/about:blank\" allowtransparency=\"true\" frameborder=\"0\" scrolling=\"no\" onload=\"(function(o){window.instagramIframe = window.instagramIframe || []; window.instagramIframe.push(o);})(this)\" style=\"border: 0px; margin: 0 auto; max-width: 658px; width: calc(100% - 2px); border-radius: 4px; box-shadow: rgba(0, 0, 0, 0.498039) 0px 0px 1px 0px, rgba(0, 0, 0, 0.14902) 0px 1px 10px 0px; display: block; padding: 0px; background: rgb(255, 255, 255);\" data-rocket-lazyload=\"fitvidscompatible\" data-lazy-src=\"https:\/\/www.instagram.com\/p\/DLsED2GpUZE\/embed\/\"><\/iframe><noscript><iframe title=\"Instagram frame\" loading=\"lazy\" height=\"628\" class=\"instagram-embed-iframe\" src=\"https:\/\/www.instagram.com\/p\/DLsED2GpUZE\/embed\/\" allowtransparency=\"true\" frameborder=\"0\" scrolling=\"no\" onload=\"(function(o){window.instagramIframe = window.instagramIframe || []; window.instagramIframe.push(o);})(this)\" style=\"border: 0px; margin: 0 auto; max-width: 658px; width: calc(100% - 2px); border-radius: 4px; box-shadow: rgba(0, 0, 0, 0.498039) 0px 0px 1px 0px, rgba(0, 0, 0, 0.14902) 0px 1px 10px 0px; display: block; padding: 0px; background: rgb(255, 255, 255);\"><\/iframe><\/noscript><\/p>\n<\/figure>\n<p>Imagens de uma c\u00e2mera de monitoramento registraram o momento do acidente, que mostra o caminh\u00e3o perdendo o controle e tombando sobre a pista.<\/p>\n<\/div>\n<div>\n<p>De acordo com o Comando Rodovi\u00e1rio da Brigada Militar (CRBM) de Casca, o motorista do caminh\u00e3o e o condutor de um Celta sa\u00edram ilesos. J\u00e1 o motorista de uma caminhonete, de 42 anos, e sua filha, de 6, ficaram feridos e foram encaminhados ao Hospital Beneficente S\u00e3o Jos\u00e9, em David Canabarro.<\/p>\n<figure class=\"wp-block-image size-full\"><img fetchpriority=\"high\" fetchpriority=\"high\" decoding=\"async\" width=\"638\" height=\"389\" src=\"https:\/\/agromt.news\/wp-content\/uploads\/2025\/07\/Caminhao-carregado-de-leite-tomba-em-curva-no-RS.jpg\" alt=\"\" class=\"wp-image-4108823\"  \/><figcaption class=\"wp-element-caption\">Imagem: reprodu\u00e7\u00e3o<\/figcaption><\/figure>\n<p>A menina sofreu um corte na cabe\u00e7a e fraturou a mand\u00edbula. Ela foi transferida para um hospital em Passo Fundo. O pai permanece em observa\u00e7\u00e3o e deve passar por exames. Ambos est\u00e3o em estado est\u00e1vel.<\/p>\n<p>A pista chegou a ficar parcialmente bloqueada, mas j\u00e1 foi liberada. Todos os condutores realizaram o teste do baf\u00f4metro, e n\u00e3o foram registradas altera\u00e7\u00f5es nas testagens.<\/p>\n<\/p><\/div>\n<p><script async src=\"\/\/www.instagram.com\/embed.js\"><\/script><br \/>\n<br \/><br \/>\n<br \/><a href=\"https:\/\/www.canalrural.com.br\/curiosidades\/video-caminhao-carregado-de-leite-tomba-em-curva-no-rs\/\">Source link <\/a><\/p>\n","protected":false},"excerpt":{"rendered":"<p>Um caminh\u00e3o carregado com leite tombou por volta das 11h desta quinta-feira (3), em uma curva da RS-129, na localidade<\/p>\n","protected":false},"author":1,"featured_media":16184,"comment_status":"open","ping_status":"open","sticky":false,"template":"","format":"standard","meta":{"_monsterinsights_skip_tracking":false,"_monsterinsights_sitenote_active":false,"_monsterinsights_sitenote_note":"","_monsterinsights_sitenote_category":0,"_uf_show_specific_survey":0,"_uf_disable_surveys":false,"footnotes":""},"categories":[1],"tags":[],"class_list":["post-16183","post","type-post","status-publish","format-standard","has-post-thumbnail","hentry","category-news"],"_links":{"self":[{"href":"https:\/\/agromt.news\/index.php?rest_route=\/wp\/v2\/posts\/16183"}],"collection":[{"href":"https:\/\/agromt.news\/index.php?rest_route=\/wp\/v2\/posts"}],"about":[{"href":"https:\/\/agromt.news\/index.php?rest_route=\/wp\/v2\/types\/post"}],"author":[{"embeddable":true,"href":"https:\/\/agromt.news\/index.php?rest_route=\/wp\/v2\/users\/1"}],"replies":[{"embeddable":true,"href":"https:\/\/agromt.news\/index.php?rest_route=%2Fwp%2Fv2%2Fcomments&post=16183"}],"version-history":[{"count":0,"href":"https:\/\/agromt.news\/index.php?rest_route=\/wp\/v2\/posts\/16183\/revisions"}],"wp:featuredmedia":[{"embeddable":true,"href":"https:\/\/agromt.news\/index.php?rest_route=\/wp\/v2\/media\/16184"}],"wp:attachment":[{"href":"https:\/\/agromt.news\/index.php?rest_route=%2Fwp%2Fv2%2Fmedia&parent=16183"}],"wp:term":[{"taxonomy":"category","embeddable":true,"href":"https:\/\/agromt.news\/index.php?rest_route=%2Fwp%2Fv2%2Fcategories&post=16183"},{"taxonomy":"post_tag","embeddable":true,"href":"https:\/\/agromt.news\/index.php?rest_route=%2Fwp%2Fv2%2Ftags&post=16183"}],"curies":[{"name":"wp","href":"https:\/\/api.w.org\/{rel}","templated":true}]}}