{"id":16177,"date":"2025-07-04T12:46:03","date_gmt":"2025-07-04T16:46:03","guid":{"rendered":"https:\/\/agromt.news\/?p=16177"},"modified":"2025-07-04T12:46:03","modified_gmt":"2025-07-04T16:46:03","slug":"a-forca-do-real-e-a-fraqueza-do-dolar-contexto-atual","status":"publish","type":"post","link":"https:\/\/agromt.news\/?p=16177","title":{"rendered":"A for\u00e7a do real e a fraqueza do d\u00f3lar: contexto atual"},"content":{"rendered":"<p> <br \/>\n<\/p>\n<div>\n<p>O d\u00f3lar vem perdendo for\u00e7a em rela\u00e7\u00e3o a diversas moedas, inclusive o real, e isso tem desencadeado uma s\u00e9rie de efeitos em cadeia na economia global. A moeda norte-americana, que ainda \u00e9 o principal referencial de pre\u00e7os das commodities e representa a maior parte das reservas internacionais dos pa\u00edses, est\u00e1 sob press\u00e3o em raz\u00e3o de fatores fiscais, pol\u00edticos e estruturais.<\/p>\n<p>Essa movimenta\u00e7\u00e3o mexe com os mercados de c\u00e2mbio, com os t\u00edtulos da d\u00edvida p\u00fablica dos Estados Unidos e com a competitividade comercial de pa\u00edses como o Brasil.<\/p>\n<p>Ainda mais, que o congresso dos EUA aprovou o pacote de ampla reforma fiscal que estende cortes de impostos, reduz benef\u00edcios sociais e aumenta o teto da d\u00edvida, com impacto estimado de US$\u202f3,3 a 3,8 trilh\u00f5es de d\u00e9ficit adicional nos pr\u00f3ximos.<\/p>\n<h2 class=\"wp-block-heading\" id=\"h-por-que-isso-enfraquece-o-dolar\">Por que isso enfraquece o d\u00f3lar?<\/h2>\n<ol class=\"wp-block-list\">\n<li>Maior desconfian\u00e7a dos investidores em rela\u00e7\u00e3o \u00e0 sustentabilidade da d\u00edvida americana<\/li>\n<li>Desvaloriza\u00e7\u00e3o dos t\u00edtulos do Tesouro, que s\u00e3o considerados a \u00e2ncora de seguran\u00e7a do sistema financeiro global<\/li>\n<\/ol>\n<p>Com maior risco fiscal, o d\u00f3lar perde atratividade como reserva internacional, intensificando a busca por alternativas como o ouro, o euro, o yuan e, em menor grau, ativos digitais.<\/p>\n<p>Por um lado, o d\u00f3lar mais fraco pode estimular as exporta\u00e7\u00f5es norte-americanas, tornando seus produtos mais baratos no exterior. Isso ajuda a equilibrar a balan\u00e7a comercial.<\/p>\n<h3 class=\"wp-block-heading\" id=\"h-impactos-globais-e-nos-eua\">Impactos globais e nos EUA<\/h3>\n<ul class=\"wp-block-list\">\n<li>Press\u00e3o inflacion\u00e1ria com insumos e bens importados mais caros<\/li>\n<li>Custo maior da d\u00edvida p\u00fablica, pois o Tesouro ter\u00e1 de pagar mais para financiar seu d\u00e9ficit<\/li>\n<li>Risco \u00e0 hegemonia global do d\u00f3lar, com impactos geopol\u00edticos e estrat\u00e9gicos a m\u00e9dio prazo<\/li>\n<\/ul>\n<h3 class=\"wp-block-heading\" id=\"h-desdobramentos-para-o-brasil\">Desdobramentos para o Brasil<\/h3>\n<p><strong>Lado positivo:<\/strong><\/p>\n<\/div>\n<div>\n<ul class=\"wp-block-list\">\n<li><strong>Importa\u00e7\u00f5es mais baratas: <\/strong>fertilizantes, defensivos, combust\u00edveis e m\u00e1quinas agr\u00edcolas chegam ao pa\u00eds com menor custo, o que pode aliviar a infla\u00e7\u00e3o.<\/li>\n<li><strong>Redu\u00e7\u00e3o de custos na produ\u00e7\u00e3o agropecu\u00e1ria: <\/strong>especialmente relevante para um setor altamente dependente de insumos dolarizados.<\/li>\n<li><strong>Atra\u00e7\u00e3o de capital financeiro:<\/strong> a combina\u00e7\u00e3o de juros altos no Brasil com menor risco percebido estimula a entrada de d\u00f3lares.<\/li>\n<\/ul>\n<p><strong>Lado negativo:<\/strong><\/p>\n<ul class=\"wp-block-list\">\n<li><strong>Exporta\u00e7\u00f5es prejudicadas: <\/strong>commodities como soja, milho e carne ficam mais caras no mercado internacional, afetando a competitividade do agro brasileiro.<\/li>\n<li><strong>Risco \u00e0 balan\u00e7a comercial: <\/strong>com importa\u00e7\u00f5es em alta e exporta\u00e7\u00f5es desacelerando, o super\u00e1vit comercial pode cair.<\/li>\n<li><strong>Redu\u00e7\u00e3o da arrecada\u00e7\u00e3o em reais<\/strong> para estados e empresas exportadoras que faturam em d\u00f3lar.<\/li>\n<\/ul>\n<h2 class=\"wp-block-heading\" id=\"h-a-teoria-por-tras-dos-movimentos\">A teoria por tr\u00e1s dos movimentos<\/h2>\n<ul class=\"wp-block-list\">\n<li><strong>Triffin Dilemma: <\/strong>conflito de interesses para um pa\u00eds cuja moeda \u00e9 usada como moeda de reserva global. A amplia\u00e7\u00e3o do d\u00e9ficit americano refor\u00e7a esse dilema, amea\u00e7ando a sustentabilidade da moeda como refer\u00eancia mundial.<\/li>\n<li><strong>Paridade do Poder de Compra (PPC):<\/strong> com infla\u00e7\u00e3o mais baixa no Brasil e infla\u00e7\u00e3o interna crescente nos EUA, o real tende a se fortalecer.<\/li>\n<li><strong>Fluxo de capitais e diferencial de juros:<\/strong> o juro real brasileiro, um dos mais altos do mundo, atrai especuladores e investidores, fortalecendo o real.<\/li>\n<\/ul>\n<h2 class=\"wp-block-heading\" id=\"h-conclusao-o-mundo-em-transicao-cambial\">Conclus\u00e3o: o mundo em transi\u00e7\u00e3o cambial<\/h2>\n<p>A aprova\u00e7\u00e3o de cortes de impostos nos Estados Unidos, em meio a um cen\u00e1rio de d\u00edvida elevada, acelera um processo de perda de confian\u00e7a na economia norte-americana. A fragilidade fiscal do pa\u00eds, combinada com mudan\u00e7as geopol\u00edticas, est\u00e1 redesenhando o papel do d\u00f3lar no mundo.<\/p>\n<p>Para o Brasil, o real valorizado exige equil\u00edbrio: se por um lado alivia custos e segura a infla\u00e7\u00e3o, por outro amea\u00e7a a competitividade externa e a renda dos exportadores. \u00c9 um momento que exige cautela, estrat\u00e9gia comercial e pol\u00edtica monet\u00e1ria firme.<\/p>\n<p>O mundo assiste, talvez pela primeira vez em d\u00e9cadas, ao in\u00edcio de uma nova era monet\u00e1ria global, e o Brasil, como grande player do agro e do com\u00e9rcio internacional, precisa estar atento a cada movimento.<\/p>\n<div class=\"wp-block-media-text is-stacked-on-mobile\">\n<figure class=\"wp-block-media-text__media\"><img fetchpriority=\"high\" decoding=\"async\" width=\"683\" height=\"1024\" alt=\"Miguel Daoud\" class=\"wp-image-4095706 size-full\"  data-lazy- src=\"https:\/\/agromt.news\/wp-content\/uploads\/2025\/04\/Como-guerras-e-crises-moldaram-o-preco-das-commodities-nos.jpg\"\/><img decoding=\"async\" width=\"683\" height=\"1024\" src=\"https:\/\/agromt.news\/wp-content\/uploads\/2025\/04\/Como-guerras-e-crises-moldaram-o-preco-das-commodities-nos.jpg\" alt=\"Miguel Daoud\" class=\"wp-image-4095706 size-full\"  \/><\/figure>\n<div class=\"wp-block-media-text__content\">\n<p class=\"has-text-align-center\">*<em><strong>Miguel Daoud<\/strong>\u00a0\u00e9 comentarista de Economia e Pol\u00edtica\u00a0do Canal Rural<\/em><\/p>\n<\/div>\n<\/div>\n<hr class=\"wp-block-separator has-alpha-channel-opacity\"\/>\n<p><em>O\u00a0<strong>Canal Rural<\/strong>\u00a0n\u00e3o se responsabiliza pelas opini\u00f5es e conceitos emitidos nos textos desta sess\u00e3o, sendo os conte\u00fados de inteira responsabilidade de seus autores. A empresa se reserva o direito de fazer ajustes no texto para adequa\u00e7\u00e3o \u00e0s normas de publica\u00e7\u00e3o.<\/em><\/p>\n<\/p><\/div>\n<p><br \/>\n<br \/><a href=\"https:\/\/www.canalrural.com.br\/opiniao-noticias\/a-forca-do-real-e-a-fraqueza-do-dolar-contexto-atual\/\">Source link <\/a><\/p>\n","protected":false},"excerpt":{"rendered":"<p>O d\u00f3lar vem perdendo for\u00e7a em rela\u00e7\u00e3o a diversas moedas, inclusive o real, e isso tem desencadeado uma s\u00e9rie de<\/p>\n","protected":false},"author":1,"featured_media":16178,"comment_status":"open","ping_status":"open","sticky":false,"template":"","format":"standard","meta":{"_monsterinsights_skip_tracking":false,"_monsterinsights_sitenote_active":false,"_monsterinsights_sitenote_note":"","_monsterinsights_sitenote_category":0,"_uf_show_specific_survey":0,"_uf_disable_surveys":false,"footnotes":""},"categories":[1],"tags":[],"class_list":["post-16177","post","type-post","status-publish","format-standard","has-post-thumbnail","hentry","category-news"],"_links":{"self":[{"href":"https:\/\/agromt.news\/index.php?rest_route=\/wp\/v2\/posts\/16177"}],"collection":[{"href":"https:\/\/agromt.news\/index.php?rest_route=\/wp\/v2\/posts"}],"about":[{"href":"https:\/\/agromt.news\/index.php?rest_route=\/wp\/v2\/types\/post"}],"author":[{"embeddable":true,"href":"https:\/\/agromt.news\/index.php?rest_route=\/wp\/v2\/users\/1"}],"replies":[{"embeddable":true,"href":"https:\/\/agromt.news\/index.php?rest_route=%2Fwp%2Fv2%2Fcomments&post=16177"}],"version-history":[{"count":0,"href":"https:\/\/agromt.news\/index.php?rest_route=\/wp\/v2\/posts\/16177\/revisions"}],"wp:featuredmedia":[{"embeddable":true,"href":"https:\/\/agromt.news\/index.php?rest_route=\/wp\/v2\/media\/16178"}],"wp:attachment":[{"href":"https:\/\/agromt.news\/index.php?rest_route=%2Fwp%2Fv2%2Fmedia&parent=16177"}],"wp:term":[{"taxonomy":"category","embeddable":true,"href":"https:\/\/agromt.news\/index.php?rest_route=%2Fwp%2Fv2%2Fcategories&post=16177"},{"taxonomy":"post_tag","embeddable":true,"href":"https:\/\/agromt.news\/index.php?rest_route=%2Fwp%2Fv2%2Ftags&post=16177"}],"curies":[{"name":"wp","href":"https:\/\/api.w.org\/{rel}","templated":true}]}}