{"id":16176,"date":"2025-07-04T12:36:04","date_gmt":"2025-07-04T16:36:04","guid":{"rendered":"https:\/\/agromt.news\/?p=16176"},"modified":"2025-07-04T12:36:04","modified_gmt":"2025-07-04T16:36:04","slug":"geadas-afetam-safra-de-milho-no-parana","status":"publish","type":"post","link":"https:\/\/agromt.news\/?p=16176","title":{"rendered":"Geadas afetam safra de milho no Paran\u00e1"},"content":{"rendered":"<p> <br \/>\n<\/p>\n<div>\n<div class=\"row\">\n<div class=\"col-lg col-infos mt-0 mt-lg-0\">\n<div class=\"section-sub-title\">\n<p itemprop=\"description\">&#13;<br \/>\n                                Paran\u00e1 reduz \u00e1rea de milho em boa condi\u00e7\u00e3o&#13;\n                            <\/p>\n<\/p><\/div>\n<div class=\"container\">\n<div class=\"row\">\n<div class=\"col-lg p-0\">\n<div>\n<div class=\"block-news-main-infos mt-3 text-start\">\n<p>                                            <strong class=\"fn\" itemprop=\"author\" style=\"color: rgb(112, 112, 112); \">&#13;<br \/>\n                                                <a href=\"https:\/\/www.agrolink.com.br\/noticias\/javascript:;\" class=\"text-uppercase\" target=\"_blank\" style=\"color: rgb(112, 112, 112); \" rel=\"noopener\">Agrolink<\/a>&#13;<br \/>\n&#13;<br \/>\n                                                    &#8211; Seane Lennon&#13;<br \/>\n&#13;<br \/>\n                                            <\/strong><br \/>\n                                        <\/p>\n<p>                                            <abbr><time datetime=\"2025-07-03T18:12\" itemprop=\"datePublished dateModified\">Publicado em 03\/07\/2025 \u00e0s 18:12h.<\/time><\/abbr><br \/>\n                                            <\/p><\/div>\n<\/p><\/div>\n<\/p><\/div>\n<div class=\"col-lg p-0 text-lg-end\">\n<div>\n<div id=\"mdEnviarPagina\" class=\"modal fade\" role=\"dialog\">\n<div class=\"modal-dialog\">\n<div class=\"modal-content\">\n<div class=\"modal-body\">\n<p><strong>Estimado usu\u00e1rio.<\/strong><br \/>Preencha o formul\u00e1rio abaixo para remeter a p\u00e1gina.<\/p>\n<\/p><\/div>\n<\/p><\/div>\n<\/p><\/div>\n<\/div><\/div>\n<\/p><\/div>\n<\/p><\/div>\n<\/p><\/div>\n<\/p><\/div>\n<\/p><\/div>\n<div class=\"row justify-content-md-center mt-3\">\n<div class=\"col-lg-auto col-image block-news-main-image\">\n<p>                                <img decoding=\"async\" src=\"https:\/\/www.agrolink.com.br\/upload\/imagens-resizes\/7f207158e849442f84cbaccbdf47459b_858x483.jpg\" class=\"lazyload img-fluid\"\/><br \/>\n                                                <span class=\"publicity-photo d-block mt-1\">Foto: Divulga\u00e7\u00e3o<\/span><\/p><\/div>\n<\/p><\/div>\n<div class=\"section-description section-description-noticias mt-3\">\n<p style=\"text-align:justify\">O Boletim de Conjuntura Agropecu\u00e1ria divulgado nesta quinta-feira (3) pelo Departamento de Economia Rural (Deral), da Secretaria de Estado da Agricultura e do Abastecimento do Paran\u00e1 (Seab), apontou uma piora nas condi\u00e7\u00f5es de campo da segunda safra de <a href=\"https:\/\/www.agrolink.com.br\/culturas\/milho?utm_source=agrolink-detalhe-noticia&amp;utm_medium=detalhe-noticia&amp;utm_campaign=links-internos&#9;\" target=\"_blank\" rel=\"noopener\">milho<\/a> 2024\/25. A propor\u00e7\u00e3o de lavouras em condi\u00e7\u00e3o considerada boa caiu de 71% na semana anterior para 68%. As \u00e1reas em condi\u00e7\u00e3o mediana permaneceram em 18%, enquanto as lavouras avaliadas como ruins aumentaram de 11% para 14%.&#13;\n<\/p>\n<p style=\"text-align:justify\">De acordo com os t\u00e9cnicos do Deral, a piora nas condi\u00e7\u00f5es est\u00e1 relacionada \u00e0s geadas registradas na semana anterior. Apesar da deteriora\u00e7\u00e3o, os danos devem ser limitados, uma vez que 76% das lavouras j\u00e1 se encontram em fase de matura\u00e7\u00e3o, etapa menos vulner\u00e1vel a impactos clim\u00e1ticos. Atualmente, 26% da \u00e1rea est\u00e1 na fase de frutifica\u00e7\u00e3o, ainda suscet\u00edvel a novas geadas. No entanto, n\u00e3o h\u00e1 previs\u00e3o de geadas significativas nas pr\u00f3ximas 72 horas.&#13;\n<\/p>\n<p style=\"text-align:justify\">As chuvas recorrentes ao longo da semana tamb\u00e9m dificultaram o avan\u00e7o da colheita. At\u00e9 o momento, 16% da \u00e1rea plantada, estimada em 2,76 milh\u00f5es de hectares, foi colhida, contra 12% na semana anterior.<\/p>\n<p style=\"text-align:justify\">No Rio Grande do Sul, segundo o Informativo Conjuntural da Emater\/RS-Ascar, a colheita do milho foi conclu\u00edda ap\u00f3s sucessivas geadas e um per\u00edodo de tempo seco. Algumas fam\u00edlias agricultoras mant\u00eam espigas armazenadas a campo, destinadas ao consumo pr\u00f3prio. A produtividade m\u00e9dia estadual foi estimada em 6.857 quilos por hectare, com \u00e1rea cultivada de 706.909 hectares.&#13;\n<\/p>\n<\/p><\/div>\n<\/p><\/div>\n<p><script data-cfasync=\"false\">\n    !function (f, b, e, v, n, t, s) {\n        if (f.fbq) return; n = f.fbq = function () {\n            n.callMethod ?\n                n.callMethod.apply(n, arguments) : n.queue.push(arguments)\n        };\n        if (!f._fbq) f._fbq = n; n.push = n; n.loaded = !0; n.version = '2.0';\n        n.queue = []; t = b.createElement(e); t.async = !0;\n        t.src = v; s = b.getElementsByTagName(e)[0];\n        s.parentNode.insertBefore(t, s)\n    }(window, document, 'script',\n        'https:\/\/connect.facebook.net\/en_US\/fbevents.js');\n    fbq('init', '522546078623747');\n    fbq('track', 'PageView');\n<\/script><br \/>\n<br \/><br \/>\n<br \/><a href=\"https:\/\/www.agrolink.com.br\/noticias\/geadas-afetam-safra-de-milho-no-parana_503567.html\">Source link <\/a><\/p>\n","protected":false},"excerpt":{"rendered":"<p>&#13; Paran\u00e1 reduz \u00e1rea de milho em boa condi\u00e7\u00e3o&#13; &#13; Agrolink&#13; &#13; &#8211; Seane Lennon&#13; &#13; Publicado em 03\/07\/2025 \u00e0s<\/p>\n","protected":false},"author":1,"featured_media":3552,"comment_status":"open","ping_status":"open","sticky":false,"template":"","format":"standard","meta":{"_monsterinsights_skip_tracking":false,"_monsterinsights_sitenote_active":false,"_monsterinsights_sitenote_note":"","_monsterinsights_sitenote_category":0,"_uf_show_specific_survey":0,"_uf_disable_surveys":false,"footnotes":""},"categories":[8,1,14],"tags":[],"class_list":["post-16176","post","type-post","status-publish","format-standard","has-post-thumbnail","hentry","category-agro","category-news","category-politica-agro"],"_links":{"self":[{"href":"https:\/\/agromt.news\/index.php?rest_route=\/wp\/v2\/posts\/16176"}],"collection":[{"href":"https:\/\/agromt.news\/index.php?rest_route=\/wp\/v2\/posts"}],"about":[{"href":"https:\/\/agromt.news\/index.php?rest_route=\/wp\/v2\/types\/post"}],"author":[{"embeddable":true,"href":"https:\/\/agromt.news\/index.php?rest_route=\/wp\/v2\/users\/1"}],"replies":[{"embeddable":true,"href":"https:\/\/agromt.news\/index.php?rest_route=%2Fwp%2Fv2%2Fcomments&post=16176"}],"version-history":[{"count":0,"href":"https:\/\/agromt.news\/index.php?rest_route=\/wp\/v2\/posts\/16176\/revisions"}],"wp:featuredmedia":[{"embeddable":true,"href":"https:\/\/agromt.news\/index.php?rest_route=\/wp\/v2\/media\/3552"}],"wp:attachment":[{"href":"https:\/\/agromt.news\/index.php?rest_route=%2Fwp%2Fv2%2Fmedia&parent=16176"}],"wp:term":[{"taxonomy":"category","embeddable":true,"href":"https:\/\/agromt.news\/index.php?rest_route=%2Fwp%2Fv2%2Fcategories&post=16176"},{"taxonomy":"post_tag","embeddable":true,"href":"https:\/\/agromt.news\/index.php?rest_route=%2Fwp%2Fv2%2Ftags&post=16176"}],"curies":[{"name":"wp","href":"https:\/\/api.w.org\/{rel}","templated":true}]}}