{"id":16173,"date":"2025-07-04T12:00:50","date_gmt":"2025-07-04T16:00:50","guid":{"rendered":"https:\/\/agromt.news\/?p=16173"},"modified":"2025-07-04T12:00:50","modified_gmt":"2025-07-04T16:00:50","slug":"governo-de-sp-anuncia-novas-regras-para-queima-da-palha-da-cana","status":"publish","type":"post","link":"https:\/\/agromt.news\/?p=16173","title":{"rendered":"Governo de SP anuncia novas regras para queima da palha da cana"},"content":{"rendered":"<p> <br \/>\n<br \/><img decoding=\"async\" src=\"https:\/\/agromt.news\/wp-content\/uploads\/2024\/11\/Alta-nas-exportacoes-consolida-Sao-Paulo-como-lider-agropecuario-nacional.jpeg\" \/><\/p>\n<div>\n<p>O governo do estado de S\u00e3o Paulo anunciou novas regras para a queima da palha da cana-de-a\u00e7\u00facar durante o per\u00edodo de estiagem, que vai at\u00e9 30 de novembro. A atividade ficar\u00e1 proibida entre 6 horas e 20 horas em todo o estado e ser\u00e1 completamente suspensa pela Companhia Ambiental do Estado de S\u00e3o Paulo<strong><a href=\"http:\/\/www.canalrural.com.br\/tag\/cetesb\/\"> (Cetesb)<\/a><\/strong> sempre que a umidade relativa do ar estiver abaixo de 20%. <\/p>\n<p>As medidas foram publicadas pela Secretaria de Meio Ambiente, Infraestrutura e Log\u00edstica (Semil) e se aplicam inclusive \u00e0s empresas que j\u00e1 possuem autoriza\u00e7\u00e3o vigente.<\/p>\n<\/div>\n<div>\n<p>Mesmo fora do per\u00edodo seco, entre dezembro e junho, a resolu\u00e7\u00e3o prev\u00ea restri\u00e7\u00f5es tempor\u00e1rias: se a umidade ficar entre 20% e 30% por dois dias seguidos, a queima ser\u00e1 permitida apenas no per\u00edodo noturno.<\/p>\n<p>A pr\u00e1tica j\u00e1 caiu drasticamente no estado. Segundo a Cetesb, a \u00e1rea autorizada para queima na safra 2023\/24 foi inferior a mil hectares, uma redu\u00e7\u00e3o de mais de 99,9% em rela\u00e7\u00e3o a 2010. <\/p>\n<p>A meta \u00e9 extinguir totalmente o uso do fogo at\u00e9 2030, mesmo nas chamadas \u00e1reas de exce\u00e7\u00e3o \u2013 regi\u00f5es \u00edngremes ou pequenas propriedades onde a mecaniza\u00e7\u00e3o ainda \u00e9 limitada.<\/p>\n<\/p><\/div>\n<p><br \/>\n<br \/><a href=\"https:\/\/www.canalrural.com.br\/agricultura\/governo-de-sp-anuncia-novas-regras-para-queima-da-palha-da-cana\/\">Source link <\/a><\/p>\n","protected":false},"excerpt":{"rendered":"<p>O governo do estado de S\u00e3o Paulo anunciou novas regras para a queima da palha da cana-de-a\u00e7\u00facar durante o per\u00edodo<\/p>\n","protected":false},"author":1,"featured_media":4952,"comment_status":"open","ping_status":"open","sticky":false,"template":"","format":"standard","meta":{"_monsterinsights_skip_tracking":false,"_monsterinsights_sitenote_active":false,"_monsterinsights_sitenote_note":"","_monsterinsights_sitenote_category":0,"_uf_show_specific_survey":0,"_uf_disable_surveys":false,"footnotes":""},"categories":[1],"tags":[],"class_list":["post-16173","post","type-post","status-publish","format-standard","has-post-thumbnail","hentry","category-news"],"_links":{"self":[{"href":"https:\/\/agromt.news\/index.php?rest_route=\/wp\/v2\/posts\/16173"}],"collection":[{"href":"https:\/\/agromt.news\/index.php?rest_route=\/wp\/v2\/posts"}],"about":[{"href":"https:\/\/agromt.news\/index.php?rest_route=\/wp\/v2\/types\/post"}],"author":[{"embeddable":true,"href":"https:\/\/agromt.news\/index.php?rest_route=\/wp\/v2\/users\/1"}],"replies":[{"embeddable":true,"href":"https:\/\/agromt.news\/index.php?rest_route=%2Fwp%2Fv2%2Fcomments&post=16173"}],"version-history":[{"count":0,"href":"https:\/\/agromt.news\/index.php?rest_route=\/wp\/v2\/posts\/16173\/revisions"}],"wp:featuredmedia":[{"embeddable":true,"href":"https:\/\/agromt.news\/index.php?rest_route=\/wp\/v2\/media\/4952"}],"wp:attachment":[{"href":"https:\/\/agromt.news\/index.php?rest_route=%2Fwp%2Fv2%2Fmedia&parent=16173"}],"wp:term":[{"taxonomy":"category","embeddable":true,"href":"https:\/\/agromt.news\/index.php?rest_route=%2Fwp%2Fv2%2Fcategories&post=16173"},{"taxonomy":"post_tag","embeddable":true,"href":"https:\/\/agromt.news\/index.php?rest_route=%2Fwp%2Fv2%2Ftags&post=16173"}],"curies":[{"name":"wp","href":"https:\/\/api.w.org\/{rel}","templated":true}]}}