{"id":16166,"date":"2025-07-04T10:46:10","date_gmt":"2025-07-04T14:46:10","guid":{"rendered":"https:\/\/agromt.news\/?p=16166"},"modified":"2025-07-04T10:46:10","modified_gmt":"2025-07-04T14:46:10","slug":"reuniao-preparatoria-da-cop-30-revela-embates-sobre-clima-dinheiro-e-mercado-global","status":"publish","type":"post","link":"https:\/\/agromt.news\/?p=16166","title":{"rendered":"Reuni\u00e3o preparat\u00f3ria da COP 30 revela embates sobre clima, dinheiro e mercado global"},"content":{"rendered":"<p> <br \/>\n<br \/><img decoding=\"async\" src=\"https:\/\/agromt.news\/wp-content\/uploads\/2025\/07\/Reuniao-preparatoria-da-COP-30-revela-embates-sobre-clima-dinheiro.jpg\" \/><\/p>\n<div>\n<p>As <strong>negocia\u00e7\u00f5es clim\u00e1ticas da ONU<\/strong> esquentaram na \u00faltima semana em Bonn, na Alemanha, durante a confer\u00eancia preparat\u00f3ria para a <strong>COP 30<\/strong>, que ser\u00e1 realizada em 2025, em Bel\u00e9m (PA). O encontro revelou impasses sobre <strong>financiamento clim\u00e1tico<\/strong>, <strong>metas de adapta\u00e7\u00e3o<\/strong> e o papel de <strong>medidas comerciais ambientais<\/strong> no contexto global.<\/p>\n<h4 class=\"wp-block-heading\" id=\"h-financiamento-climatico-de-us-100-bilhoes-para-us-1-3-trilhao\"><strong>Financiamento clim\u00e1tico: de US$ 100 bilh\u00f5es para US$ 1,3 trilh\u00e3o<\/strong><\/h4>\n<p>O principal destaque da reuni\u00e3o foi a press\u00e3o por parte dos pa\u00edses em desenvolvimento para <strong>triplicar o valor do financiamento clim\u00e1tico global<\/strong>, que hoje gira em torno dos <strong>US$ 100 bilh\u00f5es anuais<\/strong> prometidos pelos pa\u00edses ricos.<\/p>\n<p>A nova proposta visa elevar o valor para <strong>US$ 1,3 trilh\u00e3o por ano<\/strong> \u2014 uma cifra ambiciosa, ainda em <strong>fase de negocia\u00e7\u00e3o<\/strong> e sem garantias concretas de que ser\u00e1 aprovada na COP 30.<\/p>\n<blockquote class=\"wp-block-quote is-layout-flow wp-block-quote-is-layout-flow\">\n<p><em>\u201cMesmo com um valor maior em negocia\u00e7\u00e3o, os aportes financeiros efetivos seguem muito abaixo do necess\u00e1rio,\u201d<\/em> analisa Leonardo Munhoz, especialista em direito ambiental.<\/p>\n<\/blockquote>\n<p>Casos anteriores, como a <strong>COP 16 de Biodiversidade<\/strong>, mostram que metas financeiras ambiciosas nem sempre se concretizam. L\u00e1, uma meta de US$ 200 bilh\u00f5es por ano acabou sem defini\u00e7\u00e3o clara e precisou ser retomada em uma nova rodada de negocia\u00e7\u00f5es em Roma.<\/p>\n<hr class=\"wp-block-separator has-alpha-channel-opacity\"\/>\n<h3 class=\"wp-block-heading\" id=\"h-metas-de-adaptacao-indicadores-ainda-indefinidos\"><strong>Metas de adapta\u00e7\u00e3o: indicadores ainda indefinidos<\/strong><\/h3>\n<p>Outro tema sens\u00edvel em Bonn foi a defini\u00e7\u00e3o de <strong>indicadores para metas de adapta\u00e7\u00e3o clim\u00e1tica<\/strong>. A d\u00favida \u00e9 se esses dados ser\u00e3o vinculados ao <strong>Global Stocktake<\/strong> \u2014 o mecanismo que avalia o progresso das <em>NDCs<\/em> (<em>Contribui\u00e7\u00f5es Nacionalmente Determinadas<\/em>).<\/p>\n<p>Cada pa\u00eds dever\u00e1 apresentar seu <strong>Plano Nacional de Adapta\u00e7\u00e3o<\/strong>, mas ainda falta consenso sobre os crit\u00e9rios que ser\u00e3o adotados para medir os avan\u00e7os de forma compar\u00e1vel.<\/p>\n<\/div>\n<div>\n<hr class=\"wp-block-separator has-alpha-channel-opacity\"\/>\n<h3 class=\"wp-block-heading\" id=\"h-mercado-global-de-carbono-entraves-no-artigo-6-2\"><strong>Mercado global de carbono: entraves no Artigo 6.2<\/strong><\/h3>\n<p>O <strong>mercado global de carbono<\/strong>, previsto no <strong>Artigo 6.2 do Acordo de Paris<\/strong>, continua em debate. Os pa\u00edses discutem como padronizar os chamados <em>ITMOs<\/em> (<em>Internationally Transferred Mitigation Outcomes<\/em>), que s\u00e3o os <strong>cr\u00e9ditos de carbono negociados entre NDCs<\/strong>.<\/p>\n<p>A falta de um \u201cidioma comum\u201d entre as partes dificulta a operacionaliza\u00e7\u00e3o desses mercados, fundamentais para que pa\u00edses possam <strong>compensar emiss\u00f5es<\/strong> com base em a\u00e7\u00f5es realizadas em outros territ\u00f3rios.<\/p>\n<hr class=\"wp-block-separator has-alpha-channel-opacity\"\/>\n<h3 class=\"wp-block-heading\" id=\"h-comercio-verde-cbam-pressiona-agenda-climatica\"><strong>Com\u00e9rcio verde: CBAM pressiona agenda clim\u00e1tica<\/strong><\/h3>\n<p>Um ponto que ganhou destaque, mesmo fora da pauta oficial, foi o avan\u00e7o de <strong>medidas comerciais de cunho ambiental<\/strong>, como o <strong>CBAM (Carbon Border Adjustment Mechanism)<\/strong> \u2014 a <strong>taxa de carbono de fronteira<\/strong> proposta pela Uni\u00e3o Europeia.<\/p>\n<p>Houve tentativa de incluir o tema formalmente na agenda das C\u00fapulas do Clima, mas pa\u00edses desenvolvidos, liderados pela Europa, <strong>barraram a proposta<\/strong>, alegando que a quest\u00e3o deve ser tratada na <strong>Organiza\u00e7\u00e3o Mundial do Com\u00e9rcio (OMC)<\/strong>.<\/p>\n<p>Mesmo assim, o fato de o tema ser discutido entre as partes indica que <strong>a intersec\u00e7\u00e3o entre com\u00e9rcio e clima ser\u00e1 inevit\u00e1vel<\/strong> nos pr\u00f3ximos anos.<\/p>\n<blockquote class=\"wp-block-quote is-layout-flow wp-block-quote-is-layout-flow\">\n<p><em>\u201cMesmo fora da agenda oficial, o CBAM mostra que medidas comerciais ambientais j\u00e1 impactam diretamente as rela\u00e7\u00f5es internacionais,\u201d<\/em> pontua Munhoz.<\/p>\n<\/blockquote>\n<hr class=\"wp-block-separator has-alpha-channel-opacity\"\/>\n<figure class=\"wp-block-embed is-type-video is-provider-youtube wp-block-embed-youtube wp-embed-aspect-16-9 wp-has-aspect-ratio\">\n<p>\n<iframe title=\"COP 30 e financiamento clim\u00e1tico: o que est\u00e1 em jogo? | Ser\u00e1 que \u00e9 Legal?\" width=\"800\" height=\"450\" src=\"https:\/\/www.youtube.com\/embed\/BhtSykgwHM4?feature=oembed\" frameborder=\"0\" allow=\"accelerometer; autoplay; clipboard-write; encrypted-media; gyroscope; picture-in-picture; web-share\" referrerpolicy=\"strict-origin-when-cross-origin\" allowfullscreen><\/iframe>\n<\/p>\n<\/figure><\/div>\n<p><br \/>\n<br \/><a href=\"https:\/\/www.canalrural.com.br\/diversos\/reuniao-preparatoria-da-cop-30-revela-embates-sobre-clima-dinheiro-e-mercado-global\/\">Source link <\/a><\/p>\n","protected":false},"excerpt":{"rendered":"<p>As negocia\u00e7\u00f5es clim\u00e1ticas da ONU esquentaram na \u00faltima semana em Bonn, na Alemanha, durante a confer\u00eancia preparat\u00f3ria para a COP<\/p>\n","protected":false},"author":1,"featured_media":16167,"comment_status":"open","ping_status":"open","sticky":false,"template":"","format":"standard","meta":{"_monsterinsights_skip_tracking":false,"_monsterinsights_sitenote_active":false,"_monsterinsights_sitenote_note":"","_monsterinsights_sitenote_category":0,"_uf_show_specific_survey":0,"_uf_disable_surveys":false,"footnotes":""},"categories":[1],"tags":[],"class_list":["post-16166","post","type-post","status-publish","format-standard","has-post-thumbnail","hentry","category-news"],"_links":{"self":[{"href":"https:\/\/agromt.news\/index.php?rest_route=\/wp\/v2\/posts\/16166"}],"collection":[{"href":"https:\/\/agromt.news\/index.php?rest_route=\/wp\/v2\/posts"}],"about":[{"href":"https:\/\/agromt.news\/index.php?rest_route=\/wp\/v2\/types\/post"}],"author":[{"embeddable":true,"href":"https:\/\/agromt.news\/index.php?rest_route=\/wp\/v2\/users\/1"}],"replies":[{"embeddable":true,"href":"https:\/\/agromt.news\/index.php?rest_route=%2Fwp%2Fv2%2Fcomments&post=16166"}],"version-history":[{"count":0,"href":"https:\/\/agromt.news\/index.php?rest_route=\/wp\/v2\/posts\/16166\/revisions"}],"wp:featuredmedia":[{"embeddable":true,"href":"https:\/\/agromt.news\/index.php?rest_route=\/wp\/v2\/media\/16167"}],"wp:attachment":[{"href":"https:\/\/agromt.news\/index.php?rest_route=%2Fwp%2Fv2%2Fmedia&parent=16166"}],"wp:term":[{"taxonomy":"category","embeddable":true,"href":"https:\/\/agromt.news\/index.php?rest_route=%2Fwp%2Fv2%2Fcategories&post=16166"},{"taxonomy":"post_tag","embeddable":true,"href":"https:\/\/agromt.news\/index.php?rest_route=%2Fwp%2Fv2%2Ftags&post=16166"}],"curies":[{"name":"wp","href":"https:\/\/api.w.org\/{rel}","templated":true}]}}