{"id":16163,"date":"2025-07-04T10:18:10","date_gmt":"2025-07-04T14:18:10","guid":{"rendered":"https:\/\/agromt.news\/?p=16163"},"modified":"2025-07-04T10:18:10","modified_gmt":"2025-07-04T14:18:10","slug":"precos-caem-com-avanco-na-producao-de-frutas-precoces","status":"publish","type":"post","link":"https:\/\/agromt.news\/?p=16163","title":{"rendered":"pre\u00e7os caem com avan\u00e7o na produ\u00e7\u00e3o de frutas precoces"},"content":{"rendered":"<p> <br \/>\n<br \/><img decoding=\"async\" src=\"https:\/\/agromt.news\/wp-content\/uploads\/2025\/07\/precos-caem-com-avanco-na-producao-de-frutas-precoces.jpg\" \/><\/p>\n<div>\n<p>Os pre\u00e7os da maioria das variedades citr\u00edcolas acompanhadas pelo Centro de Pesquisas ca\u00edram em junho. \u00c9 isso o que apontam os levantamentos do <a href=\"https:\/\/www.canalrural.com.br\/tag\/cepea\/\">Centro de Estudos Avan\u00e7ados em Economia Aplicada (Cepea)<\/a>.\u00a0<\/p>\n<p>No caso das laranjas, a press\u00e3o veio do aumento na oferta de frutas precoces, conforme explicam pesquisadores. Al\u00e9m disso, a concorr\u00eancia com outras frutas, como a banana, refor\u00e7ou o movimento de baixa nos valores.\u00a0<\/p>\n<\/div>\n<div>\n<p>No acumulado de junho, o pre\u00e7o da laranja pera na \u00e1rvore recuou 20,2%, fechando a R$ 63,61\/cx de 40,8 kg no dia 30. Vale lembrar que a safra 2025\/26 de laranja praticamente j\u00e1 come\u00e7ou com a produ\u00e7\u00e3o das precoces.<\/p>\n<p>Para a tangerina ponc\u00e3, o levantamento do Cepea aponta desvaloriza\u00e7\u00e3o de 18%, passando para R$ 57,62\/cx de 27,2 kg no encerramento de junho. A queda foi influenciada pelo maior ritmo da colheita e pela oferta limitada de frutas de maior qualidade em boa parte do m\u00eas.<\/p>\n<p><em>*Sob supervis\u00e3o de Luis Roberto Toledo<\/em><\/p>\n<\/p><\/div>\n<p><br \/>\n<br \/><a href=\"https:\/\/www.canalrural.com.br\/agricultura\/hortifruti\/citros-precos-caem-com-avanco-na-producao-de-frutas-precoces\/\">Source link <\/a><\/p>\n","protected":false},"excerpt":{"rendered":"<p>Os pre\u00e7os da maioria das variedades citr\u00edcolas acompanhadas pelo Centro de Pesquisas ca\u00edram em junho. \u00c9 isso o que apontam<\/p>\n","protected":false},"author":1,"featured_media":16164,"comment_status":"open","ping_status":"open","sticky":false,"template":"","format":"standard","meta":{"_monsterinsights_skip_tracking":false,"_monsterinsights_sitenote_active":false,"_monsterinsights_sitenote_note":"","_monsterinsights_sitenote_category":0,"_uf_show_specific_survey":0,"_uf_disable_surveys":false,"footnotes":""},"categories":[1],"tags":[],"class_list":["post-16163","post","type-post","status-publish","format-standard","has-post-thumbnail","hentry","category-news"],"_links":{"self":[{"href":"https:\/\/agromt.news\/index.php?rest_route=\/wp\/v2\/posts\/16163"}],"collection":[{"href":"https:\/\/agromt.news\/index.php?rest_route=\/wp\/v2\/posts"}],"about":[{"href":"https:\/\/agromt.news\/index.php?rest_route=\/wp\/v2\/types\/post"}],"author":[{"embeddable":true,"href":"https:\/\/agromt.news\/index.php?rest_route=\/wp\/v2\/users\/1"}],"replies":[{"embeddable":true,"href":"https:\/\/agromt.news\/index.php?rest_route=%2Fwp%2Fv2%2Fcomments&post=16163"}],"version-history":[{"count":0,"href":"https:\/\/agromt.news\/index.php?rest_route=\/wp\/v2\/posts\/16163\/revisions"}],"wp:featuredmedia":[{"embeddable":true,"href":"https:\/\/agromt.news\/index.php?rest_route=\/wp\/v2\/media\/16164"}],"wp:attachment":[{"href":"https:\/\/agromt.news\/index.php?rest_route=%2Fwp%2Fv2%2Fmedia&parent=16163"}],"wp:term":[{"taxonomy":"category","embeddable":true,"href":"https:\/\/agromt.news\/index.php?rest_route=%2Fwp%2Fv2%2Fcategories&post=16163"},{"taxonomy":"post_tag","embeddable":true,"href":"https:\/\/agromt.news\/index.php?rest_route=%2Fwp%2Fv2%2Ftags&post=16163"}],"curies":[{"name":"wp","href":"https:\/\/api.w.org\/{rel}","templated":true}]}}