{"id":16162,"date":"2025-07-04T10:04:16","date_gmt":"2025-07-04T14:04:16","guid":{"rendered":"https:\/\/agromt.news\/?p=16162"},"modified":"2025-07-04T10:04:16","modified_gmt":"2025-07-04T14:04:16","slug":"fao-registra-alta-nos-alimentos-em-junho-carne-bovina-bate-recorde","status":"publish","type":"post","link":"https:\/\/agromt.news\/?p=16162","title":{"rendered":"FAO registra alta nos alimentos em junho; carne bovina bate recorde"},"content":{"rendered":"<p> <br \/>\n<br \/><img decoding=\"async\" src=\"https:\/\/agromt.news\/wp-content\/uploads\/2025\/02\/Consumo-nos-lares-brasileiros-cresce-222-em-janeiro-mostra-Abras.jpg\" \/><\/p>\n<div>\n<p>O \u00cdndice de Pre\u00e7os de Alimentos da FAO atingiu m\u00e9dia de 128 pontos em junho de 2025. O resultado representa alta de 0,7 ponto (0,5%) frente a maio, segundo a Organiza\u00e7\u00e3o das Na\u00e7\u00f5es Unidas para Alimenta\u00e7\u00e3o e Agricultura<strong><a href=\"http:\/\/www.canalrural.com.br\/tag\/fao\/\"> (FAO)<\/a><\/strong>.<\/p>\n<p>Apesar da queda nos pre\u00e7os de cereais e a\u00e7\u00facar, os aumentos nos \u00edndices de <strong>carnes, \u00f3leos vegetais e latic\u00ednios<\/strong> compensaram as perdas. Em rela\u00e7\u00e3o a junho de 2024, o \u00edndice global ficou 5,8% acima, mas permanece 20,1% abaixo do pico registrado em mar\u00e7o de 2022.<\/p>\n<h4 class=\"wp-block-heading\" id=\"h-cereais-recuam-com-pressao-da-safra-sul-americana\"><strong>Cereais recuam com press\u00e3o da safra sul-americana<\/strong><\/h4>\n<p>Os pre\u00e7os dos cereais ca\u00edram 1,5% em junho, atingindo m\u00e9dia de 107,4 pontos. O milho recuou pelo segundo m\u00eas seguido, devido \u00e0 maior oferta vinda do Brasil e da Argentina, que elevou a concorr\u00eancia no mercado internacional.<\/p>\n<p>Os pre\u00e7os de sorgo e cevada tamb\u00e9m ca\u00edram. J\u00e1 o trigo teve leve alta, reflexo de preocupa\u00e7\u00f5es clim\u00e1ticas em importantes regi\u00f5es produtoras como R\u00fassia, Uni\u00e3o Europeia e Estados Unidos. O arroz Indica caiu 0,8%, com menor demanda global.<\/p>\n<h4 class=\"wp-block-heading\" id=\"h-oleos-vegetais-avancam-2-3-com-demanda-firme\"><strong>\u00d3leos vegetais avan\u00e7am 2,3% com demanda firme<\/strong><\/h4>\n<p>O \u00edndice de \u00f3leos vegetais subiu para 155,7 pontos, alta de 2,3% no m\u00eas e 18,2% em um ano. O destaque foi o \u00f3leo de palma, que subiu quase 5% em junho, apoiado pela forte demanda global e pre\u00e7os competitivos.<\/p>\n<\/div>\n<div>\n<p>Os pre\u00e7os do \u00f3leo de soja tamb\u00e9m avan\u00e7aram, puxados pela expectativa de maior demanda para biocombust\u00edveis ap\u00f3s medidas de incentivo no Brasil e EUA. \u00d3leo de canola subiu por oferta restrita, enquanto o \u00f3leo de girassol caiu devido \u00e0 perspectiva de aumento de produ\u00e7\u00e3o no Mar Negro.<\/p>\n<h4 class=\"wp-block-heading\" id=\"h-carne-bovina-alcanca-recorde-historico\"><strong>Carne bovina alcan\u00e7a recorde hist\u00f3rico<\/strong><\/h4>\n<p>O \u00edndice de carnes cresceu 2,1% em junho, atingindo 126 pontos, o maior n\u00edvel j\u00e1 registrado. A carne bovina teve alta expressiva pela oferta limitada do Brasil e alta demanda dos EUA, pressionando exportadores australianos.<\/p>\n<p>Os pre\u00e7os da carne su\u00edna subiram com demanda firme, enquanto a carne ovina teve o terceiro aumento mensal seguido. Em contrapartida, a carne de aves recuou pela ampla oferta no Brasil ap\u00f3s restri\u00e7\u00f5es impostas devido \u00e0 gripe avi\u00e1ria, mas a retomada parcial das exporta\u00e7\u00f5es no fim do m\u00eas deve reequilibrar o mercado.<\/p>\n<h4 class=\"wp-block-heading\" id=\"h-laticinios-sobem-0-5-com-manteiga-em-recorde\"><strong>Latic\u00ednios sobem 0,5%, com manteiga em recorde<\/strong><\/h4>\n<p>Os latic\u00ednios avan\u00e7aram para m\u00e9dia de 154,4 pontos, alta de 0,5% no m\u00eas e 20,7% em um ano. A manteiga teve a maior eleva\u00e7\u00e3o, subindo 2,8% para um novo recorde de 225 pontos, impulsionada pela oferta restrita na Oceania e Europa e pela demanda asi\u00e1tica aquecida.<\/p>\n<h4 class=\"wp-block-heading\" id=\"h-acucar-tem-queda-pelo-quarto-mes-seguido\"><strong>A\u00e7\u00facar tem queda pelo quarto m\u00eas seguido<\/strong><\/h4>\n<p>O \u00edndice do a\u00e7\u00facar caiu 5,2%, chegando a 103,7 pontos, menor n\u00edvel desde abril de 2021. A queda refletiu o aumento da produ\u00e7\u00e3o no Brasil, favorecida pelo clima seco que acelerou colheita e moagem, al\u00e9m do maior uso de cana para a\u00e7\u00facar.<\/p>\n<p>Na \u00cdndia e Tail\u00e2ndia, as chuvas de mon\u00e7\u00f5es acima da m\u00e9dia melhoraram as perspectivas da pr\u00f3xima safra, pressionando ainda mais os pre\u00e7os globais dos alimentos.<\/p>\n<\/p><\/div>\n<p><br \/>\n<br \/><a href=\"https:\/\/www.canalrural.com.br\/agricultura\/fao-registra-alta-nos-alimentos-em-junho-carne-bovina-bate-recorde\/\">Source link <\/a><\/p>\n","protected":false},"excerpt":{"rendered":"<p>O \u00cdndice de Pre\u00e7os de Alimentos da FAO atingiu m\u00e9dia de 128 pontos em junho de 2025. O resultado representa<\/p>\n","protected":false},"author":1,"featured_media":9885,"comment_status":"open","ping_status":"open","sticky":false,"template":"","format":"standard","meta":{"_monsterinsights_skip_tracking":false,"_monsterinsights_sitenote_active":false,"_monsterinsights_sitenote_note":"","_monsterinsights_sitenote_category":0,"_uf_show_specific_survey":0,"_uf_disable_surveys":false,"footnotes":""},"categories":[1],"tags":[],"class_list":["post-16162","post","type-post","status-publish","format-standard","has-post-thumbnail","hentry","category-news"],"_links":{"self":[{"href":"https:\/\/agromt.news\/index.php?rest_route=\/wp\/v2\/posts\/16162"}],"collection":[{"href":"https:\/\/agromt.news\/index.php?rest_route=\/wp\/v2\/posts"}],"about":[{"href":"https:\/\/agromt.news\/index.php?rest_route=\/wp\/v2\/types\/post"}],"author":[{"embeddable":true,"href":"https:\/\/agromt.news\/index.php?rest_route=\/wp\/v2\/users\/1"}],"replies":[{"embeddable":true,"href":"https:\/\/agromt.news\/index.php?rest_route=%2Fwp%2Fv2%2Fcomments&post=16162"}],"version-history":[{"count":0,"href":"https:\/\/agromt.news\/index.php?rest_route=\/wp\/v2\/posts\/16162\/revisions"}],"wp:featuredmedia":[{"embeddable":true,"href":"https:\/\/agromt.news\/index.php?rest_route=\/wp\/v2\/media\/9885"}],"wp:attachment":[{"href":"https:\/\/agromt.news\/index.php?rest_route=%2Fwp%2Fv2%2Fmedia&parent=16162"}],"wp:term":[{"taxonomy":"category","embeddable":true,"href":"https:\/\/agromt.news\/index.php?rest_route=%2Fwp%2Fv2%2Fcategories&post=16162"},{"taxonomy":"post_tag","embeddable":true,"href":"https:\/\/agromt.news\/index.php?rest_route=%2Fwp%2Fv2%2Ftags&post=16162"}],"curies":[{"name":"wp","href":"https:\/\/api.w.org\/{rel}","templated":true}]}}