{"id":16160,"date":"2025-07-04T09:49:52","date_gmt":"2025-07-04T13:49:52","guid":{"rendered":"https:\/\/agromt.news\/?p=16160"},"modified":"2025-07-04T09:49:52","modified_gmt":"2025-07-04T13:49:52","slug":"mesmo-com-recuo-de-precos-poder-de-compra-do-avicultor-avanca","status":"publish","type":"post","link":"https:\/\/agromt.news\/?p=16160","title":{"rendered":"mesmo com recuo de pre\u00e7os, poder de compra do avicultor avan\u00e7a"},"content":{"rendered":"<p> <br \/>\n<br \/><img decoding=\"async\" src=\"https:\/\/agromt.news\/wp-content\/uploads\/2025\/07\/mesmo-com-recuo-de-precos-poder-de-compra-do-avicultor.jpg\" \/><\/p>\n<div>\n<p>O poder de compra do avicultor paulista avan\u00e7ou frente aos principais insumos consumidos na atividade, milho e farelo de soja, em junho. Isso \u00e9 o que mostram os levantamentos do <a href=\"https:\/\/www.canalrural.com.br\/tag\/cepea\/\">Centro de Estudos Avan\u00e7ados em Economia Aplicada (Cepea)<\/a>.\u00a0<\/p>\n<p>Segundo o instituto, apesar da queda nos pre\u00e7os dos ovos, as cota\u00e7\u00f5es do cereal e do derivado da oleaginosa recuaram com mais intensidade no m\u00eas. Favorecendo, assim, o avicultor de postura na rela\u00e7\u00e3o com os insumos.\u00a0<\/p>\n<p>Na regi\u00e3o produtora de Bastos (SP), a m\u00e9dia do ovo branco tipo extra, a retirar (FOB) na granja, foi de R$ 164,43\/caixa com 30 d\u00fazias em junho. O valor representa uma queda de 1,5% frente \u00e0 de maio.\u00a0<\/p>\n<\/div>\n<div>\n<p>Para o produto vermelho negociado na mesma pra\u00e7a, a varia\u00e7\u00e3o foi negativa em 1,6%, para m\u00e9dia de R$ 184,84\/cx. Em igual comparativo, o milho se desvalorizou 7% e o farelo de soja, 4,9%, para R$ 68,15\/saca de 60 kg e R$ 1.705,25\/tonelada, respectivamente, na regi\u00e3o de Campinas (SP), segundo levantamento da Equipe Gr\u00e3os\/Cepea.<\/p>\n<p><em>*Sob supervis\u00e3o de Luis Roberto Toledo<\/em><\/p>\n<\/p><\/div>\n<p><br \/>\n<br \/><a href=\"https:\/\/www.canalrural.com.br\/aves-e-suinos\/ovos-mesmo-com-recuo-de-precos-poder-de-compra-do-avicultor-avanca\/\">Source link <\/a><\/p>\n","protected":false},"excerpt":{"rendered":"<p>O poder de compra do avicultor paulista avan\u00e7ou frente aos principais insumos consumidos na atividade, milho e farelo de soja,<\/p>\n","protected":false},"author":1,"featured_media":16161,"comment_status":"open","ping_status":"open","sticky":false,"template":"","format":"standard","meta":{"_monsterinsights_skip_tracking":false,"_monsterinsights_sitenote_active":false,"_monsterinsights_sitenote_note":"","_monsterinsights_sitenote_category":0,"_uf_show_specific_survey":0,"_uf_disable_surveys":false,"footnotes":""},"categories":[1],"tags":[],"class_list":["post-16160","post","type-post","status-publish","format-standard","has-post-thumbnail","hentry","category-news"],"_links":{"self":[{"href":"https:\/\/agromt.news\/index.php?rest_route=\/wp\/v2\/posts\/16160"}],"collection":[{"href":"https:\/\/agromt.news\/index.php?rest_route=\/wp\/v2\/posts"}],"about":[{"href":"https:\/\/agromt.news\/index.php?rest_route=\/wp\/v2\/types\/post"}],"author":[{"embeddable":true,"href":"https:\/\/agromt.news\/index.php?rest_route=\/wp\/v2\/users\/1"}],"replies":[{"embeddable":true,"href":"https:\/\/agromt.news\/index.php?rest_route=%2Fwp%2Fv2%2Fcomments&post=16160"}],"version-history":[{"count":0,"href":"https:\/\/agromt.news\/index.php?rest_route=\/wp\/v2\/posts\/16160\/revisions"}],"wp:featuredmedia":[{"embeddable":true,"href":"https:\/\/agromt.news\/index.php?rest_route=\/wp\/v2\/media\/16161"}],"wp:attachment":[{"href":"https:\/\/agromt.news\/index.php?rest_route=%2Fwp%2Fv2%2Fmedia&parent=16160"}],"wp:term":[{"taxonomy":"category","embeddable":true,"href":"https:\/\/agromt.news\/index.php?rest_route=%2Fwp%2Fv2%2Fcategories&post=16160"},{"taxonomy":"post_tag","embeddable":true,"href":"https:\/\/agromt.news\/index.php?rest_route=%2Fwp%2Fv2%2Ftags&post=16160"}],"curies":[{"name":"wp","href":"https:\/\/api.w.org\/{rel}","templated":true}]}}