{"id":16158,"date":"2025-07-04T09:21:06","date_gmt":"2025-07-04T13:21:06","guid":{"rendered":"https:\/\/agromt.news\/?p=16158"},"modified":"2025-07-04T09:21:06","modified_gmt":"2025-07-04T13:21:06","slug":"queda-nas-cotacoes-e-a-mais-intensa-em-18-anos","status":"publish","type":"post","link":"https:\/\/agromt.news\/?p=16158","title":{"rendered":"queda nas cota\u00e7\u00f5es \u00e9 a mais intensa em 18 anos"},"content":{"rendered":"<p> <br \/>\n<br \/><img decoding=\"async\" src=\"https:\/\/agromt.news\/wp-content\/uploads\/2025\/05\/impactos-e-resposta-rapida-reacendem-debate-sobre-defesa-sanitaria-no.jpg\" \/><\/p>\n<div>\n<p>Os pre\u00e7os m\u00e9dios da carne de frango negociada no mercado atacadista da Grande S\u00e3o Paulo registraram, de maio para junho, a queda mais intensa em 18 anos. \u00c9 isso que apontam os levantamentos do\u00a0<a href=\"https:\/\/www.canalrural.com.br\/tag\/cepea\/\">Centro de Estudos Avan\u00e7ados em Economia Aplicada (Cepea)<\/a>.\u00a0<\/p>\n<p>Segundo o instituto, esse resultado est\u00e1 atrelado ao caso in\u00e9dito de gripe avi\u00e1ria em granja comercial do munic\u00edpio de Montenegro (RS), confirmado no dia 15 de maio. Nas primeiras semanas de junho, assim como observado na segunda quinzena de maio, os valores dom\u00e9sticos da carne ca\u00edram com for\u00e7a. Resultado das restri\u00e7\u00f5es \u00e0s exporta\u00e7\u00f5es da prote\u00edna impostas por parceiros comerciais do Brasil.\u00a0<\/p>\n<p>No entanto, no dia 18 de junho, o Pa\u00eds voltou a ser certificado como livre da doen\u00e7a, ap\u00f3s cumprir todos os protocolos internacionais, o que gerou otimismo no setor. Desde ent\u00e3o, levantamentos do Cepea mostram rea\u00e7\u00f5es nas cota\u00e7\u00f5es da carne em muitas pra\u00e7as.\u00a0<\/p>\n<\/div>\n<div>\n<p>Ainda assim, os reajustes positivos ficaram longe de gerar uma recupera\u00e7\u00e3o nas expressivas quedas das primeiras semanas do m\u00eas.\u00a0<\/p>\n<p>No atacado da Grande SP, em junho, o frango inteiro resfriado teve m\u00e9dia de R$ 7,50\/kg, forte baixa de 13,4% frente \u00e0 de maio. Trata-se da varia\u00e7\u00e3o negativa mais intensa em 18 anos, levando a m\u00e9dia mensal ao menor patamar real desde setembro\/24. <\/p>\n<p><em>*Sob supervis\u00e3o de Luis Roberto Toledo<\/em><\/p>\n<\/p><\/div>\n<p><br \/>\n<br \/><a href=\"https:\/\/www.canalrural.com.br\/aves-e-suinos\/frango-queda-nas-cotacoes-e-a-mais-intensa-em-18-anos\/\">Source link <\/a><\/p>\n","protected":false},"excerpt":{"rendered":"<p>Os pre\u00e7os m\u00e9dios da carne de frango negociada no mercado atacadista da Grande S\u00e3o Paulo registraram, de maio para junho,<\/p>\n","protected":false},"author":1,"featured_media":13929,"comment_status":"open","ping_status":"open","sticky":false,"template":"","format":"standard","meta":{"_monsterinsights_skip_tracking":false,"_monsterinsights_sitenote_active":false,"_monsterinsights_sitenote_note":"","_monsterinsights_sitenote_category":0,"_uf_show_specific_survey":0,"_uf_disable_surveys":false,"footnotes":""},"categories":[1],"tags":[],"class_list":["post-16158","post","type-post","status-publish","format-standard","has-post-thumbnail","hentry","category-news"],"_links":{"self":[{"href":"https:\/\/agromt.news\/index.php?rest_route=\/wp\/v2\/posts\/16158"}],"collection":[{"href":"https:\/\/agromt.news\/index.php?rest_route=\/wp\/v2\/posts"}],"about":[{"href":"https:\/\/agromt.news\/index.php?rest_route=\/wp\/v2\/types\/post"}],"author":[{"embeddable":true,"href":"https:\/\/agromt.news\/index.php?rest_route=\/wp\/v2\/users\/1"}],"replies":[{"embeddable":true,"href":"https:\/\/agromt.news\/index.php?rest_route=%2Fwp%2Fv2%2Fcomments&post=16158"}],"version-history":[{"count":0,"href":"https:\/\/agromt.news\/index.php?rest_route=\/wp\/v2\/posts\/16158\/revisions"}],"wp:featuredmedia":[{"embeddable":true,"href":"https:\/\/agromt.news\/index.php?rest_route=\/wp\/v2\/media\/13929"}],"wp:attachment":[{"href":"https:\/\/agromt.news\/index.php?rest_route=%2Fwp%2Fv2%2Fmedia&parent=16158"}],"wp:term":[{"taxonomy":"category","embeddable":true,"href":"https:\/\/agromt.news\/index.php?rest_route=%2Fwp%2Fv2%2Fcategories&post=16158"},{"taxonomy":"post_tag","embeddable":true,"href":"https:\/\/agromt.news\/index.php?rest_route=%2Fwp%2Fv2%2Ftags&post=16158"}],"curies":[{"name":"wp","href":"https:\/\/api.w.org\/{rel}","templated":true}]}}