{"id":16154,"date":"2025-07-04T08:53:22","date_gmt":"2025-07-04T12:53:22","guid":{"rendered":"https:\/\/agromt.news\/?p=16154"},"modified":"2025-07-04T08:53:22","modified_gmt":"2025-07-04T12:53:22","slug":"cooperativa-rural-fortalece-pequenos-produtores-no-campo","status":"publish","type":"post","link":"https:\/\/agromt.news\/?p=16154","title":{"rendered":"Cooperativa rural fortalece pequenos produtores no campo"},"content":{"rendered":"<p> <br \/>\n<br \/><img decoding=\"async\" src=\"https:\/\/agromt.news\/wp-content\/uploads\/2024\/11\/Proximo-seguro-agricola-sera-muito-maior-diz-Apex-Brasil.jpg\" \/><\/p>\n<div>\n<p>Com o apoio de institui\u00e7\u00f5es como o <a href=\"https:\/\/sebrae.com.br\/sites\/PortalSebrae\/artigos\/como-inovar-em-uma-cooperativa,0d4f2045eb448810VgnVCM1000001b00320aRCRD\">Sebrae<\/a>, o cooperativismo rural tem se consolidado como uma importante alternativa para pequenos produtores que buscam mais competitividade, acesso a mercados e renda com previsibilidade. De acordo com Joaci Medeiros, especialista do Sebrae, a organiza\u00e7\u00e3o por meio de cooperativas traz ganhos expressivos aos empreendedores do campo.<\/p>\n<p>O tema ganha ainda mais relev\u00e2ncia com a celebra\u00e7\u00e3o do <strong>Dia Internacional das Cooperativas<\/strong>, comemorado anualmente no primeiro s\u00e1bado de julho. Em 2025, a data ser\u00e1 lembrada no dia 5 de julho, destacando a import\u00e2ncia das cooperativas no desenvolvimento econ\u00f4mico e social em todo o mundo, especialmente no campo.<\/p>\n<blockquote class=\"wp-block-quote is-layout-flow wp-block-quote-is-layout-flow\">\n<p>\u201cAo se organizarem por meio de uma cooperativa, os pequenos empreendedores rurais passam a atuar de forma coletiva e integrada, o que amplia sua capacidade de oferta, possibilita a padroniza\u00e7\u00e3o de produtos e fortalece seu poder de barganha\u201d, afirma.<\/p>\n<\/blockquote>\n<\/div>\n<div>\n<p>Al\u00e9m de promover o fortalecimento da produ\u00e7\u00e3o, as <a href=\"https:\/\/www.canalrural.com.br\/empreendedorismo\/agricultores-paraibanos-criam-cooperativa-e-abrem-portas-para-novos-mercados\/\">cooperativas<\/a> tamb\u00e9m viabilizam acesso a servi\u00e7os que, de forma individual, seriam economicamente invi\u00e1veis. Isso inclui desde capacita\u00e7\u00e3o t\u00e9cnica at\u00e9 estrutura de log\u00edstica e canais de comercializa\u00e7\u00e3o.<\/p>\n<blockquote class=\"wp-block-quote is-layout-flow wp-block-quote-is-layout-flow\">\n<p>\u201cImportante ressaltar ainda que no cooperativismo tamb\u00e9m \u00e9 oferecido suporte t\u00e9cnico e log\u00edstico, o que favorece o acesso a mercados mais exigentes, melhora as condi\u00e7\u00f5es de comercializa\u00e7\u00e3o e reduz ou elimina a depend\u00eancia de intermedi\u00e1rios, resultando em melhores pre\u00e7os e maior previsibilidade de renda\u201d, completa Joaci.<\/p>\n<\/blockquote>\n<p>Cada vez mais, produtores rurais t\u00eam percebido que o caminho coletivo pode ser o diferencial entre a estagna\u00e7\u00e3o e o crescimento sustent\u00e1vel no campo. Ao unir for\u00e7as em cooperativas, eles transformam a realidade local, agregam valor \u00e0 produ\u00e7\u00e3o e conquistam autonomia na tomada de decis\u00f5es.<\/p>\n<\/p><\/div>\n<p><br \/>\n<br \/><a href=\"https:\/\/www.canalrural.com.br\/empreendedorismo\/cooperativa-rural-fortalece-pequenos-produtores-no-campo\/\">Source link <\/a><\/p>\n","protected":false},"excerpt":{"rendered":"<p>Com o apoio de institui\u00e7\u00f5es como o Sebrae, o cooperativismo rural tem se consolidado como uma importante alternativa para pequenos<\/p>\n","protected":false},"author":1,"featured_media":16155,"comment_status":"open","ping_status":"open","sticky":false,"template":"","format":"standard","meta":{"_monsterinsights_skip_tracking":false,"_monsterinsights_sitenote_active":false,"_monsterinsights_sitenote_note":"","_monsterinsights_sitenote_category":0,"_uf_show_specific_survey":0,"_uf_disable_surveys":false,"footnotes":""},"categories":[1],"tags":[],"class_list":["post-16154","post","type-post","status-publish","format-standard","has-post-thumbnail","hentry","category-news"],"_links":{"self":[{"href":"https:\/\/agromt.news\/index.php?rest_route=\/wp\/v2\/posts\/16154"}],"collection":[{"href":"https:\/\/agromt.news\/index.php?rest_route=\/wp\/v2\/posts"}],"about":[{"href":"https:\/\/agromt.news\/index.php?rest_route=\/wp\/v2\/types\/post"}],"author":[{"embeddable":true,"href":"https:\/\/agromt.news\/index.php?rest_route=\/wp\/v2\/users\/1"}],"replies":[{"embeddable":true,"href":"https:\/\/agromt.news\/index.php?rest_route=%2Fwp%2Fv2%2Fcomments&post=16154"}],"version-history":[{"count":0,"href":"https:\/\/agromt.news\/index.php?rest_route=\/wp\/v2\/posts\/16154\/revisions"}],"wp:featuredmedia":[{"embeddable":true,"href":"https:\/\/agromt.news\/index.php?rest_route=\/wp\/v2\/media\/16155"}],"wp:attachment":[{"href":"https:\/\/agromt.news\/index.php?rest_route=%2Fwp%2Fv2%2Fmedia&parent=16154"}],"wp:term":[{"taxonomy":"category","embeddable":true,"href":"https:\/\/agromt.news\/index.php?rest_route=%2Fwp%2Fv2%2Fcategories&post=16154"},{"taxonomy":"post_tag","embeddable":true,"href":"https:\/\/agromt.news\/index.php?rest_route=%2Fwp%2Fv2%2Ftags&post=16154"}],"curies":[{"name":"wp","href":"https:\/\/api.w.org\/{rel}","templated":true}]}}