{"id":16152,"date":"2025-07-04T06:44:27","date_gmt":"2025-07-04T10:44:27","guid":{"rendered":"https:\/\/agromt.news\/?p=16152"},"modified":"2025-07-04T06:44:27","modified_gmt":"2025-07-04T10:44:27","slug":"area-plantada-do-algodao-cai-10-em-2025","status":"publish","type":"post","link":"https:\/\/agromt.news\/?p=16152","title":{"rendered":"\u00e1rea plantada do algod\u00e3o cai 10% em 2025"},"content":{"rendered":"<p> <br \/>\n<\/p>\n<div>\n<div class=\"row\">\n<div class=\"col-lg col-infos mt-0 mt-lg-0\">\n<div class=\"section-sub-title\">\n<p itemprop=\"description\">&#13;<br \/>\n                                51% da lavoura de algod\u00e3o est\u00e1 em boa condi\u00e7\u00e3o&#13;\n                            <\/p>\n<\/p><\/div>\n<div class=\"container\">\n<div class=\"row\">\n<div class=\"col-lg p-0\">\n<div>\n<div class=\"block-news-main-infos mt-3 text-start\">\n<p>                                            <strong class=\"fn\" itemprop=\"author\" style=\"color: rgb(112, 112, 112); \">&#13;<br \/>\n                                                <a href=\"https:\/\/www.agrolink.com.br\/noticias\/javascript:;\" class=\"text-uppercase\" target=\"_blank\" style=\"color: rgb(112, 112, 112); \" rel=\"noopener\">Agrolink<\/a>&#13;<br \/>\n&#13;<br \/>\n                                                    &#8211; Seane Lennon&#13;<br \/>\n&#13;<br \/>\n                                            <\/strong><br \/>\n                                        <\/p>\n<p>                                            <abbr><time datetime=\"2025-07-03T18:26\" itemprop=\"datePublished dateModified\">Publicado em 03\/07\/2025 \u00e0s 18:26h.<\/time><\/abbr><br \/>\n                                            <\/p><\/div>\n<\/p><\/div>\n<\/p><\/div>\n<div class=\"col-lg p-0 text-lg-end\">\n<div>\n<div id=\"mdEnviarPagina\" class=\"modal fade\" role=\"dialog\">\n<div class=\"modal-dialog\">\n<div class=\"modal-content\">\n<div class=\"modal-body\">\n<p><strong>Estimado usu\u00e1rio.<\/strong><br \/>Preencha o formul\u00e1rio abaixo para remeter a p\u00e1gina.<\/p>\n<\/p><\/div>\n<\/p><\/div>\n<\/p><\/div>\n<\/div><\/div>\n<\/p><\/div>\n<\/p><\/div>\n<\/p><\/div>\n<\/p><\/div>\n<\/p><\/div>\n<div class=\"row justify-content-md-center mt-3\">\n<div class=\"col-lg-auto col-image block-news-main-image\">\n<p>                                <img decoding=\"async\" src=\"https:\/\/www.agrolink.com.br\/upload\/imagens-resizes\/b40223d91e1d42c99304b428001caec9_858x483.jpg\" class=\"lazyload img-fluid\"\/><br \/>\n                                                <span class=\"publicity-photo d-block mt-1\">Foto: Canva<\/span><\/p><\/div>\n<\/p><\/div>\n<div class=\"section-description section-description-noticias mt-3\">\n<p style=\"text-align:justify\">O Departamento de Agricultura dos Estados Unidos (USDA) divulgou nesta ter\u00e7a-feira (1\u00ba), por meio do boletim Weekly Weather and Crop Bulletin, que a \u00e1rea total plantada com algod\u00e3o para a safra de 2025 est\u00e1 estimada em 10,1 milh\u00f5es de acres. O n\u00famero representa uma redu\u00e7\u00e3o de 10% em compara\u00e7\u00e3o com a \u00e1rea registrada no ano anterior.&#13;\n<\/p>\n<p style=\"text-align:justify\">Segundo o USDA, a \u00e1rea destinada ao algod\u00e3o de terras altas deve alcan\u00e7ar 9,95 milh\u00f5es de acres, o que configura uma queda de 9% em rela\u00e7\u00e3o a 2024. Para o algod\u00e3o Pima Americano, a estimativa \u00e9 de 171 mil acres plantados, 17% abaixo da \u00e1rea registrada no ano anterior.&#13;\n<\/p>\n<p style=\"text-align:justify\">At\u00e9 29 de junho, os produtores haviam completado o plantio de 95% da safra, dois pontos percentuais abaixo do mesmo per\u00edodo de 2024 e tr\u00eas pontos abaixo da m\u00e9dia dos \u00faltimos cinco anos. Ainda conforme o relat\u00f3rio, 40% do algod\u00e3o havia atingido o est\u00e1gio de quadratura, um ponto atr\u00e1s do ano passado, mas tr\u00eas pontos acima da m\u00e9dia hist\u00f3rica. Nove por cento da \u00e1rea j\u00e1 apresentava forma\u00e7\u00e3o de c\u00e1psulas, dois pontos atr\u00e1s de 2024, mas em linha com a m\u00e9dia de cinco anos.&#13;\n<\/p>\n<p style=\"text-align:justify\">Em rela\u00e7\u00e3o \u00e0s condi\u00e7\u00f5es da lavoura, 51% da \u00e1rea plantada foi classificada como boa a excelente, o que representa um avan\u00e7o de quatro pontos percentuais em compara\u00e7\u00e3o com a semana anterior.<\/p>\n<\/p><\/div>\n<\/p><\/div>\n<p><script data-cfasync=\"false\">\n    !function (f, b, e, v, n, t, s) {\n        if (f.fbq) return; n = f.fbq = function () {\n            n.callMethod ?\n                n.callMethod.apply(n, arguments) : n.queue.push(arguments)\n        };\n        if (!f._fbq) f._fbq = n; n.push = n; n.loaded = !0; n.version = '2.0';\n        n.queue = []; t = b.createElement(e); t.async = !0;\n        t.src = v; s = b.getElementsByTagName(e)[0];\n        s.parentNode.insertBefore(t, s)\n    }(window, document, 'script',\n        'https:\/\/connect.facebook.net\/en_US\/fbevents.js');\n    fbq('init', '522546078623747');\n    fbq('track', 'PageView');\n<\/script><br \/>\n<br \/><br \/>\n<br \/><a href=\"https:\/\/www.agrolink.com.br\/noticias\/eua--area-plantada-do-algodao-cai-10--em-2025_503570.html\">Source link <\/a><\/p>\n","protected":false},"excerpt":{"rendered":"<p>&#13; 51% da lavoura de algod\u00e3o est\u00e1 em boa condi\u00e7\u00e3o&#13; &#13; Agrolink&#13; &#13; &#8211; Seane Lennon&#13; &#13; Publicado em 03\/07\/2025<\/p>\n","protected":false},"author":1,"featured_media":4949,"comment_status":"open","ping_status":"open","sticky":false,"template":"","format":"standard","meta":{"_monsterinsights_skip_tracking":false,"_monsterinsights_sitenote_active":false,"_monsterinsights_sitenote_note":"","_monsterinsights_sitenote_category":0,"_uf_show_specific_survey":0,"_uf_disable_surveys":false,"footnotes":""},"categories":[8,1,14],"tags":[],"class_list":["post-16152","post","type-post","status-publish","format-standard","has-post-thumbnail","hentry","category-agro","category-news","category-politica-agro"],"_links":{"self":[{"href":"https:\/\/agromt.news\/index.php?rest_route=\/wp\/v2\/posts\/16152"}],"collection":[{"href":"https:\/\/agromt.news\/index.php?rest_route=\/wp\/v2\/posts"}],"about":[{"href":"https:\/\/agromt.news\/index.php?rest_route=\/wp\/v2\/types\/post"}],"author":[{"embeddable":true,"href":"https:\/\/agromt.news\/index.php?rest_route=\/wp\/v2\/users\/1"}],"replies":[{"embeddable":true,"href":"https:\/\/agromt.news\/index.php?rest_route=%2Fwp%2Fv2%2Fcomments&post=16152"}],"version-history":[{"count":0,"href":"https:\/\/agromt.news\/index.php?rest_route=\/wp\/v2\/posts\/16152\/revisions"}],"wp:featuredmedia":[{"embeddable":true,"href":"https:\/\/agromt.news\/index.php?rest_route=\/wp\/v2\/media\/4949"}],"wp:attachment":[{"href":"https:\/\/agromt.news\/index.php?rest_route=%2Fwp%2Fv2%2Fmedia&parent=16152"}],"wp:term":[{"taxonomy":"category","embeddable":true,"href":"https:\/\/agromt.news\/index.php?rest_route=%2Fwp%2Fv2%2Fcategories&post=16152"},{"taxonomy":"post_tag","embeddable":true,"href":"https:\/\/agromt.news\/index.php?rest_route=%2Fwp%2Fv2%2Ftags&post=16152"}],"curies":[{"name":"wp","href":"https:\/\/api.w.org\/{rel}","templated":true}]}}