{"id":16150,"date":"2025-07-04T05:40:07","date_gmt":"2025-07-04T09:40:07","guid":{"rendered":"https:\/\/agromt.news\/?p=16150"},"modified":"2025-07-04T05:40:07","modified_gmt":"2025-07-04T09:40:07","slug":"frio-permanece-no-centro-sul-e-chuva-marca-o-dia-no-norte-nordeste-veja-a-previsao-do-tempo-para-hoje","status":"publish","type":"post","link":"https:\/\/agromt.news\/?p=16150","title":{"rendered":"Frio permanece no Centro-Sul e chuva marca o dia no Norte\/Nordeste; veja a previs\u00e3o do tempo para hoje"},"content":{"rendered":"<p> <br \/>\n<br \/><img decoding=\"async\" src=\"https:\/\/agromt.news\/wp-content\/uploads\/2024\/10\/semana-deve-terminar-com-transtornos-veja-onde.jpg\" \/><\/p>\n<div>\n<p>A sexta-feira (4) ser\u00e1 marcada por varia\u00e7\u00f5es clim\u00e1ticas em todo o Brasil, com frio persistente no Sul, chuvas no litoral do Sudeste e Nordeste, al\u00e9m de temporais previstos para o Norte. As temperaturas continuam baixas no <strong><a href=\"https:\/\/www.canalrural.com.br\/nacional\/rio-grande-do-sul\/\">Rio Grande do Sul<\/a><\/strong>, enquanto o calor predomina em parte do Centro-Oeste e interior do Nordeste, acompanhado de baixa umidade do ar.<\/p>\n<div data-icp-cta=\"1\" id=\"icp-cta-unique\">Voc\u00ea quer entender como usar o clima a seu favor?<b> <\/b><a href=\"https:\/\/climacampo.canalrural.com.br\/climacampo_-01\">Preparamos um e-book exclusivo<\/a> para ajudar produtores rurais a se antecipar \u00e0s mudan\u00e7as do tempo e planejar melhor suas a\u00e7\u00f5es. Com base em previs\u00f5es meteorol\u00f3gicas confi\u00e1veis, ele oferece orienta\u00e7\u00f5es pr\u00e1ticas para proteger sua lavoura e otimizar seus resultados.<\/div>\n<p>Confira a previs\u00e3o do tempo para hoje em todas as regi\u00f5es do pa\u00eds, com an\u00e1lise da Climatempo.<\/p>\n<h2 class=\"wp-block-heading\" id=\"h-como-vai-ficar-o-tempo-na-regiao-sul-nesta-sexta\">Como vai ficar o tempo na regi\u00e3o Sul nesta sexta<\/h2>\n<p>Os ventos \u00famidos que sopram do mar contra o continente favorecem chuva fraca e garoa no leste de Santa Catarina no litoral do Paran\u00e1. N\u00e3o chove no Rio Grande do Sul, onde as temperaturas continuam baixas no decorrer do dia.<\/p>\n<h2 class=\"wp-block-heading\" id=\"h-como-vai-ficar-o-tempo-na-regiao-sudeste-nesta-sexta\">Como vai ficar o tempo na regi\u00e3o Sudeste nesta sexta<\/h2>\n<p>A infiltra\u00e7\u00e3o mar\u00edtima mant\u00e9m a condi\u00e7\u00e3o de chuva para \u00e1reas do litoral e do leste de S\u00e3o Paulo, assim como no litoral do Rio de Janeiro e do Esp\u00edrito Santo.<\/p>\n<p>As temperaturas continuam amenas nas capitais de S\u00e3o Paulo e do Rio, assim como o calor permanece na Grande Belo Horizonte. O ar se mant\u00e9m mais seco no interior de Minas Gerais, com calor \u00e0 tarde.<\/p>\n<\/div>\n<div>\n<h2 class=\"wp-block-heading\" id=\"h-como-vai-ficar-o-tempo-na-regiao-centro-oeste-nesta-sexta\">Como vai ficar o tempo na regi\u00e3o Centro-Oeste nesta sexta<\/h2>\n<p>Amanhecer ainda gelado no sul de Mato Grosso do Sul e em \u00e1reas do sul de Mato Grosso. As temperaturas continuam mais altas no Distrito Federal e no norte de Goi\u00e1s e de Mato Grosso, com destaque para a baixa umidade do ar.<\/p>\n<h2 class=\"wp-block-heading\" id=\"h-como-vai-ficar-o-tempo-na-regiao-nordeste-nesta-sexta\">Como vai ficar o tempo na regi\u00e3o Nordeste nesta sexta<\/h2>\n<p>O tempo segue inst\u00e1vel no litoral e no sul da Bahia, com risco de pancadas mais fortes. H\u00e1 chance de chuva moderada no leste de Alagoas em Sergipe, com pancadas mais irregulares no norte do Maranh\u00e3o.<\/p>\n<p>O tempo continua aberto, ensolarado e seco no interior da regi\u00e3o, com umidade abaixo de 30% no sul do Maranh\u00e3o, Piau\u00ed e oeste da Bahia.<\/p>\n<h2 class=\"wp-block-heading\" id=\"h-como-vai-ficar-o-tempo-na-regiao-norte-nesta-sexta\">Como vai ficar o tempo na regi\u00e3o Norte nesta sexta<\/h2>\n<p>As pancadas continuam com forte intensidade no Amazonas e em Roraima; o dia fica mais encoberto e deve haver pancadas a qualquer momento em Manaus e Boa Vista. <\/p>\n<p>A faixa sul da regi\u00e3o continua ensolarada, sem previs\u00e3o de chuva e com o ar mais seco no sul do Par\u00e1 e no Tocantins.<\/p>\n<\/p><\/div>\n<p><br \/>\n<br \/><a href=\"https:\/\/www.canalrural.com.br\/tempo\/frio-permanece-no-centro-sul-e-chuva-marca-o-dia-no-norte-nordeste-veja-a-previsao-do-tempo-para-hoje\/\">Source link <\/a><\/p>\n","protected":false},"excerpt":{"rendered":"<p>A sexta-feira (4) ser\u00e1 marcada por varia\u00e7\u00f5es clim\u00e1ticas em todo o Brasil, com frio persistente no Sul, chuvas no litoral<\/p>\n","protected":false},"author":1,"featured_media":3545,"comment_status":"open","ping_status":"open","sticky":false,"template":"","format":"standard","meta":{"_monsterinsights_skip_tracking":false,"_monsterinsights_sitenote_active":false,"_monsterinsights_sitenote_note":"","_monsterinsights_sitenote_category":0,"_uf_show_specific_survey":0,"_uf_disable_surveys":false,"footnotes":""},"categories":[1],"tags":[],"class_list":["post-16150","post","type-post","status-publish","format-standard","has-post-thumbnail","hentry","category-news"],"_links":{"self":[{"href":"https:\/\/agromt.news\/index.php?rest_route=\/wp\/v2\/posts\/16150"}],"collection":[{"href":"https:\/\/agromt.news\/index.php?rest_route=\/wp\/v2\/posts"}],"about":[{"href":"https:\/\/agromt.news\/index.php?rest_route=\/wp\/v2\/types\/post"}],"author":[{"embeddable":true,"href":"https:\/\/agromt.news\/index.php?rest_route=\/wp\/v2\/users\/1"}],"replies":[{"embeddable":true,"href":"https:\/\/agromt.news\/index.php?rest_route=%2Fwp%2Fv2%2Fcomments&post=16150"}],"version-history":[{"count":0,"href":"https:\/\/agromt.news\/index.php?rest_route=\/wp\/v2\/posts\/16150\/revisions"}],"wp:featuredmedia":[{"embeddable":true,"href":"https:\/\/agromt.news\/index.php?rest_route=\/wp\/v2\/media\/3545"}],"wp:attachment":[{"href":"https:\/\/agromt.news\/index.php?rest_route=%2Fwp%2Fv2%2Fmedia&parent=16150"}],"wp:term":[{"taxonomy":"category","embeddable":true,"href":"https:\/\/agromt.news\/index.php?rest_route=%2Fwp%2Fv2%2Fcategories&post=16150"},{"taxonomy":"post_tag","embeddable":true,"href":"https:\/\/agromt.news\/index.php?rest_route=%2Fwp%2Fv2%2Ftags&post=16150"}],"curies":[{"name":"wp","href":"https:\/\/api.w.org\/{rel}","templated":true}]}}