{"id":16149,"date":"2025-07-04T04:48:24","date_gmt":"2025-07-04T08:48:24","guid":{"rendered":"https:\/\/agromt.news\/?p=16149"},"modified":"2025-07-04T04:48:24","modified_gmt":"2025-07-04T08:48:24","slug":"mandioca-sofre-com-apodrecimento-de-raizes","status":"publish","type":"post","link":"https:\/\/agromt.news\/?p=16149","title":{"rendered":"Mandioca sofre com apodrecimento de ra\u00edzes"},"content":{"rendered":"<p> <br \/>\n<\/p>\n<div>\n<div class=\"row\">\n<div class=\"col-lg col-infos mt-0 mt-lg-0\">\n<div class=\"section-sub-title\">\n<p itemprop=\"description\">&#13;<br \/>\n                                Chuvas afetam qualidade da mandioca no RS&#13;\n                            <\/p>\n<\/p><\/div>\n<div class=\"container\">\n<div class=\"row\">\n<div class=\"col-lg p-0\">\n<div>\n<div class=\"block-news-main-infos mt-3 text-start\">\n<p>                                            <strong class=\"fn\" itemprop=\"author\" style=\"color: rgb(112, 112, 112); \">&#13;<br \/>\n                                                <a href=\"https:\/\/www.agrolink.com.br\/noticias\/javascript:;\" class=\"text-uppercase\" target=\"_blank\" style=\"color: rgb(112, 112, 112); \" rel=\"noopener\">Agrolink<\/a>&#13;<br \/>\n&#13;<br \/>\n                                                    &#8211; Seane Lennon&#13;<br \/>\n&#13;<br \/>\n                                            <\/strong><br \/>\n                                        <\/p>\n<p>                                            <abbr><time datetime=\"2025-07-03T18:28\" itemprop=\"datePublished dateModified\">Publicado em 03\/07\/2025 \u00e0s 18:28h.<\/time><\/abbr><br \/>\n                                            <\/p><\/div>\n<\/p><\/div>\n<\/p><\/div>\n<div class=\"col-lg p-0 text-lg-end\">\n<div>\n<div id=\"mdEnviarPagina\" class=\"modal fade\" role=\"dialog\">\n<div class=\"modal-dialog\">\n<div class=\"modal-content\">\n<div class=\"modal-body\">\n<p><strong>Estimado usu\u00e1rio.<\/strong><br \/>Preencha o formul\u00e1rio abaixo para remeter a p\u00e1gina.<\/p>\n<\/p><\/div>\n<\/p><\/div>\n<\/p><\/div>\n<\/div><\/div>\n<\/p><\/div>\n<\/p><\/div>\n<\/p><\/div>\n<\/p><\/div>\n<\/p><\/div>\n<div class=\"row justify-content-md-center mt-3\">\n<div class=\"col-lg-auto col-image block-news-main-image\">\n<p>                                <img decoding=\"async\" src=\"https:\/\/www.agrolink.com.br\/upload\/imagens-resizes\/db0ebf678a144dc98675901e9e4fce70_858x483.jpg\" class=\"lazyload img-fluid\"\/><br \/>\n                                                <span class=\"publicity-photo d-block mt-1\">Foto: Canva<\/span><\/p><\/div>\n<\/p><\/div>\n<div class=\"section-description section-description-noticias mt-3\">\n<p style=\"text-align:justify\">O Informativo Conjuntural divulgado pela Emater\/RS-Ascar nesta quinta-feira (3) aponta impactos clim\u00e1ticos na produ\u00e7\u00e3o de <a href=\"https:\/\/www.agrolink.com.br\/culturas\/mandioca\/?utm_source=agrolink-detalhe-noticia&amp;utm_medium=detalhe-noticia&amp;utm_campaign=links-internos\" target=\"_blank\" rel=\"noopener\">mandioca<\/a> em diversas regi\u00f5es do Rio Grande do Sul. Segundo o relat\u00f3rio, em Itaqui, na regi\u00e3o administrativa de Bag\u00e9, 73% dos 23 hectares cultivados j\u00e1 foram colhidos. A Emater informa que os altos volumes de chuva provocaram apodrecimento das ra\u00edzes e queda na qualidade do produto. Os pre\u00e7os variam entre R$ 3,00 e R$ 5,00 por quilo da <a href=\"https:\/\/www.agrolink.com.br\/culturas\/mandioca\/?utm_source=agrolink-detalhe-noticia&amp;utm_medium=detalhe-noticia&amp;utm_campaign=links-internos\" target=\"_blank\" rel=\"noopener\">mandioca<\/a> com casca, enquanto a vers\u00e3o descascada e embalada a v\u00e1cuo alcan\u00e7a at\u00e9 R$ 12,00 por quilo.&#13;\n<\/p>\n<p style=\"text-align:justify\">Em Alegrete, os agricultores intensificaram a colheita em \u00e1reas baixas como medida preventiva para evitar perdas maiores, movimento tamb\u00e9m observado em S\u00e3o Gabriel. As variedades mais utilizadas nessas regi\u00f5es s\u00e3o Vassourinha e BRS Gema de Ovo, comercializadas entre R$ 3,50 e R$ 4,00 por quilo com casca e entre R$ 6,50 e R$ 8,00 descascadas.&#13;\n<\/p>\n<p style=\"text-align:justify\">Na regi\u00e3o de Lajeado, em Cruzeiro do Sul, a colheita est\u00e1 em curso e atinge 70% da \u00e1rea. A produtividade m\u00e9dia registrada \u00e9 de 14 toneladas por hectare, valor considerado dentro da normalidade para o munic\u00edpio. A Emater destaca que a sanidade da cultura est\u00e1 preservada, e o pre\u00e7o m\u00e9dio pago ao produtor \u00e9 de R$ 18,00 por caixa de 22 quilos.&#13;\n<\/p>\n<p style=\"text-align:justify\">Na regi\u00e3o de Santa Rosa, duas geadas recentes encerraram o ciclo vegetativo das plantas, que ainda apresentavam folhagem. No entanto, os danos causados ainda n\u00e3o foram totalmente avaliados.<\/p>\n<p style=\"text-align:justify\">J\u00e1 em Soledade, a colheita prossegue, mas h\u00e1 risco de apodrecimento das ra\u00edzes em fun\u00e7\u00e3o do encharcamento do solo. Segundo o levantamento, os pre\u00e7os seguem em baixa. Em Mato Leit\u00e3o, a caixa de 22 quilos da raiz varia entre R$ 20,00 e R$ 25,00.<\/p>\n<\/p><\/div>\n<\/p><\/div>\n<p><script data-cfasync=\"false\">\n    !function (f, b, e, v, n, t, s) {\n        if (f.fbq) return; n = f.fbq = function () {\n            n.callMethod ?\n                n.callMethod.apply(n, arguments) : n.queue.push(arguments)\n        };\n        if (!f._fbq) f._fbq = n; n.push = n; n.loaded = !0; n.version = '2.0';\n        n.queue = []; t = b.createElement(e); t.async = !0;\n        t.src = v; s = b.getElementsByTagName(e)[0];\n        s.parentNode.insertBefore(t, s)\n    }(window, document, 'script',\n        'https:\/\/connect.facebook.net\/en_US\/fbevents.js');\n    fbq('init', '522546078623747');\n    fbq('track', 'PageView');\n<\/script><br \/>\n<br \/><br \/>\n<br \/><a href=\"https:\/\/www.agrolink.com.br\/noticias\/mandioca-sofre-com-apodrecimento-de-raizes_503571.html\">Source link <\/a><\/p>\n","protected":false},"excerpt":{"rendered":"<p>&#13; Chuvas afetam qualidade da mandioca no RS&#13; &#13; Agrolink&#13; &#13; &#8211; Seane Lennon&#13; &#13; Publicado em 03\/07\/2025 \u00e0s 18:28h.<\/p>\n","protected":false},"author":1,"featured_media":1382,"comment_status":"open","ping_status":"open","sticky":false,"template":"","format":"standard","meta":{"_monsterinsights_skip_tracking":false,"_monsterinsights_sitenote_active":false,"_monsterinsights_sitenote_note":"","_monsterinsights_sitenote_category":0,"_uf_show_specific_survey":0,"_uf_disable_surveys":false,"footnotes":""},"categories":[8,1,14],"tags":[],"class_list":["post-16149","post","type-post","status-publish","format-standard","has-post-thumbnail","hentry","category-agro","category-news","category-politica-agro"],"_links":{"self":[{"href":"https:\/\/agromt.news\/index.php?rest_route=\/wp\/v2\/posts\/16149"}],"collection":[{"href":"https:\/\/agromt.news\/index.php?rest_route=\/wp\/v2\/posts"}],"about":[{"href":"https:\/\/agromt.news\/index.php?rest_route=\/wp\/v2\/types\/post"}],"author":[{"embeddable":true,"href":"https:\/\/agromt.news\/index.php?rest_route=\/wp\/v2\/users\/1"}],"replies":[{"embeddable":true,"href":"https:\/\/agromt.news\/index.php?rest_route=%2Fwp%2Fv2%2Fcomments&post=16149"}],"version-history":[{"count":0,"href":"https:\/\/agromt.news\/index.php?rest_route=\/wp\/v2\/posts\/16149\/revisions"}],"wp:featuredmedia":[{"embeddable":true,"href":"https:\/\/agromt.news\/index.php?rest_route=\/wp\/v2\/media\/1382"}],"wp:attachment":[{"href":"https:\/\/agromt.news\/index.php?rest_route=%2Fwp%2Fv2%2Fmedia&parent=16149"}],"wp:term":[{"taxonomy":"category","embeddable":true,"href":"https:\/\/agromt.news\/index.php?rest_route=%2Fwp%2Fv2%2Fcategories&post=16149"},{"taxonomy":"post_tag","embeddable":true,"href":"https:\/\/agromt.news\/index.php?rest_route=%2Fwp%2Fv2%2Ftags&post=16149"}],"curies":[{"name":"wp","href":"https:\/\/api.w.org\/{rel}","templated":true}]}}