{"id":16133,"date":"2025-07-03T17:45:56","date_gmt":"2025-07-03T21:45:56","guid":{"rendered":"https:\/\/agromt.news\/?p=16133"},"modified":"2025-07-03T17:45:56","modified_gmt":"2025-07-03T21:45:56","slug":"onda-de-frio-enfraquece-mas-ainda-tem-geada-e-temporais-veja-previsao-do-tempo-para-esta-sexta","status":"publish","type":"post","link":"https:\/\/agromt.news\/?p=16133","title":{"rendered":"Onda de frio enfraquece, mas ainda tem geada e temporais; veja previs\u00e3o do tempo para esta sexta"},"content":{"rendered":"<p> <br \/>\n<br \/><img decoding=\"async\" src=\"https:\/\/agromt.news\/wp-content\/uploads\/2024\/09\/Semana-comeca-com-chuva-em-algumas-areas-tem-ate-chance.jpg\" \/><\/p>\n<div>\n<p>A sexta-feira (4) marca o fim da quarta onda de frio de 2025 no Brasil, mas as temperaturas seguem baixas no Centro-Sul. Enquanto isso, as condi\u00e7\u00f5es de chuva aumentam no litoral da Bahia e na costa leste do Nordeste, com risco de temporais. A previs\u00e3o do tempo tamb\u00e9m indica fortes chuvas previstas no Amazonas e em Roraima. <\/p>\n<div data-icp-cta=\"1\" id=\"icp-cta-unique\">Voc\u00ea quer entender como usar o clima a seu favor?<b> <\/b><a href=\"https:\/\/climacampo.canalrural.com.br\/climacampo_-01\">Preparamos um e-book exclusivo<\/a> para ajudar produtores rurais a se antecipar \u00e0s mudan\u00e7as do tempo e planejar melhor suas a\u00e7\u00f5es. Com base em previs\u00f5es meteorol\u00f3gicas confi\u00e1veis, ele oferece orienta\u00e7\u00f5es pr\u00e1ticas para proteger sua lavoura e otimizar seus resultados.<\/div>\n<p>Confira a seguir como ficam as condi\u00e7\u00f5es do tempo em todas as regi\u00f5es do Brasil nesta sexta, de acordo com informa\u00e7\u00f5es da <strong><a href=\"https:\/\/www.canalrural.com.br\/autor\/climatempo\/\">Climatempo<\/a><\/strong>.<\/p>\n<h3 class=\"wp-block-heading\" id=\"h-sul-frio-perde-forca-mas-geada-persiste-nas-serras\">Sul: frio perde for\u00e7a, mas geada persiste nas serras<\/h3>\n<p>O amanhecer desta sexta ainda ser\u00e1 gelado na regi\u00e3o Sul, com temperaturas abaixo de 4 \u00b0C em \u00e1reas de serra no Rio Grande do Sul e em Santa Catarina, al\u00e9m de pontos do planalto catarinense, onde h\u00e1 condi\u00e7\u00e3o para geada. <\/p>\n<p>Com o afastamento do sistema de alta press\u00e3o associado ao ar frio para alto-mar ao longo do fim de semana, as temperaturas tendem a subir gradualmente, principalmente durante a tarde.<\/p>\n<p>No litoral do Paran\u00e1, a infiltra\u00e7\u00e3o mar\u00edtima provoca chuva moderada, enquanto o tempo firme predomina nas demais \u00e1reas do estado e nas capitais Curitiba, Florian\u00f3polis e Porto Alegre.<\/p>\n<h3 class=\"wp-block-heading\" id=\"h-sudeste-chuvas-ganham-forca-no-rio-de-janeiro-e-espirito-santo\">Sudeste: chuvas ganham for\u00e7a no Rio de Janeiro e Esp\u00edrito Santo<\/h3>\n<p>O transporte de umidade do oceano para o continente, aliado ao refor\u00e7o de um cavado meteorol\u00f3gico, aumenta a frequ\u00eancia de chuvas desde o litoral de S\u00e3o Paulo at\u00e9 o Esp\u00edrito Santo. H\u00e1 previs\u00e3o de acumulados significativos ao longo do dia, principalmente no Rio de Janeiro e no litoral capixaba.<\/p>\n<\/div>\n<div>\n<p>Na cidade de S\u00e3o Paulo, o dia come\u00e7a gelado e nublado, com possibilidade de garoa pela manh\u00e3. \u00c0 tarde, o sol aparece entre nuvens e as condi\u00e7\u00f5es de chuva diminuem. O mar segue agitado na costa do Sudeste, mas sem alerta de ressaca emitido pela Marinha do Brasil.<\/p>\n<h3 class=\"wp-block-heading\" id=\"h-centro-oeste-frio-da-tregua-e-tempo-seco-predomina\">Centro-Oeste: frio d\u00e1 tr\u00e9gua e tempo seco predomina<\/h3>\n<p>Na regi\u00e3o Centro-Oeste, as temperaturas permanecem amenas pela manh\u00e3, mas o frio intenso perde for\u00e7a, especialmente no sul de Mato Grosso do Sul. A tarde ser\u00e1 mais ensolarada, com eleva\u00e7\u00e3o gradativa das m\u00e1ximas ao longo dos pr\u00f3ximos dias.<\/p>\n<p>N\u00e3o h\u00e1 previs\u00e3o de chuva em nenhuma \u00e1rea, e o tempo seco predomina. A umidade relativa do ar deve ficar abaixo de 30% entre Goi\u00e1s, Distrito Federal e Mato Grosso, exigindo aten\u00e7\u00e3o para riscos \u00e0 sa\u00fade e \u00e0 produ\u00e7\u00e3o agropecu\u00e1ria.<\/p>\n<h3 class=\"wp-block-heading\" id=\"h-norte-e-nordeste-temporais-preocupam-amazonas-roraima-e-litoral-baiano\">Norte e Nordeste: temporais preocupam Amazonas, Roraima e litoral baiano<\/h3>\n<p>No Norte, o calor e a alta umidade mant\u00eam as condi\u00e7\u00f5es para temporais no norte do Amazonas, em Roraima e no noroeste do Par\u00e1. No Amap\u00e1, a Zona de Converg\u00eancia Intertropical (ZCIT) continua provocando pancadas de chuva moderadas a fortes e temporais localizados.<\/p>\n<p>No Nordeste, a infiltra\u00e7\u00e3o mar\u00edtima aumenta as chuvas no litoral da Bahia, com alerta para temporais entre Ilh\u00e9us e Salvador. De Sergipe at\u00e9 o Rio Grande do Norte, as pancadas podem variar de moderadas a fortes. <\/p>\n<p>No interior nordestino, o tempo permanece seco e quente, com baixa umidade do ar ao longo do dia.<\/p>\n<figure class=\"wp-block-embed is-type-video is-provider-youtube wp-block-embed-youtube wp-embed-aspect-16-9 wp-has-aspect-ratio\">\n<p>\n<iframe title=\"Quarta onda de frio no Brasil perde for\u00e7a; saiba quando\" width=\"800\" height=\"450\" src=\"https:\/\/www.youtube.com\/embed\/9kz8SHxkA18?feature=oembed\" frameborder=\"0\" allow=\"accelerometer; autoplay; clipboard-write; encrypted-media; gyroscope; picture-in-picture; web-share\" referrerpolicy=\"strict-origin-when-cross-origin\" allowfullscreen><\/iframe><noscript><iframe title=\"Quarta onda de frio no Brasil perde for\u00e7a; saiba quando\" width=\"800\" height=\"450\" src=\"https:\/\/www.youtube.com\/embed\/9kz8SHxkA18?feature=oembed\" frameborder=\"0\" allow=\"accelerometer; autoplay; clipboard-write; encrypted-media; gyroscope; picture-in-picture; web-share\" referrerpolicy=\"strict-origin-when-cross-origin\" allowfullscreen><\/iframe><\/noscript>\n<\/p>\n<\/figure><\/div>\n<p><br \/>\n<br \/><a href=\"https:\/\/www.canalrural.com.br\/tempo\/onda-de-frio-enfraquece-mas-ainda-tem-geada-e-temporais-veja-previsao-do-tempo-para-esta-sexta\/\">Source link <\/a><\/p>\n","protected":false},"excerpt":{"rendered":"<p>A sexta-feira (4) marca o fim da quarta onda de frio de 2025 no Brasil, mas as temperaturas seguem baixas<\/p>\n","protected":false},"author":1,"featured_media":2073,"comment_status":"open","ping_status":"open","sticky":false,"template":"","format":"standard","meta":{"_monsterinsights_skip_tracking":false,"_monsterinsights_sitenote_active":false,"_monsterinsights_sitenote_note":"","_monsterinsights_sitenote_category":0,"_uf_show_specific_survey":0,"_uf_disable_surveys":false,"footnotes":""},"categories":[1],"tags":[],"class_list":["post-16133","post","type-post","status-publish","format-standard","has-post-thumbnail","hentry","category-news"],"_links":{"self":[{"href":"https:\/\/agromt.news\/index.php?rest_route=\/wp\/v2\/posts\/16133"}],"collection":[{"href":"https:\/\/agromt.news\/index.php?rest_route=\/wp\/v2\/posts"}],"about":[{"href":"https:\/\/agromt.news\/index.php?rest_route=\/wp\/v2\/types\/post"}],"author":[{"embeddable":true,"href":"https:\/\/agromt.news\/index.php?rest_route=\/wp\/v2\/users\/1"}],"replies":[{"embeddable":true,"href":"https:\/\/agromt.news\/index.php?rest_route=%2Fwp%2Fv2%2Fcomments&post=16133"}],"version-history":[{"count":0,"href":"https:\/\/agromt.news\/index.php?rest_route=\/wp\/v2\/posts\/16133\/revisions"}],"wp:featuredmedia":[{"embeddable":true,"href":"https:\/\/agromt.news\/index.php?rest_route=\/wp\/v2\/media\/2073"}],"wp:attachment":[{"href":"https:\/\/agromt.news\/index.php?rest_route=%2Fwp%2Fv2%2Fmedia&parent=16133"}],"wp:term":[{"taxonomy":"category","embeddable":true,"href":"https:\/\/agromt.news\/index.php?rest_route=%2Fwp%2Fv2%2Fcategories&post=16133"},{"taxonomy":"post_tag","embeddable":true,"href":"https:\/\/agromt.news\/index.php?rest_route=%2Fwp%2Fv2%2Ftags&post=16133"}],"curies":[{"name":"wp","href":"https:\/\/api.w.org\/{rel}","templated":true}]}}