{"id":16131,"date":"2025-07-03T17:03:31","date_gmt":"2025-07-03T21:03:31","guid":{"rendered":"https:\/\/agromt.news\/?p=16131"},"modified":"2025-07-03T17:03:31","modified_gmt":"2025-07-03T21:03:31","slug":"tocantins-ganha-destaque-na-producao-de-sementes-de-soja-fora-do-calendario-tradicional","status":"publish","type":"post","link":"https:\/\/agromt.news\/?p=16131","title":{"rendered":"Tocantins ganha destaque na produ\u00e7\u00e3o de sementes de soja fora do calend\u00e1rio tradicional"},"content":{"rendered":"<p> <br \/>\n<br \/><img decoding=\"async\" src=\"https:\/\/agromt.news\/wp-content\/uploads\/2025\/07\/Tocantins-ganha-destaque-na-producao-de-sementes-de-soja-fora.jpg\" \/><\/p>\n<div>\n<p>Os <a href=\"https:\/\/www.canalrural.com.br\/?s=Tocantins\">munic\u00edpios <\/a>de Lagoa da Confus\u00e3o, Cristal\u00e2ndia, Pium, Formoso do Araguaia, Santa Rita do Tocantins e Duer\u00e9, no estado de Tocantins, est\u00e3o entre as cidades autorizadas pelo governo federal a cultivar sementes de soja no per\u00edodo de entressafra, gra\u00e7as \u00e0s condi\u00e7\u00f5es diferenciadas das v\u00e1rzeas tropicais do Tocantins.<\/p>\n<p>Essa janela de produ\u00e7\u00e3o, fora do calend\u00e1rio habitual, \u00e9 poss\u00edvel gra\u00e7as ao sistema de cultivo das v\u00e1rzeas tropicais do Tocantins, que proporciona infiltra\u00e7\u00e3o adequada e favorece o desenvolvimento de sementes com alto vigor e germina\u00e7\u00e3o.<\/p>\n<ul class=\"wp-block-list\">\n<li><strong><em>Fique por dentro das novidades e not\u00edcias recentes sobre a soja! Participe da nossa comunidade atrav\u00e9s do\u00a0<a href=\"https:\/\/chat.whatsapp.com\/BmMRwA0TZ2DHGyhzoaVEWu\">link<\/a><\/em><\/strong>!<\/li>\n<\/ul>\n<p>A libera\u00e7\u00e3o excepcional foi concedida pelo Minist\u00e9rio da Agricultura e Pecu\u00e1ria (Mapa), considerando o baixo desenvolvimento da <a href=\"https:\/\/www.canalrural.com.br\/?s=Ferrugem+Asi%C3%A1tica\">Ferrugem Asi\u00e1tica <\/a>na regi\u00e3o, praga que afeta a cultura em outras partes do pa\u00eds.<\/p>\n<h2 class=\"wp-block-heading\" id=\"h-producao-de-sementes\">Produ\u00e7\u00e3o de sementes <\/h2>\n<p>Na safra de 2024, foram implantados 56.672 hectares destinados \u00e0 produ\u00e7\u00e3o de soja na regi\u00e3o, com 111 cadastros registrados. Atualmente, as lavouras encontram-se na fase de manuten\u00e7\u00e3o, com colheita prevista para ocorrer entre julho e setembro.<\/p>\n<\/div>\n<div>\n<p>O setor de sementes no Brasil gera mais de 600 mil empregos e arrecada cerca de 220 milh\u00f5es de reais em impostos anualmente, reafirmando a import\u00e2ncia econ\u00f4mica e social dessa cadeia produtiva.<\/p>\n<p>Para a presidente da Aprosoja Tocantins, Caroline Barcellos, Lagoa da Confus\u00e3o representa um exemplo de excel\u00eancia t\u00e9cnica e inova\u00e7\u00e3o para a agricultura. \u201dA produ\u00e7\u00e3o de sementes no per\u00edodo de entressafra \u00e9 uma oportunidade \u00fanica que o estado vem consolidando com maestria. Essa atividade fortalece a competitividade dos nossos produtores, gera empregos e movimenta a economia local\u201d, destaca.<\/p>\n<p>J\u00e1 o presidente da Aprosoja Brasil, Maur\u00edcio Buffon, ressalta a import\u00e2ncia do alinhamento entre produtores, entidades de classe e o poder p\u00fablico para garantir a sanidade e a qualidade das sementes produzidas. \u201dA produ\u00e7\u00e3o de soja para sementes fora do calend\u00e1rio tradicional \u00e9 um diferencial competitivo para o pa\u00eds e refor\u00e7a o potencial do Tocantins como fornecedor de sementes de alt\u00edssima qualidade para o mundo\u201d, afirma.<\/p>\n<p>A autoriza\u00e7\u00e3o para o cultivo de soja no per\u00edodo de entressafra contempla, al\u00e9m de Lagoa da Confus\u00e3o, os munic\u00edpios de Cristal\u00e2ndia, Pium, Formoso do Araguaia, Santa Rita do Tocantins e Duer\u00e9. A pr\u00e1tica \u00e9 voltada exclusivamente para fins de pesquisa, produ\u00e7\u00e3o de sementes e a chamada \u201csalva legal\u201d para uso pr\u00f3prio.<\/p>\n<\/p><\/div>\n<p><br \/>\n<br \/><a href=\"https:\/\/www.canalrural.com.br\/agricultura\/projeto-soja-brasil\/tocantins-ganha-destaque-na-producao-de-sementes-de-soja-fora-do-calendario-tradicional\/\">Source link <\/a><\/p>\n","protected":false},"excerpt":{"rendered":"<p>Os munic\u00edpios de Lagoa da Confus\u00e3o, Cristal\u00e2ndia, Pium, Formoso do Araguaia, Santa Rita do Tocantins e Duer\u00e9, no estado de<\/p>\n","protected":false},"author":1,"featured_media":16132,"comment_status":"open","ping_status":"open","sticky":false,"template":"","format":"standard","meta":{"_monsterinsights_skip_tracking":false,"_monsterinsights_sitenote_active":false,"_monsterinsights_sitenote_note":"","_monsterinsights_sitenote_category":0,"_uf_show_specific_survey":0,"_uf_disable_surveys":false,"footnotes":""},"categories":[1],"tags":[],"class_list":["post-16131","post","type-post","status-publish","format-standard","has-post-thumbnail","hentry","category-news"],"_links":{"self":[{"href":"https:\/\/agromt.news\/index.php?rest_route=\/wp\/v2\/posts\/16131"}],"collection":[{"href":"https:\/\/agromt.news\/index.php?rest_route=\/wp\/v2\/posts"}],"about":[{"href":"https:\/\/agromt.news\/index.php?rest_route=\/wp\/v2\/types\/post"}],"author":[{"embeddable":true,"href":"https:\/\/agromt.news\/index.php?rest_route=\/wp\/v2\/users\/1"}],"replies":[{"embeddable":true,"href":"https:\/\/agromt.news\/index.php?rest_route=%2Fwp%2Fv2%2Fcomments&post=16131"}],"version-history":[{"count":0,"href":"https:\/\/agromt.news\/index.php?rest_route=\/wp\/v2\/posts\/16131\/revisions"}],"wp:featuredmedia":[{"embeddable":true,"href":"https:\/\/agromt.news\/index.php?rest_route=\/wp\/v2\/media\/16132"}],"wp:attachment":[{"href":"https:\/\/agromt.news\/index.php?rest_route=%2Fwp%2Fv2%2Fmedia&parent=16131"}],"wp:term":[{"taxonomy":"category","embeddable":true,"href":"https:\/\/agromt.news\/index.php?rest_route=%2Fwp%2Fv2%2Fcategories&post=16131"},{"taxonomy":"post_tag","embeddable":true,"href":"https:\/\/agromt.news\/index.php?rest_route=%2Fwp%2Fv2%2Ftags&post=16131"}],"curies":[{"name":"wp","href":"https:\/\/api.w.org\/{rel}","templated":true}]}}