{"id":16130,"date":"2025-07-03T17:02:05","date_gmt":"2025-07-03T21:02:05","guid":{"rendered":"https:\/\/agromt.news\/?p=16130"},"modified":"2025-07-03T17:02:05","modified_gmt":"2025-07-03T21:02:05","slug":"milho-recua-na-b3-e-em-chicago-2","status":"publish","type":"post","link":"https:\/\/agromt.news\/?p=16130","title":{"rendered":"Milho recua na B3 e em Chicago"},"content":{"rendered":"<p> <br \/>\n<\/p>\n<div>\n<p>Os contratos futuros de <a href=\"https:\/\/www.agrolink.com.br\/culturas\/milho?utm_source=agrolink-detalhe-noticia&amp;utm_medium=detalhe-noticia&amp;utm_campaign=links-internos&#9;\" target=\"_blank\" rel=\"noopener\">milho<\/a> encerraram a ter\u00e7a-feira (1\u00ba) em baixa na B3, refletindo a press\u00e3o de uma poss\u00edvel supersafra nos Estados Unidos e o avan\u00e7o da colheita da safrinha no Brasil. De acordo com a TF Agroecon\u00f4mica, mesmo com a queda di\u00e1ria, os pre\u00e7os se mant\u00eam acima dos registrados no mesmo per\u00edodo do ano passado, devido ao atraso na colheita da segunda safra brasileira.&#13;\n<\/p>\n<p>Segundo a Conab, a colheita da safrinha atingiu 17% da \u00e1rea estimada, contra 10,3% na semana anterior. Em 2024, o \u00edndice j\u00e1 era de 47,9%, e a m\u00e9dia dos \u00faltimos cinco anos \u00e9 de 28,2%. O mercado segue atento \u00e0s ondas de frio, que podem prejudicar lavouras ainda n\u00e3o colhidas. Na B3, o vencimento julho\/25 fechou a R\\$ 62,98 (queda de R\\$ 0,46 no dia e R\\$ 1,61 na semana), setembro\/25 caiu para R\\$ 61,57 (baixa de R\\$ 0,39 no dia e R\\$ 2,81 na semana), e novembro\/25 encerrou a R\\$ 66,03 (recuo de R\\$ 0,22 no dia e R\\$ 1,70 na semana).<\/p>\n<p>Na bolsa de Chicago (CBOT), os contratos de milho tamb\u00e9m ca\u00edram, com o vencimento julho recuando 0,12%, a US\\$ 4,20 por bushel, e setembro caindo 0,79%, a US\\$ 4,06 por bushel. A queda foi puxada pela melhora inesperada na qualidade das lavouras americanas: o relat\u00f3rio do USDA elevou de 70% para 73% o \u00edndice de lavouras em condi\u00e7\u00f5es boas a excelentes, o melhor n\u00edvel para esta \u00e9poca desde 2018, segundo a Reuters.&#13;\n<\/p>\n<p>Com previs\u00e3o de clima favor\u00e1vel \u2014 calor e chuvas \u2014 nos pr\u00f3ximos dias nos EUA, o cen\u00e1rio de maior safra da hist\u00f3ria se fortalece. Al\u00e9m disso, a proximidade do fim da car\u00eancia das tarifas impostas pelos EUA para outros pa\u00edses pressiona o mercado, uma vez que as exporta\u00e7\u00f5es seguem essenciais para sustentar os pre\u00e7os, mesmo com o consumo interno elevado.<br \/>&#13;<br \/>\n\u00a0<\/p>\n<\/p><\/div>\n<p><script data-cfasync=\"false\">\n    !function (f, b, e, v, n, t, s) {\n        if (f.fbq) return; n = f.fbq = function () {\n            n.callMethod ?\n                n.callMethod.apply(n, arguments) : n.queue.push(arguments)\n        };\n        if (!f._fbq) f._fbq = n; n.push = n; n.loaded = !0; n.version = '2.0';\n        n.queue = []; t = b.createElement(e); t.async = !0;\n        t.src = v; s = b.getElementsByTagName(e)[0];\n        s.parentNode.insertBefore(t, s)\n    }(window, document, 'script',\n        'https:\/\/connect.facebook.net\/en_US\/fbevents.js');\n    fbq('init', '522546078623747');\n    fbq('track', 'PageView');\n<\/script><br \/>\n<br \/><br \/>\n<br \/><a href=\"https:\/\/www.agrolink.com.br\/noticias\/milho-recua-na-b3-e-em-chicago_503507.html\">Source link <\/a><\/p>\n","protected":false},"excerpt":{"rendered":"<p>Os contratos futuros de milho encerraram a ter\u00e7a-feira (1\u00ba) em baixa na B3, refletindo a press\u00e3o de uma poss\u00edvel supersafra<\/p>\n","protected":false},"author":1,"featured_media":2361,"comment_status":"open","ping_status":"open","sticky":false,"template":"","format":"standard","meta":{"_monsterinsights_skip_tracking":false,"_monsterinsights_sitenote_active":false,"_monsterinsights_sitenote_note":"","_monsterinsights_sitenote_category":0,"_uf_show_specific_survey":0,"_uf_disable_surveys":false,"footnotes":""},"categories":[8,1,14],"tags":[],"class_list":["post-16130","post","type-post","status-publish","format-standard","has-post-thumbnail","hentry","category-agro","category-news","category-politica-agro"],"_links":{"self":[{"href":"https:\/\/agromt.news\/index.php?rest_route=\/wp\/v2\/posts\/16130"}],"collection":[{"href":"https:\/\/agromt.news\/index.php?rest_route=\/wp\/v2\/posts"}],"about":[{"href":"https:\/\/agromt.news\/index.php?rest_route=\/wp\/v2\/types\/post"}],"author":[{"embeddable":true,"href":"https:\/\/agromt.news\/index.php?rest_route=\/wp\/v2\/users\/1"}],"replies":[{"embeddable":true,"href":"https:\/\/agromt.news\/index.php?rest_route=%2Fwp%2Fv2%2Fcomments&post=16130"}],"version-history":[{"count":0,"href":"https:\/\/agromt.news\/index.php?rest_route=\/wp\/v2\/posts\/16130\/revisions"}],"wp:featuredmedia":[{"embeddable":true,"href":"https:\/\/agromt.news\/index.php?rest_route=\/wp\/v2\/media\/2361"}],"wp:attachment":[{"href":"https:\/\/agromt.news\/index.php?rest_route=%2Fwp%2Fv2%2Fmedia&parent=16130"}],"wp:term":[{"taxonomy":"category","embeddable":true,"href":"https:\/\/agromt.news\/index.php?rest_route=%2Fwp%2Fv2%2Fcategories&post=16130"},{"taxonomy":"post_tag","embeddable":true,"href":"https:\/\/agromt.news\/index.php?rest_route=%2Fwp%2Fv2%2Ftags&post=16130"}],"curies":[{"name":"wp","href":"https:\/\/api.w.org\/{rel}","templated":true}]}}