{"id":16127,"date":"2025-07-03T16:33:52","date_gmt":"2025-07-03T20:33:52","guid":{"rendered":"https:\/\/agromt.news\/?p=16127"},"modified":"2025-07-03T16:33:52","modified_gmt":"2025-07-03T20:33:52","slug":"onda-de-frio-saiba-quando-ela-termina","status":"publish","type":"post","link":"https:\/\/agromt.news\/?p=16127","title":{"rendered":"Onda de frio: saiba quando ela termina"},"content":{"rendered":"<p> <br \/>\n<br \/><img decoding=\"async\" src=\"https:\/\/agromt.news\/wp-content\/uploads\/2025\/04\/Quando-o-frio-vai-chegar-de-novo-Climatempo-responde.jpg\" \/><\/p>\n<div>\n<p>A quarta onda de frio de 2025 trouxe temperaturas de at\u00e9 -10 \u00b0C na Serra Catarinense nesta semana, marcando o auge do inverno brasileiro. Apesar da intensidade do frio, a \u00e1rea de alta press\u00e3o que provocou geadas em grande parte da regi\u00e3o Sul come\u00e7a a se deslocar para o oceano, reduzindo gradativamente os impactos sobre as lavouras e propriedades rurais.<\/p>\n<div data-icp-cta=\"1\" id=\"icp-cta-unique\">Voc\u00ea quer entender como usar o clima a seu favor?<b> <\/b><a href=\"https:\/\/climacampo.canalrural.com.br\/climacampo_-01\">Preparamos um e-book exclusivo<\/a> para ajudar produtores rurais a se antecipar \u00e0s mudan\u00e7as do tempo e planejar melhor suas a\u00e7\u00f5es. Com base em previs\u00f5es meteorol\u00f3gicas confi\u00e1veis, ele oferece orienta\u00e7\u00f5es pr\u00e1ticas para proteger sua lavoura e otimizar seus resultados.<\/div>\n<p>Nesta quinta-feira (3), no entanto, v\u00e1rias cidades ga\u00fachas ainda amanheceram com temperaturas abaixo de zero. Em Dom Pedrito, os term\u00f4metros marcaram -1,5\u00b0C; em Jaguar\u00e3o, -1,3\u00b0C; e em Bag\u00e9, -0,4\u00b0C. Para esta sexta-feira, a previs\u00e3o indica m\u00ednimas de 5\u00b0C no sul do Rio Grande do Sul, 11\u00b0C na cidade de S\u00e3o Paulo e 16\u00b0C em Mato Grosso, mantendo o desconforto t\u00e9rmico, especialmente para a pecu\u00e1ria, mas sem previs\u00e3o de temperaturas negativas.<\/p>\n<figure class=\"wp-block-embed is-type-video is-provider-youtube wp-block-embed-youtube wp-embed-aspect-16-9 wp-has-aspect-ratio\">\n<p>\n<iframe title=\"Quarta onda de frio no Brasil perde for\u00e7a; saiba quando\" width=\"800\" height=\"450\" src=\"https:\/\/www.youtube.com\/embed\/9kz8SHxkA18?feature=oembed\" frameborder=\"0\" allow=\"accelerometer; autoplay; clipboard-write; encrypted-media; gyroscope; picture-in-picture; web-share\" referrerpolicy=\"strict-origin-when-cross-origin\" allowfullscreen><\/iframe><noscript><iframe title=\"Quarta onda de frio no Brasil perde for\u00e7a; saiba quando\" width=\"800\" height=\"450\" src=\"https:\/\/www.youtube.com\/embed\/9kz8SHxkA18?feature=oembed\" frameborder=\"0\" allow=\"accelerometer; autoplay; clipboard-write; encrypted-media; gyroscope; picture-in-picture; web-share\" referrerpolicy=\"strict-origin-when-cross-origin\" allowfullscreen><\/iframe><\/noscript>\n<\/p>\n<\/figure>\n<p>No Sudeste, o tempo gelado d\u00e1 lugar a uma leve eleva\u00e7\u00e3o de temperaturas. Em S\u00e3o Paulo, a sexta-feira (4) deve ter m\u00e1xima de 21\u00b0C, ap\u00f3s uma tarde gelada nesta quinta. Em Dourados (MS), a previs\u00e3o indica m\u00ednima de 12\u00b0C e m\u00e1xima de 22\u00b0C na sexta-feira, subindo gradualmente para m\u00e1ximas de 24\u00b0C no s\u00e1bado (5) e 25\u00b0C no domingo (6).<\/p>\n<\/div>\n<div>\n<p>Na regi\u00e3o Norte, as chuvas continuam intensas. Em Bel\u00e9m (PA), s\u00e3o esperados acumulados de at\u00e9 126 mm nos pr\u00f3ximos dias. Mesmo sem El Ni\u00f1o ou La Ni\u00f1a, a neutralidade clim\u00e1tica favorece incurs\u00f5es de massas de ar polar, trazendo um inverno com caracter\u00edsticas t\u00edpicas, diferente dos \u00faltimos dois anos, que registraram temperaturas acima da m\u00e9dia hist\u00f3rica.<\/p>\n<p>O tempo seco predomina em grande parte do Brasil central, incluindo Centro-Oeste, interior do Sudeste e Sul, o que deve beneficiar regi\u00f5es que sofreram com excesso de chuvas e solos encharcados no primeiro semestre. Na Serra Catarinense, que registrou os -10 \u00b0C nesta semana, a previs\u00e3o para os pr\u00f3ximos dias indica m\u00ednimas entre 3 \u00b0C e 4 \u00b0C e m\u00e1ximas que podem chegar a 14 \u00b0C, reduzindo o risco de geadas generalizadas.<\/p>\n<p>Para o litoral do Nordeste, h\u00e1 previs\u00e3o de chuvas fracas e passageiras, enquanto no restante do pa\u00eds o tempo aberto deve predominar. Segundo a <strong><a href=\"https:\/\/www.canalrural.com.br\/autor\/climatempo\/\">Climatempo<\/a><\/strong>, julho tende a registrar volumes de chuva abaixo da m\u00e9dia no Sul do Brasil, consolidando um cen\u00e1rio mais seco nos pr\u00f3ximos dias.<\/p>\n<\/p><\/div>\n<p><br \/>\n<br \/><a href=\"https:\/\/www.canalrural.com.br\/tempo\/onda-de-frio-saiba-quando-ela-termina\/\">Source link <\/a><\/p>\n","protected":false},"excerpt":{"rendered":"<p>A quarta onda de frio de 2025 trouxe temperaturas de at\u00e9 -10 \u00b0C na Serra Catarinense nesta semana, marcando o<\/p>\n","protected":false},"author":1,"featured_media":12334,"comment_status":"open","ping_status":"open","sticky":false,"template":"","format":"standard","meta":{"_monsterinsights_skip_tracking":false,"_monsterinsights_sitenote_active":false,"_monsterinsights_sitenote_note":"","_monsterinsights_sitenote_category":0,"_uf_show_specific_survey":0,"_uf_disable_surveys":false,"footnotes":""},"categories":[1],"tags":[],"class_list":["post-16127","post","type-post","status-publish","format-standard","has-post-thumbnail","hentry","category-news"],"_links":{"self":[{"href":"https:\/\/agromt.news\/index.php?rest_route=\/wp\/v2\/posts\/16127"}],"collection":[{"href":"https:\/\/agromt.news\/index.php?rest_route=\/wp\/v2\/posts"}],"about":[{"href":"https:\/\/agromt.news\/index.php?rest_route=\/wp\/v2\/types\/post"}],"author":[{"embeddable":true,"href":"https:\/\/agromt.news\/index.php?rest_route=\/wp\/v2\/users\/1"}],"replies":[{"embeddable":true,"href":"https:\/\/agromt.news\/index.php?rest_route=%2Fwp%2Fv2%2Fcomments&post=16127"}],"version-history":[{"count":0,"href":"https:\/\/agromt.news\/index.php?rest_route=\/wp\/v2\/posts\/16127\/revisions"}],"wp:featuredmedia":[{"embeddable":true,"href":"https:\/\/agromt.news\/index.php?rest_route=\/wp\/v2\/media\/12334"}],"wp:attachment":[{"href":"https:\/\/agromt.news\/index.php?rest_route=%2Fwp%2Fv2%2Fmedia&parent=16127"}],"wp:term":[{"taxonomy":"category","embeddable":true,"href":"https:\/\/agromt.news\/index.php?rest_route=%2Fwp%2Fv2%2Fcategories&post=16127"},{"taxonomy":"post_tag","embeddable":true,"href":"https:\/\/agromt.news\/index.php?rest_route=%2Fwp%2Fv2%2Ftags&post=16127"}],"curies":[{"name":"wp","href":"https:\/\/api.w.org\/{rel}","templated":true}]}}