{"id":16118,"date":"2025-07-03T13:55:59","date_gmt":"2025-07-03T17:55:59","guid":{"rendered":"https:\/\/agromt.news\/?p=16118"},"modified":"2025-07-03T13:55:59","modified_gmt":"2025-07-03T17:55:59","slug":"brasil-assume-mercosul-com-proposta-de-mais-integracao-regional","status":"publish","type":"post","link":"https:\/\/agromt.news\/?p=16118","title":{"rendered":"Brasil assume Mercosul com proposta de mais integra\u00e7\u00e3o regional"},"content":{"rendered":"<p> <br \/>\n<\/p>\n<div>\n<p>Amplia\u00e7\u00e3o comercial, promo\u00e7\u00e3o da transi\u00e7\u00e3o energ\u00e9tica, desenvolvimento tecnol\u00f3gico, combate ao crime organizado e enfrentamento das desigualdades sociais. Essas s\u00e3o as cinco prioridades para a pr\u00f3xima presid\u00eancia do Mercosul, que ser\u00e1 exercida pelo Brasil no segundo semestre deste ano.<\/p>\n<p>As pautas foram apresentadas pelo presidente Luiz In\u00e1cio Lula da Silva, nesta quinta-feira (3), durante a 66\u00aa C\u00fapula do Mercosul, em Buenos Aires, na Argentina, quando recebeu a coordena\u00e7\u00e3o do bloco sul-americano do presidente argentino, <strong><a href=\"http:\/\/www.canalrural.com.br\/tag\/javier-milei\/\">Javier Milei<\/a><\/strong>.<\/p>\n<p>O encontro re\u00fane os l\u00edderes dos pa\u00edses-membros Argentina, Brasil, Paraguai e Uruguai, al\u00e9m da Bol\u00edvia, que est\u00e1 em processo de ades\u00e3o, e pa\u00edses associados, para discutir temas priorit\u00e1rios do bloco.<\/p>\n<p>A presid\u00eancia brasileira tamb\u00e9m buscar\u00e1 o fortalecimento da Tarifa Externa Comum (TEC), a incorpora\u00e7\u00e3o dos setores automotivo e a\u00e7ucareiro ao regime comercial do bloco, al\u00e9m do fortalecimento dos mecanismos de financiamento de infraestrutura e desenvolvimento regional.<\/p>\n<figure class=\"wp-block-image size-large\"><img fetchpriority=\"high\" decoding=\"async\" width=\"1024\" height=\"613\" alt=\"presidentes do Mercosul. Ricardo Stuckert\/PR\" class=\"wp-image-4108339\"  data-lazy- src=\"https:\/\/agromt.news\/wp-content\/uploads\/2025\/07\/Brasil-assume-Mercosul-com-proposta-de-mais-integracao-regional.webp.webp\"\/><img decoding=\"async\" width=\"1024\" height=\"613\" src=\"https:\/\/agromt.news\/wp-content\/uploads\/2025\/07\/Brasil-assume-Mercosul-com-proposta-de-mais-integracao-regional.webp.webp\" alt=\"presidentes do Mercosul. Ricardo Stuckert\/PR\" class=\"wp-image-4108339\"  \/><figcaption class=\"wp-element-caption\"><em>Ricardo Stuckert\/PR<\/em><\/figcaption><\/figure>\n<blockquote class=\"wp-block-quote is-layout-flow wp-block-quote-is-layout-flow\">\n<blockquote class=\"wp-block-quote is-layout-flow wp-block-quote-is-layout-flow\"\/><\/blockquote>\n<p>Em seu discurso, o presidente brasileiro defendeu a moderniza\u00e7\u00e3o do sistema de pagamento em moedas locais para facilitar as transa\u00e7\u00f5es digitais.<\/p>\n<\/div>\n<div>\n<p>Para Lula, o Mercosul \u00e9 um ref\u00fagio para os pa\u00edses da regi\u00e3o, diante de um mundo \u201cinst\u00e1vel e amea\u00e7ador\u201d.<\/p>\n<p>\u201cAo longo de mais de tr\u00eas d\u00e9cadas, erguemos uma casa com bases s\u00f3lidas, capaz de resistir \u00e0 for\u00e7a das intemp\u00e9ries. Conseguimos criar uma rede de acordos que se estendeu aos Estados associados. Toda a Am\u00e9rica do Sul se tornou uma \u00e1rea de livre com\u00e9rcio, baseada em regras claras e equilibradas\u201d, afirmou.<\/p>\n<p>\u201cEstar no Mercosul nos protege. Nossa Tarifa Externa Comum nos blinda contra guerras comerciais alheias. Nossa robustez institucional nos credencia perante o mundo como parceiros confi\u00e1veis. Enfrentaremos o desafio de resguardar nosso espa\u00e7o de autonomia em um contexto cada vez mais polarizado\u201d, acrescentou.<\/p>\n<p>Entre os acordos firmados durante a presid\u00eancia da Argentina no Mercosul, entretanto, est\u00e1 a flexibiliza\u00e7\u00e3o dos produtos que podem ficar fora da tarifa comum do bloco. A nova exce\u00e7\u00e3o amplia em 50 o n\u00famero de c\u00f3digos tarif\u00e1rios de produtos que poder\u00e3o ter a cobran\u00e7a de TEC flexibilizada, de acordo com a conveni\u00eancia de cada pa\u00eds.<\/p>\n<p>A TEC \u00e9 uma tarifa unificada adotada pelo Mercosul sobre produtos importados de outros mercados, uma forma de estimular e promover o com\u00e9rcio entre os pa\u00edses do bloco. Est\u00e1 em vigor desde os primeiros anos de cria\u00e7\u00e3o do bloco, em meados dos anos 1990. A aprova\u00e7\u00e3o representa uma concess\u00e3o do governo brasileiro a um pedido da Argentina e melhora a capacidade de rea\u00e7\u00e3o do Mercosul a distor\u00e7\u00f5es comerciais criadas por barreiras ou por pr\u00e1ticas n\u00e3o autorizadas pela Organiza\u00e7\u00e3o Mundial do Com\u00e9rcio (OMC).<\/p>\n<\/p><\/div>\n<p><br \/>\n<br \/><a href=\"https:\/\/www.canalrural.com.br\/politica\/brasil-assume-mercosul-com-proposta-de-mais-integracao-regional\/\">Source link <\/a><\/p>\n","protected":false},"excerpt":{"rendered":"<p>Amplia\u00e7\u00e3o comercial, promo\u00e7\u00e3o da transi\u00e7\u00e3o energ\u00e9tica, desenvolvimento tecnol\u00f3gico, combate ao crime organizado e enfrentamento das desigualdades sociais. Essas s\u00e3o as<\/p>\n","protected":false},"author":1,"featured_media":16119,"comment_status":"open","ping_status":"open","sticky":false,"template":"","format":"standard","meta":{"_monsterinsights_skip_tracking":false,"_monsterinsights_sitenote_active":false,"_monsterinsights_sitenote_note":"","_monsterinsights_sitenote_category":0,"_uf_show_specific_survey":0,"_uf_disable_surveys":false,"footnotes":""},"categories":[1],"tags":[],"class_list":["post-16118","post","type-post","status-publish","format-standard","has-post-thumbnail","hentry","category-news"],"_links":{"self":[{"href":"https:\/\/agromt.news\/index.php?rest_route=\/wp\/v2\/posts\/16118"}],"collection":[{"href":"https:\/\/agromt.news\/index.php?rest_route=\/wp\/v2\/posts"}],"about":[{"href":"https:\/\/agromt.news\/index.php?rest_route=\/wp\/v2\/types\/post"}],"author":[{"embeddable":true,"href":"https:\/\/agromt.news\/index.php?rest_route=\/wp\/v2\/users\/1"}],"replies":[{"embeddable":true,"href":"https:\/\/agromt.news\/index.php?rest_route=%2Fwp%2Fv2%2Fcomments&post=16118"}],"version-history":[{"count":0,"href":"https:\/\/agromt.news\/index.php?rest_route=\/wp\/v2\/posts\/16118\/revisions"}],"wp:featuredmedia":[{"embeddable":true,"href":"https:\/\/agromt.news\/index.php?rest_route=\/wp\/v2\/media\/16119"}],"wp:attachment":[{"href":"https:\/\/agromt.news\/index.php?rest_route=%2Fwp%2Fv2%2Fmedia&parent=16118"}],"wp:term":[{"taxonomy":"category","embeddable":true,"href":"https:\/\/agromt.news\/index.php?rest_route=%2Fwp%2Fv2%2Fcategories&post=16118"},{"taxonomy":"post_tag","embeddable":true,"href":"https:\/\/agromt.news\/index.php?rest_route=%2Fwp%2Fv2%2Ftags&post=16118"}],"curies":[{"name":"wp","href":"https:\/\/api.w.org\/{rel}","templated":true}]}}