{"id":16117,"date":"2025-07-03T13:40:54","date_gmt":"2025-07-03T17:40:54","guid":{"rendered":"https:\/\/agromt.news\/?p=16117"},"modified":"2025-07-03T13:40:54","modified_gmt":"2025-07-03T17:40:54","slug":"plano-safra-esta-longe-de-atender-as-necessidades-do-setor-afirma-presidente-da-aprosoja-brasil","status":"publish","type":"post","link":"https:\/\/agromt.news\/?p=16117","title":{"rendered":"&#8216;Plano Safra est\u00e1 longe de atender \u00e0s necessidades do setor&#8217;, afirma presidente da Aprosoja Brasil"},"content":{"rendered":"<p> <br \/>\n<br \/><img decoding=\"async\" src=\"https:\/\/agromt.news\/wp-content\/uploads\/2024\/10\/real_moeda_020120a84t47665209.jpg\" \/><\/p>\n<div>\n<p>O Plano Safra 2025\/2026, <a href=\"https:\/\/www.canalrural.com.br\/agricultura\/projeto-soja-brasil\/plano-safra-juros-altos-elevam-custo-de-soja-e-desafiam-produtores-aponta-consultor\/\">anunciado <\/a>pelo governo federal na ter\u00e7a-feira (1\u00ba), ser\u00e1 lembrado como o mais caro da hist\u00f3ria para o setor do agro. A avalia\u00e7\u00e3o \u00e9 da Associa\u00e7\u00e3o Brasileira dos Produtores de Soja (<a href=\"https:\/\/aprosojabrasil.com.br\/\">Aprosoja Brasil<\/a>), que, por meio de seu presidente, criticou duramente o aumento das taxas de juros e o corte de recursos estrat\u00e9gicos, como os destinados \u00e0 equaliza\u00e7\u00e3o de taxas e \u00e0 subven\u00e7\u00e3o do Seguro Rural.<\/p>\n<ul class=\"wp-block-list\">\n<li><strong><em>Fique por dentro das novidades e not\u00edcias recentes sobre a soja! Participe da nossa comunidade atrav\u00e9s do\u00a0<a href=\"https:\/\/chat.whatsapp.com\/BmMRwA0TZ2DHGyhzoaVEWu\">link<\/a><\/em><\/strong>!<\/li>\n<\/ul>\n<p>As taxas de juros subiram. No custeio para produtores m\u00e9dios (Pronamp), os juros passaram de 8% para 10% ao ano. Para os grandes produtores, a taxa subiu de 12% para 14%. J\u00e1 nos financiamentos para investimentos, os produtores m\u00e9dios enfrentar\u00e3o taxas entre 8,5% e 12,5%, enquanto os demais ter\u00e3o juros de at\u00e9 13,5% ao ano.<\/p>\n<p>Outro ponto sens\u00edvel, segundo a Aprosoja, foi a redu\u00e7\u00e3o no apoio do governo para equalizar os juros \u2013 recurso que cobre a diferen\u00e7a entre os juros de mercado e as taxas subsidiadas pelo plano. O valor destinado caiu 32%, de R$ 5,6 bilh\u00f5es no ciclo anterior para R$ 3,9 bilh\u00f5es. Com a taxa Selic em 15%, o Brasil passa a ter um dos financiamentos agr\u00edcolas mais caros do mundo.<\/p>\n<\/div>\n<div>\n<p>Al\u00e9m disso, o Seguro Rural, que protege produtores de perdas causadas por eventos clim\u00e1ticos e outros fatores imprevis\u00edveis, tamb\u00e9m foi alvo de cortes. Do or\u00e7amento de R$ 1,06 bilh\u00e3o aprovado para 2025, o governo bloqueou R$ 445 milh\u00f5es, uma redu\u00e7\u00e3o de 42%.<\/p>\n<p>Para Maur\u00edcio Buffon, presidente da Aprosoja Brasil, o novo Plano Safra est\u00e1 longe de atender \u00e0s necessidades do setor. \u201cNunca se viu um Plano Safra t\u00e3o aqu\u00e9m do que o setor esperava\u201d, afirmou. \u201cParte dos produtores est\u00e1 endividada, outros no limite. E uma das ferramentas que poderia socorrer o setor, o Seguro Rural, teve seus recursos drasticamente reduzidos.\u201d<\/p>\n<p>Buffon alerta ainda que os cortes nos recursos para investimento ter\u00e3o efeitos em cadeia. \u201cMenos investimentos significam menor produtividade e, consequentemente, menos alimentos nos supermercados. A conta que hoje est\u00e1 com o produtor, amanh\u00e3 ser\u00e1 paga pela popula\u00e7\u00e3o, com infla\u00e7\u00e3o nos alimentos.\u201d<\/p>\n<p>Segundo ele, o atual cen\u00e1rio \u00e9 reflexo direto da pol\u00edtica econ\u00f4mica do governo. \u201cCom a falta de uma pol\u00edtica fiscal ajustada \u00e0 realidade do pa\u00eds, chegamos a esta Selic de 15%, o que compromete os recursos e sua aplica\u00e7\u00e3o eficiente para apoiar a agropecu\u00e1ria. Infelizmente, o agricultor est\u00e1 colhendo o que o governo plantou.\u201d<\/p>\n<\/p><\/div>\n<p><br \/>\n<br \/><a href=\"https:\/\/www.canalrural.com.br\/agricultura\/projeto-soja-brasil\/plano-safra-esta-longe-de-atender-as-necessidades-do-setor-afirma-presidente-da-aprosoja-brasil\/\">Source link <\/a><\/p>\n","protected":false},"excerpt":{"rendered":"<p>O Plano Safra 2025\/2026, anunciado pelo governo federal na ter\u00e7a-feira (1\u00ba), ser\u00e1 lembrado como o mais caro da hist\u00f3ria para<\/p>\n","protected":false},"author":1,"featured_media":3687,"comment_status":"open","ping_status":"open","sticky":false,"template":"","format":"standard","meta":{"_monsterinsights_skip_tracking":false,"_monsterinsights_sitenote_active":false,"_monsterinsights_sitenote_note":"","_monsterinsights_sitenote_category":0,"_uf_show_specific_survey":0,"_uf_disable_surveys":false,"footnotes":""},"categories":[1],"tags":[],"class_list":["post-16117","post","type-post","status-publish","format-standard","has-post-thumbnail","hentry","category-news"],"_links":{"self":[{"href":"https:\/\/agromt.news\/index.php?rest_route=\/wp\/v2\/posts\/16117"}],"collection":[{"href":"https:\/\/agromt.news\/index.php?rest_route=\/wp\/v2\/posts"}],"about":[{"href":"https:\/\/agromt.news\/index.php?rest_route=\/wp\/v2\/types\/post"}],"author":[{"embeddable":true,"href":"https:\/\/agromt.news\/index.php?rest_route=\/wp\/v2\/users\/1"}],"replies":[{"embeddable":true,"href":"https:\/\/agromt.news\/index.php?rest_route=%2Fwp%2Fv2%2Fcomments&post=16117"}],"version-history":[{"count":0,"href":"https:\/\/agromt.news\/index.php?rest_route=\/wp\/v2\/posts\/16117\/revisions"}],"wp:featuredmedia":[{"embeddable":true,"href":"https:\/\/agromt.news\/index.php?rest_route=\/wp\/v2\/media\/3687"}],"wp:attachment":[{"href":"https:\/\/agromt.news\/index.php?rest_route=%2Fwp%2Fv2%2Fmedia&parent=16117"}],"wp:term":[{"taxonomy":"category","embeddable":true,"href":"https:\/\/agromt.news\/index.php?rest_route=%2Fwp%2Fv2%2Fcategories&post=16117"},{"taxonomy":"post_tag","embeddable":true,"href":"https:\/\/agromt.news\/index.php?rest_route=%2Fwp%2Fv2%2Ftags&post=16117"}],"curies":[{"name":"wp","href":"https:\/\/api.w.org\/{rel}","templated":true}]}}