{"id":16116,"date":"2025-07-03T13:09:52","date_gmt":"2025-07-03T17:09:52","guid":{"rendered":"https:\/\/agromt.news\/?p=16116"},"modified":"2025-07-03T13:09:52","modified_gmt":"2025-07-03T17:09:52","slug":"trigo-segue-pressionado-no-sul-mercado-lateralizado","status":"publish","type":"post","link":"https:\/\/agromt.news\/?p=16116","title":{"rendered":"Trigo segue pressionado no Sul: mercado lateralizado"},"content":{"rendered":"<p> <br \/>\n<\/p>\n<div>\n<p>O mercado de <a href=\"https:\/\/www.agrolink.com.br\/culturas\/trigo\/?utm_source=agrolink-detalhe-noticia&amp;utm_medium=detalhe-noticia&amp;utm_campaign=links-internos\" target=\"_blank\" rel=\"noopener\">trigo<\/a> no Sul do Brasil continua apresentando pouca movimenta\u00e7\u00e3o, com queda nos pre\u00e7os e retra\u00e7\u00e3o nas compras. Segundo informa\u00e7\u00f5es da TF Agroecon\u00f4mica, os registros do CEPEA apontam recuo nos valores da safra velha tanto no Rio Grande do Sul quanto no Paran\u00e1 \u2014 algo incomum para esta \u00e9poca do ano. A press\u00e3o vem da baixa demanda, da valoriza\u00e7\u00e3o do real frente ao d\u00f3lar, da queda nos pre\u00e7os do <a href=\"https:\/\/www.agrolink.com.br\/culturas\/trigo\/?utm_source=agrolink-detalhe-noticia&amp;utm_medium=detalhe-noticia&amp;utm_campaign=links-internos\" target=\"_blank\" rel=\"noopener\">trigo<\/a> argentino e do aumento dos estoques, o que reduz a margem dos moinhos.&#13;\n<\/p>\n<p>No Rio Grande do Sul, o plantio da safra 2025 segue lento, estagnado em aproximadamente 40% da \u00e1rea estimada, que n\u00e3o deve ultrapassar 1 milh\u00e3o de hectares. As chuvas frequentes continuam dificultando o avan\u00e7o dos trabalhos. No mercado internacional, o pre\u00e7o de exporta\u00e7\u00e3o do trigo tipo BRL 12% recuou para US\\$ 226, equivalendo a R\\$ 1.277,00 com o c\u00e2mbio atual, mas os moinhos seguem fora das negocia\u00e7\u00f5es. J\u00e1 no mercado interno, o pre\u00e7o da saca em Panambi se manteve em R\\$ 70,00.<\/p>\n<p>Em Santa Catarina, o ritmo de moagem e compras segue fraco, apesar da boa oferta, especialmente de trigo ga\u00facho. Os pre\u00e7os da safra velha variaram entre R\\$ 1.330 e R\\$ 1.500 por tonelada, conforme o tipo e a origem do produto. Segundo um moinho local, h\u00e1 cautela na reposi\u00e7\u00e3o dos estoques. Para a safra nova, n\u00e3o h\u00e1 ofertas no momento, e os sementeiros relatam uma queda de 20% nas vendas de sementes em rela\u00e7\u00e3o ao ano anterior. A Conab projeta uma redu\u00e7\u00e3o de 6,3% na produ\u00e7\u00e3o estadual, apesar de uma ligeira expans\u00e3o da \u00e1rea plantada.&#13;\n<\/p>\n<p>Os pre\u00e7os pagos ao produtor catarinense seguem praticamente est\u00e1veis, com valores oscilando entre R\\$ 76,00 e R\\$ 79,00 por saca nas principais pra\u00e7as. Canoinhas registrou R\\$ 78,00, Joa\u00e7aba manteve-se em R\\$ 76,00, e Xanxer\u00ea teve recuo de R\\$ 1,00, fechando em R\\$ 79,00. O cen\u00e1rio \u00e9 de cautela, com expectativa por melhoria nas condi\u00e7\u00f5es clim\u00e1ticas e por uma retomada da demanda nas pr\u00f3ximas semanas.<br \/>&#13;<br \/>\n\u00a0<\/p>\n<\/p><\/div>\n<p><script data-cfasync=\"false\">\n    !function (f, b, e, v, n, t, s) {\n        if (f.fbq) return; n = f.fbq = function () {\n            n.callMethod ?\n                n.callMethod.apply(n, arguments) : n.queue.push(arguments)\n        };\n        if (!f._fbq) f._fbq = n; n.push = n; n.loaded = !0; n.version = '2.0';\n        n.queue = []; t = b.createElement(e); t.async = !0;\n        t.src = v; s = b.getElementsByTagName(e)[0];\n        s.parentNode.insertBefore(t, s)\n    }(window, document, 'script',\n        'https:\/\/connect.facebook.net\/en_US\/fbevents.js');\n    fbq('init', '522546078623747');\n    fbq('track', 'PageView');\n<\/script><br \/>\n<br \/><br \/>\n<br \/><a href=\"https:\/\/www.agrolink.com.br\/noticias\/trigo-segue-pressionado-no-sul--mercado-lateralizado_503509.html\">Source link <\/a><\/p>\n","protected":false},"excerpt":{"rendered":"<p>O mercado de trigo no Sul do Brasil continua apresentando pouca movimenta\u00e7\u00e3o, com queda nos pre\u00e7os e retra\u00e7\u00e3o nas compras.<\/p>\n","protected":false},"author":1,"featured_media":5061,"comment_status":"open","ping_status":"open","sticky":false,"template":"","format":"standard","meta":{"_monsterinsights_skip_tracking":false,"_monsterinsights_sitenote_active":false,"_monsterinsights_sitenote_note":"","_monsterinsights_sitenote_category":0,"_uf_show_specific_survey":0,"_uf_disable_surveys":false,"footnotes":""},"categories":[8,1,14],"tags":[],"class_list":["post-16116","post","type-post","status-publish","format-standard","has-post-thumbnail","hentry","category-agro","category-news","category-politica-agro"],"_links":{"self":[{"href":"https:\/\/agromt.news\/index.php?rest_route=\/wp\/v2\/posts\/16116"}],"collection":[{"href":"https:\/\/agromt.news\/index.php?rest_route=\/wp\/v2\/posts"}],"about":[{"href":"https:\/\/agromt.news\/index.php?rest_route=\/wp\/v2\/types\/post"}],"author":[{"embeddable":true,"href":"https:\/\/agromt.news\/index.php?rest_route=\/wp\/v2\/users\/1"}],"replies":[{"embeddable":true,"href":"https:\/\/agromt.news\/index.php?rest_route=%2Fwp%2Fv2%2Fcomments&post=16116"}],"version-history":[{"count":0,"href":"https:\/\/agromt.news\/index.php?rest_route=\/wp\/v2\/posts\/16116\/revisions"}],"wp:featuredmedia":[{"embeddable":true,"href":"https:\/\/agromt.news\/index.php?rest_route=\/wp\/v2\/media\/5061"}],"wp:attachment":[{"href":"https:\/\/agromt.news\/index.php?rest_route=%2Fwp%2Fv2%2Fmedia&parent=16116"}],"wp:term":[{"taxonomy":"category","embeddable":true,"href":"https:\/\/agromt.news\/index.php?rest_route=%2Fwp%2Fv2%2Fcategories&post=16116"},{"taxonomy":"post_tag","embeddable":true,"href":"https:\/\/agromt.news\/index.php?rest_route=%2Fwp%2Fv2%2Ftags&post=16116"}],"curies":[{"name":"wp","href":"https:\/\/api.w.org\/{rel}","templated":true}]}}