{"id":16109,"date":"2025-07-03T11:44:42","date_gmt":"2025-07-03T15:44:42","guid":{"rendered":"https:\/\/agromt.news\/?p=16109"},"modified":"2025-07-03T11:44:42","modified_gmt":"2025-07-03T15:44:42","slug":"selic-a-15-e-inadmissivel-diz-carlos-favaro","status":"publish","type":"post","link":"https:\/\/agromt.news\/?p=16109","title":{"rendered":"Selic a 15% \u00e9 &#8216;inadmiss\u00edvel&#8217;, diz Carlos F\u00e1varo"},"content":{"rendered":"<p> <br \/>\n<br \/><img decoding=\"async\" src=\"https:\/\/agromt.news\/wp-content\/uploads\/2025\/07\/Selic-a-15-e-inadmissivel-diz-Carlos-Favaro.webp.webp\" \/><\/p>\n<div>\n<p>Ao comentar os resultados do <strong><a href=\"http:\/\/www.canalrural.com.br\/tag\/plano-safra\/\">Plano Safra 2025\/2026<\/a><\/strong>, o ministro da Agricultura e Pecu\u00e1ria, Carlos F\u00e1varo, disse, nesta quinta-feira (3), que o valor atual da taxa Selic, de 15%, \u00e9 \u201cinadmiss\u00edvel\u201d. \u201cUm momento muito dif\u00edcil pra fazer um Plano Safra dessa magnitude\u201d.<\/p>\n<p>\u201cNa minha avalia\u00e7\u00e3o, n\u00e3o sou economista, mas sou um cidad\u00e3o que vive o dia a dia, e at\u00e9 como empres\u00e1rio, \u00e9 inadmiss\u00edvel essa Selic a 15%. Temos uma infla\u00e7\u00e3o controlada, um Brasil crescendo pelo terceiro ano seguido na ordem de 3% ao ano, a renda da popula\u00e7\u00e3o crescendo, o desemprego caindo, a balan\u00e7a comercial com excedentes como nunca teve na hist\u00f3ria.\u201d<\/p>\n<p>\u201cQual a justificativa plaus\u00edvel? Eu n\u00e3o consigo achar, com todo o respeito ao [presidente do Banco Central, Gabriel] Gal\u00edpolo e toda a diretoria do Banco Central. 15% de Selic? Isso dificulta a forma\u00e7\u00e3o da equaliza\u00e7\u00e3o de um Plano Safra\u201d, completou.<\/p>\n<\/div>\n<div>\n<p>Ao participar de entrevista a emissoras de r\u00e1dio durante o programa <em>Bom Dia, Ministro<\/em>, F\u00e1varo lembrou que, com Selic a 15%, op\u00e7\u00f5es como a poupan\u00e7a rural deixam de ser atrativas.<\/p>\n<blockquote class=\"wp-block-quote is-layout-flow wp-block-quote-is-layout-flow\">\n<p>\u201cO fund (fundo), de onde vem boa parte do dinheiro, por exemplo, a poupan\u00e7a rural. A poupan\u00e7a remunera 6% ao ano. Ent\u00e3o, as pessoas saem da poupan\u00e7a e o Brasil vira um pa\u00eds de rentista\u201d.<\/p>\n<\/blockquote>\n<p>\u201cFalta fund, o juro \u00e9 caro, o or\u00e7amento est\u00e1 bastante restrito, bastante enxuto. Por isso, acho, foi muito relevante conseguir fazer um Plano Safra [da forma como foi elaborado]\u201d, concluiu o ministro.<\/p>\n<\/p><\/div>\n<p><br \/>\n<br \/><a href=\"https:\/\/www.canalrural.com.br\/economia\/selic-a-15-e-inadmissivel-diz-carlos-favaro\/\">Source link <\/a><\/p>\n","protected":false},"excerpt":{"rendered":"<p>Ao comentar os resultados do Plano Safra 2025\/2026, o ministro da Agricultura e Pecu\u00e1ria, Carlos F\u00e1varo, disse, nesta quinta-feira (3),<\/p>\n","protected":false},"author":1,"featured_media":16110,"comment_status":"open","ping_status":"open","sticky":false,"template":"","format":"standard","meta":{"_monsterinsights_skip_tracking":false,"_monsterinsights_sitenote_active":false,"_monsterinsights_sitenote_note":"","_monsterinsights_sitenote_category":0,"_uf_show_specific_survey":0,"_uf_disable_surveys":false,"footnotes":""},"categories":[1],"tags":[],"class_list":["post-16109","post","type-post","status-publish","format-standard","has-post-thumbnail","hentry","category-news"],"_links":{"self":[{"href":"https:\/\/agromt.news\/index.php?rest_route=\/wp\/v2\/posts\/16109"}],"collection":[{"href":"https:\/\/agromt.news\/index.php?rest_route=\/wp\/v2\/posts"}],"about":[{"href":"https:\/\/agromt.news\/index.php?rest_route=\/wp\/v2\/types\/post"}],"author":[{"embeddable":true,"href":"https:\/\/agromt.news\/index.php?rest_route=\/wp\/v2\/users\/1"}],"replies":[{"embeddable":true,"href":"https:\/\/agromt.news\/index.php?rest_route=%2Fwp%2Fv2%2Fcomments&post=16109"}],"version-history":[{"count":0,"href":"https:\/\/agromt.news\/index.php?rest_route=\/wp\/v2\/posts\/16109\/revisions"}],"wp:featuredmedia":[{"embeddable":true,"href":"https:\/\/agromt.news\/index.php?rest_route=\/wp\/v2\/media\/16110"}],"wp:attachment":[{"href":"https:\/\/agromt.news\/index.php?rest_route=%2Fwp%2Fv2%2Fmedia&parent=16109"}],"wp:term":[{"taxonomy":"category","embeddable":true,"href":"https:\/\/agromt.news\/index.php?rest_route=%2Fwp%2Fv2%2Fcategories&post=16109"},{"taxonomy":"post_tag","embeddable":true,"href":"https:\/\/agromt.news\/index.php?rest_route=%2Fwp%2Fv2%2Ftags&post=16109"}],"curies":[{"name":"wp","href":"https:\/\/api.w.org\/{rel}","templated":true}]}}