{"id":16102,"date":"2025-07-03T10:39:45","date_gmt":"2025-07-03T14:39:45","guid":{"rendered":"https:\/\/agromt.news\/?p=16102"},"modified":"2025-07-03T10:39:45","modified_gmt":"2025-07-03T14:39:45","slug":"seminario-debatera-o-papel-do-brasil-no-mercado-mundial-de-soja","status":"publish","type":"post","link":"https:\/\/agromt.news\/?p=16102","title":{"rendered":"Semin\u00e1rio debater\u00e1 o papel do Brasil no mercado mundial de soja"},"content":{"rendered":"<p> <br \/>\n<br \/><img decoding=\"async\" src=\"https:\/\/agromt.news\/wp-content\/uploads\/2024\/09\/Em-Santa-Maria-RS-inicio-da-semeadura-depende-da-melhora.jpeg\" \/><\/p>\n<div>\n<p>Est\u00e3o abertas as <a href=\"https:\/\/www.seminariodesafiosdasoja.com.br\/\">inscri\u00e7\u00f5es <\/a>gratuitas para o VII Semin\u00e1rio Desafios da Lideran\u00e7a Brasileira no Mercado Mundial de Soja, que ser\u00e1 realizado nos dias 19 e 20 de agosto de 2025, na sede da Embrapa Soja, em Londrina (PR). O encontro tem vagas limitadas e ser\u00e1 presencial.<\/p>\n<ul class=\"wp-block-list\">\n<li><strong><em>Fique por dentro das novidades e not\u00edcias recentes sobre a soja! Participe da nossa comunidade atrav\u00e9s do\u00a0<a href=\"https:\/\/chat.whatsapp.com\/BmMRwA0TZ2DHGyhzoaVEWu\">link<\/a><\/em><\/strong>!<\/li>\n<\/ul>\n<p>Promovido pela <a href=\"https:\/\/www.embrapa.br\/soja\">Embrapa Soja<\/a>, o semin\u00e1rio tem como objetivo discutir os principais desafios enfrentados pela cadeia produtiva da soja e o papel do Brasil como um dos principais players globais no setor. A programa\u00e7\u00e3o reunir\u00e1 cerca de 180 participantes, entre pesquisadores, t\u00e9cnicos, representantes do setor produtivo, ind\u00fastrias, cooperativas, agentes governamentais e especialistas em com\u00e9rcio exterior.<\/p>\n<h2 class=\"wp-block-heading\" id=\"h-programacao\">Programa\u00e7\u00e3o<\/h2>\n<p>Na ter\u00e7a-feira, 19 de agosto, a abertura ser\u00e1 marcada por uma confer\u00eancia sobre o perfil e o mapeamento da sojicultura no Brasil nos \u00faltimos 50 anos, com foco na evolu\u00e7\u00e3o da produtividade, nos obst\u00e1culos j\u00e1 superados e nos desafios futuros. Em seguida, o painel sobre a evolu\u00e7\u00e3o da sojicultura brasileira trar\u00e1 diferentes perspectivas sobre os desafios e as realidades regionais enfrentadas pelos produtores.<\/p>\n<\/div>\n<div>\n<p>J\u00e1 na quarta-feira, 20 de agosto, o foco estar\u00e1 nos mercados internacionais. O painel sobre o mercado chin\u00eas vai tratar dos desafios t\u00e9cnicos, regulat\u00f3rios e comerciais que o Brasil enfrenta para manter sua posi\u00e7\u00e3o de destaque nas exporta\u00e7\u00f5es para a China. Ser\u00e3o abordadas as barreiras fitossanit\u00e1rias, com \u00eanfase na necessidade de vigil\u00e2ncia, controle e rastreabilidade, al\u00e9m dos crit\u00e9rios de qualidade exigidos pelos compradores chineses, desde a colheita at\u00e9 o embarque. Haver\u00e1 ainda um debate sobre os aspectos legais e normativos relacionados \u00e0 exporta\u00e7\u00e3o de soja geneticamente modificada (OGM) para o mercado chin\u00eas.<\/p>\n<p>O \u00faltimo painel do evento ser\u00e1 dedicado \u00e0 geopol\u00edtica da soja, explorando as estrat\u00e9gias, depend\u00eancias e disputas pelo protagonismo global. Especialistas apresentar\u00e3o a vis\u00e3o da China, destacando sua centralidade no com\u00e9rcio global e os crescentes mecanismos de controle e demanda. Em seguida, ser\u00e1 apresentada a vis\u00e3o da Uni\u00e3o Europeia, com foco no papel da soja brasileira diante das exig\u00eancias ambientais do bloco.<\/p>\n<h2 class=\"wp-block-heading\" id=\"h-parceria\">Parceria<\/h2>\n<p>O semin\u00e1rio \u00e9 realizado em parceria com a Associa\u00e7\u00e3o Brasileira das Ind\u00fastrias de \u00d3leos Vegetais (Abiove), Associa\u00e7\u00e3o das Empresas Cerealistas do Brasil (Acebra), Associa\u00e7\u00e3o Nacional dos Exportadores de Cereais (Anec), Aprosoja MS, Aprosoja PR, Associa\u00e7\u00e3o das Supervisoras e Controladoras do Brasil (Ascb), Confedera\u00e7\u00e3o Nacional da Agricultura (CNA), Organiza\u00e7\u00e3o das Cooperativas Brasileiras (OCB) e o Sindicato Nacional da Ind\u00fastria de Alimenta\u00e7\u00e3o Animal (Sindira\u00e7\u00f5es).<\/p>\n<\/p><\/div>\n<p><br \/>\n<br \/><a href=\"https:\/\/www.canalrural.com.br\/agricultura\/projeto-soja-brasil\/seminario-debatera-o-papel-do-brasil-no-mercado-mundial-de-soja\/\">Source link <\/a><\/p>\n","protected":false},"excerpt":{"rendered":"<p>Est\u00e3o abertas as inscri\u00e7\u00f5es gratuitas para o VII Semin\u00e1rio Desafios da Lideran\u00e7a Brasileira no Mercado Mundial de Soja, que ser\u00e1<\/p>\n","protected":false},"author":1,"featured_media":16103,"comment_status":"open","ping_status":"open","sticky":false,"template":"","format":"standard","meta":{"_monsterinsights_skip_tracking":false,"_monsterinsights_sitenote_active":false,"_monsterinsights_sitenote_note":"","_monsterinsights_sitenote_category":0,"_uf_show_specific_survey":0,"_uf_disable_surveys":false,"footnotes":""},"categories":[1],"tags":[],"class_list":["post-16102","post","type-post","status-publish","format-standard","has-post-thumbnail","hentry","category-news"],"_links":{"self":[{"href":"https:\/\/agromt.news\/index.php?rest_route=\/wp\/v2\/posts\/16102"}],"collection":[{"href":"https:\/\/agromt.news\/index.php?rest_route=\/wp\/v2\/posts"}],"about":[{"href":"https:\/\/agromt.news\/index.php?rest_route=\/wp\/v2\/types\/post"}],"author":[{"embeddable":true,"href":"https:\/\/agromt.news\/index.php?rest_route=\/wp\/v2\/users\/1"}],"replies":[{"embeddable":true,"href":"https:\/\/agromt.news\/index.php?rest_route=%2Fwp%2Fv2%2Fcomments&post=16102"}],"version-history":[{"count":0,"href":"https:\/\/agromt.news\/index.php?rest_route=\/wp\/v2\/posts\/16102\/revisions"}],"wp:featuredmedia":[{"embeddable":true,"href":"https:\/\/agromt.news\/index.php?rest_route=\/wp\/v2\/media\/16103"}],"wp:attachment":[{"href":"https:\/\/agromt.news\/index.php?rest_route=%2Fwp%2Fv2%2Fmedia&parent=16102"}],"wp:term":[{"taxonomy":"category","embeddable":true,"href":"https:\/\/agromt.news\/index.php?rest_route=%2Fwp%2Fv2%2Fcategories&post=16102"},{"taxonomy":"post_tag","embeddable":true,"href":"https:\/\/agromt.news\/index.php?rest_route=%2Fwp%2Fv2%2Ftags&post=16102"}],"curies":[{"name":"wp","href":"https:\/\/api.w.org\/{rel}","templated":true}]}}