{"id":16098,"date":"2025-07-03T09:52:06","date_gmt":"2025-07-03T13:52:06","guid":{"rendered":"https:\/\/agromt.news\/?p=16098"},"modified":"2025-07-03T09:52:06","modified_gmt":"2025-07-03T13:52:06","slug":"suinos-cotacoes-apresentam-movimentos-distintos","status":"publish","type":"post","link":"https:\/\/agromt.news\/?p=16098","title":{"rendered":"Su\u00ednos: cota\u00e7\u00f5es apresentam movimentos distintos"},"content":{"rendered":"<p> <br \/>\n<br \/><img decoding=\"async\" src=\"https:\/\/agromt.news\/wp-content\/uploads\/2025\/07\/Suinos-cotacoes-apresentam-movimentos-distintos.jpeg\" \/><\/p>\n<div>\n<p>Os pre\u00e7os m\u00e9dios do su\u00edno vivo subiram em parte das regi\u00f5es acompanhadas pelo <a href=\"https:\/\/www.canalrural.com.br\/tag\/cepea\/\">Centro de Estudos Avan\u00e7ados em Economia Aplicada (Cepea)<\/a>, em junho, mas ca\u00edram em outras.\u00a0<\/p>\n<p>De acordo com o instituto, em algumas regi\u00f5es, os pre\u00e7os avan\u00e7aram nas primeiras semanas do m\u00eas em decorr\u00eancia da oferta mais ajustada. Somado a isso, o clima frio, que aumenta a demanda por carne su\u00edna, tamb\u00e9m contribuiu para a alta.<\/p>\n<p>J\u00e1 em outras pra\u00e7as, a oferta levemente acima da demanda, sobretudo na segunda metade do \u00faltimo m\u00eas, pressionou as cota\u00e7\u00f5es m\u00e9dias, de acordo com o Cepea.<\/p>\n<\/div>\n<div>\n<p>Levantamentos do Centro de Pesquisas mostram que, em S\u00e3o Jos\u00e9 do Rio Preto (SP), por exemplo, o animal posto na ind\u00fastria se valorizou 1,7% de maio para junho. Dessa forma o valor m\u00e9dio das negocia\u00e7\u00f5es nesta pra\u00e7a foi de R$ 8,65 o kg.\u00a0<\/p>\n<p>Na regi\u00e3o SP-5 (Bragan\u00e7a Paulista, Campinas, Piracicaba, S\u00e3o Paulo e Sorocaba), o vivo se manteve em R$ 8,55\/kg, est\u00e1vel em igual comparativo. J\u00e1 em Bra\u00e7o do Norte (SC), houve queda de 2,6% de maio para junho, a R$ 7,92\/kg.<\/p>\n<p><em>*Sob supervis\u00e3o de Luis Roberto Toledo<\/em><\/p>\n<\/p><\/div>\n<p><br \/>\n<br \/><a href=\"https:\/\/www.canalrural.com.br\/aves-e-suinos\/suinos-cotacoes-apresentam-movimentos-distintos\/\">Source link <\/a><\/p>\n","protected":false},"excerpt":{"rendered":"<p>Os pre\u00e7os m\u00e9dios do su\u00edno vivo subiram em parte das regi\u00f5es acompanhadas pelo Centro de Estudos Avan\u00e7ados em Economia Aplicada<\/p>\n","protected":false},"author":1,"featured_media":16099,"comment_status":"open","ping_status":"open","sticky":false,"template":"","format":"standard","meta":{"_monsterinsights_skip_tracking":false,"_monsterinsights_sitenote_active":false,"_monsterinsights_sitenote_note":"","_monsterinsights_sitenote_category":0,"_uf_show_specific_survey":0,"_uf_disable_surveys":false,"footnotes":""},"categories":[1],"tags":[],"class_list":["post-16098","post","type-post","status-publish","format-standard","has-post-thumbnail","hentry","category-news"],"_links":{"self":[{"href":"https:\/\/agromt.news\/index.php?rest_route=\/wp\/v2\/posts\/16098"}],"collection":[{"href":"https:\/\/agromt.news\/index.php?rest_route=\/wp\/v2\/posts"}],"about":[{"href":"https:\/\/agromt.news\/index.php?rest_route=\/wp\/v2\/types\/post"}],"author":[{"embeddable":true,"href":"https:\/\/agromt.news\/index.php?rest_route=\/wp\/v2\/users\/1"}],"replies":[{"embeddable":true,"href":"https:\/\/agromt.news\/index.php?rest_route=%2Fwp%2Fv2%2Fcomments&post=16098"}],"version-history":[{"count":0,"href":"https:\/\/agromt.news\/index.php?rest_route=\/wp\/v2\/posts\/16098\/revisions"}],"wp:featuredmedia":[{"embeddable":true,"href":"https:\/\/agromt.news\/index.php?rest_route=\/wp\/v2\/media\/16099"}],"wp:attachment":[{"href":"https:\/\/agromt.news\/index.php?rest_route=%2Fwp%2Fv2%2Fmedia&parent=16098"}],"wp:term":[{"taxonomy":"category","embeddable":true,"href":"https:\/\/agromt.news\/index.php?rest_route=%2Fwp%2Fv2%2Fcategories&post=16098"},{"taxonomy":"post_tag","embeddable":true,"href":"https:\/\/agromt.news\/index.php?rest_route=%2Fwp%2Fv2%2Ftags&post=16098"}],"curies":[{"name":"wp","href":"https:\/\/api.w.org\/{rel}","templated":true}]}}