{"id":16088,"date":"2025-07-03T07:08:29","date_gmt":"2025-07-03T11:08:29","guid":{"rendered":"https:\/\/agromt.news\/?p=16088"},"modified":"2025-07-03T07:08:29","modified_gmt":"2025-07-03T11:08:29","slug":"geadas-afetam-regioes-produtoras-e-pressionam-mercado-do-cafe","status":"publish","type":"post","link":"https:\/\/agromt.news\/?p=16088","title":{"rendered":"Geadas afetam regi\u00f5es produtoras e pressionam mercado do caf\u00e9"},"content":{"rendered":"<p> <br \/>\n<\/p>\n<div>\n<p style=\"text-align:justify\">Os pre\u00e7os do caf\u00e9 registraram forte retra\u00e7\u00e3o ao longo de junho, tanto para o ar\u00e1bica quanto para o robusta. A desvaloriza\u00e7\u00e3o acentuada nas principais regi\u00f5es produtoras brasileiras tem preocupado o setor, especialmente diante das recentes condi\u00e7\u00f5es clim\u00e1ticas adversas que amea\u00e7am a pr\u00f3xima safra.&#13;\n<\/p>\n<p style=\"text-align:justify\">Segundo dados do Cepea (Centro de Estudos Avan\u00e7ados em Economia Aplicada), o Indicador CEPEA\/ESALQ do caf\u00e9 ar\u00e1bica tipo 6, bebida dura para melhor, posto na capital paulista, teve m\u00e9dia mensal de R$ 2.126,10 por saca de 60 kg \u2014 queda real de 14,4% em rela\u00e7\u00e3o a maio e o menor valor registrado desde novembro de 2024. Desde o dia 18, a cota\u00e7\u00e3o se mant\u00e9m abaixo dos R$ 2.000, encerrando junho a R$ 1.834,36, com recuo acumulado de 21,5%.<\/p>\n<p style=\"text-align:justify\">No caso do robusta tipo 6, peneira 13 acima, a retirar no Esp\u00edrito Santo, a m\u00e9dia mensal foi de R$ 1.256,71\/saca, com retra\u00e7\u00e3o de 18,4% sobre o m\u00eas anterior. No fechamento de junho, o pre\u00e7o do robusta chegou a R$ 1.105,07, marcando uma expressiva queda de 20,75% no acumulado do m\u00eas. Essa combina\u00e7\u00e3o de pre\u00e7os mais baixos e incertezas clim\u00e1ticas acende o alerta para produtores e agentes de mercado.&#13;\n<\/p>\n<p style=\"text-align:justify\">Al\u00e9m da press\u00e3o sobre os pre\u00e7os, o clima tamb\u00e9m gerou preocupa\u00e7\u00e3o. A semana passada foi marcada por frio intenso e registro de geadas em importantes regi\u00f5es produtoras. O Norte do Paran\u00e1 foi a \u00e1rea mais afetada, com relatos de danos significativos \u00e0s lavouras. Os impactos ainda est\u00e3o sendo avaliados, mas h\u00e1 produtores apontando perdas expressivas para a safra de 2026\/27.<\/p>\n<p style=\"text-align:justify\">\u00a0As lavouras que est\u00e3o em colheita atualmente \u2014 da safra 2025\/26 \u2014 n\u00e3o apresentaram danos relevantes, mas o risco clim\u00e1tico segue no radar. O cen\u00e1rio refor\u00e7a a volatilidade do setor cafeeiro, que depende diretamente das condi\u00e7\u00f5es clim\u00e1ticas para garantir produtividade e qualidade.&#13;\n<\/p>\n<\/p><\/div>\n<p><script data-cfasync=\"false\">\n    !function (f, b, e, v, n, t, s) {\n        if (f.fbq) return; n = f.fbq = function () {\n            n.callMethod ?\n                n.callMethod.apply(n, arguments) : n.queue.push(arguments)\n        };\n        if (!f._fbq) f._fbq = n; n.push = n; n.loaded = !0; n.version = '2.0';\n        n.queue = []; t = b.createElement(e); t.async = !0;\n        t.src = v; s = b.getElementsByTagName(e)[0];\n        s.parentNode.insertBefore(t, s)\n    }(window, document, 'script',\n        'https:\/\/connect.facebook.net\/en_US\/fbevents.js');\n    fbq('init', '522546078623747');\n    fbq('track', 'PageView');\n<\/script><br \/>\n<br \/><br \/>\n<br \/><a href=\"https:\/\/www.agrolink.com.br\/noticias\/geadas-afetam-regioes-produtoras-e-pressionam-mercado-do-cafe_503513.html\">Source link <\/a><\/p>\n","protected":false},"excerpt":{"rendered":"<p>Os pre\u00e7os do caf\u00e9 registraram forte retra\u00e7\u00e3o ao longo de junho, tanto para o ar\u00e1bica quanto para o robusta. A<\/p>\n","protected":false},"author":1,"featured_media":7720,"comment_status":"open","ping_status":"open","sticky":false,"template":"","format":"standard","meta":{"_monsterinsights_skip_tracking":false,"_monsterinsights_sitenote_active":false,"_monsterinsights_sitenote_note":"","_monsterinsights_sitenote_category":0,"_uf_show_specific_survey":0,"_uf_disable_surveys":false,"footnotes":""},"categories":[8,1,14],"tags":[],"class_list":["post-16088","post","type-post","status-publish","format-standard","has-post-thumbnail","hentry","category-agro","category-news","category-politica-agro"],"_links":{"self":[{"href":"https:\/\/agromt.news\/index.php?rest_route=\/wp\/v2\/posts\/16088"}],"collection":[{"href":"https:\/\/agromt.news\/index.php?rest_route=\/wp\/v2\/posts"}],"about":[{"href":"https:\/\/agromt.news\/index.php?rest_route=\/wp\/v2\/types\/post"}],"author":[{"embeddable":true,"href":"https:\/\/agromt.news\/index.php?rest_route=\/wp\/v2\/users\/1"}],"replies":[{"embeddable":true,"href":"https:\/\/agromt.news\/index.php?rest_route=%2Fwp%2Fv2%2Fcomments&post=16088"}],"version-history":[{"count":0,"href":"https:\/\/agromt.news\/index.php?rest_route=\/wp\/v2\/posts\/16088\/revisions"}],"wp:featuredmedia":[{"embeddable":true,"href":"https:\/\/agromt.news\/index.php?rest_route=\/wp\/v2\/media\/7720"}],"wp:attachment":[{"href":"https:\/\/agromt.news\/index.php?rest_route=%2Fwp%2Fv2%2Fmedia&parent=16088"}],"wp:term":[{"taxonomy":"category","embeddable":true,"href":"https:\/\/agromt.news\/index.php?rest_route=%2Fwp%2Fv2%2Fcategories&post=16088"},{"taxonomy":"post_tag","embeddable":true,"href":"https:\/\/agromt.news\/index.php?rest_route=%2Fwp%2Fv2%2Ftags&post=16088"}],"curies":[{"name":"wp","href":"https:\/\/api.w.org\/{rel}","templated":true}]}}